{"id":11077,"date":"2025-02-18T08:11:14","date_gmt":"2025-02-18T08:11:14","guid":{"rendered":"https:\/\/www.automakers.cz\/?p=11077"},"modified":"2025-02-18T08:12:32","modified_gmt":"2025-02-18T08:12:32","slug":"uciliste-skody-je-fakultni-skolou-tu-liberec","status":"publish","type":"post","link":"https:\/\/www.automakers.cz\/?p=11077","title":{"rendered":"U\u010dili\u0161t\u011b \u0160kody Fakultn\u00ed \u0161kolou TU Liberec"},"content":{"rendered":"<p><strong>St\u0159edn\u00ed odborn\u00e9 u\u010dili\u0161t\u011b stroj\u00edrensk\u00e9 \u0160koda Auto se st\u00e1v\u00e1 Fakultn\u00ed \u0161kolou Fakulty mechatroniky, informatiky a mezioborov\u00fdch studi\u00ed Technick\u00e9 univerzity v Liberci. Jedn\u00e1 se o ojedin\u011bl\u00fd p\u0159\u00edklad prov\u00e1z\u00e1n\u00ed odborn\u00e9ho st\u0159edo\u0161kolsk\u00e9ho studia a univerzitn\u00edho vzd\u011bl\u00e1v\u00e1n\u00ed v \u010cesk\u00e9 republice.<\/strong><!--more--><\/p>\n<p>Vysok\u00e1 \u0161kola prop\u016fj\u010dila tento titul na p\u011bt let jako d\u016fkaz t\u011bsn\u00e9 kooperace a ocen\u011bn\u00ed vysok\u00e9 \u00farovn\u011b vzd\u011bl\u00e1v\u00e1n\u00ed na odborn\u00e9m u\u010dili\u0161ti, kde se \u017e\u00e1ci p\u0159ipravuj\u00ed na tradi\u010dn\u00ed i nov\u00e9 specializovan\u00e9 technick\u00e9 obory s vyu\u017eit\u00edm pokro\u010dil\u00fdch metod a poznatk\u016f z praxe.<\/p>\n<p>Peter Podprock\u00fd, vedouc\u00ed \u0160koda Academy, \u0159\u00edk\u00e1: \u201ePos\u00edlen\u00ed spolupr\u00e1ce mezi firemn\u00edm odborn\u00fdm u\u010dili\u0161t\u011bm a Technickou univerzitou v Liberci otev\u00edr\u00e1 nov\u00e9 mo\u017enosti pro ob\u011b instituce a talentovan\u00e9 mlad\u00e9 lidi v cel\u00e9 \u010cesk\u00e9 republice.<\/p>\n<p>Ud\u011blen\u00ed titulu Fakultn\u00ed \u0161kola je ocen\u011bn\u00edm vysok\u00e9 \u00farovn\u011b vzd\u011bl\u00e1v\u00e1n\u00ed na na\u0161\u00ed st\u0159edn\u00ed \u0161kole i kompetenc\u00ed pedagog\u016f a p\u0159edn\u00e1\u0161ej\u00edc\u00edch expert\u016f p\u016fsob\u00edc\u00edch v automobilce \u0160koda Auto. \u00dasp\u011b\u0161n\u00ed studenti, kte\u0159\u00ed spln\u00ed po\u017eadavky a absolvuj\u00ed technick\u00e9 obory s maturitou, mohou d\u00edky tomu zah\u00e1jit studium na univerzit\u011b bez p\u0159ij\u00edmac\u00edch zkou\u0161ek. Nov\u00e1 spolupr\u00e1ce usnadn\u00ed student\u016fm p\u0159\u00edstup ke \u0161pi\u010dkov\u00e9mu vzd\u011bl\u00e1n\u00ed a zajist\u00ed lep\u0161\u00ed uplatn\u011bn\u00ed v praxi.\u201c<\/p>\n<p><strong>Odborn\u00e9 u\u010dili\u0161t\u011b a univerzita \u2013 v \u010cesk\u00e9 republice unik\u00e1tn\u00ed spolupr\u00e1ce <\/strong><br \/>\n\u0160koda Auto a Technick\u00e1 univerzita v Liberci (TUL) t\u011bsn\u011b spolupracuj\u00ed \u0159adu let v oblasti vzd\u011bl\u00e1v\u00e1n\u00ed, za\u0159azen\u00ed u\u010dili\u0161t\u011b mezi fakultn\u00ed \u0161koly je ov\u0161em zcela ojedin\u011bl\u00e9 a p\u0159inese mnoh\u00e9 p\u0159\u00edle\u017eitosti ob\u011bma stran\u00e1m, a\u0165 u\u017e z hlediska v\u00fduky, u\u010debn\u00edch pom\u016fcek a postup\u016f, spole\u010dn\u00e9 realizace v\u00fdzkumn\u00fdch a grantov\u00fdch projekt\u016f nebo sd\u00edlen\u00ed prostor.<\/p>\n<p>Ud\u011blen\u00ed titulu Fakultn\u00ed \u0161kola Fakulty mechatroniky, informatiky a mezioborov\u00fdch studi\u00ed Technick\u00e9 univerzity v Liberci nav\u00edc zaji\u0161\u0165uje student\u016fm u\u010dili\u0161t\u011b mo\u017enost p\u0159ednostn\u00ed \u00fa\u010dasti na kurzech a dal\u0161\u00edch vzd\u011bl\u00e1vac\u00edch aktivit\u00e1ch vysok\u00e9 \u0161koly. Nej\u00fasp\u011b\u0161n\u011bj\u0161\u00edm student\u016fm, kte\u0159\u00ed spln\u00ed pot\u0159ebn\u00e1 krit\u00e9ria, bude umo\u017en\u011bno studium na univerzit\u011b bez p\u0159ij\u00edmac\u00edch zkou\u0161ek.<\/p>\n<p><strong>SOU stroj\u00edrensk\u00e9 \u0160koda Auto: jedno z nejmodern\u011bj\u0161\u00edch u\u010dili\u0161\u0165 v \u010cR <\/strong><br \/>\nSt\u0159edn\u00ed odborn\u00e9 u\u010dili\u0161t\u011b stroj\u00edrensk\u00e9 \u0160koda Auto poskytuje nejvy\u0161\u0161\u00ed \u00farove\u0148 v\u00fduky s vyu\u017eit\u00edm inovativn\u00edch v\u00fdukov\u00fdch technologi\u00ed a pom\u016fcek, a to d\u00edky \u0161irok\u00e9 podpo\u0159e spole\u010dnosti \u0160koda Auto i odborov\u00e9 organizace Odbory KOVO MB. Odborn\u00e9 vzd\u011bl\u00e1v\u00e1n\u00ed se orientuje na budouc\u00ed technologie ve stroj\u00edrensk\u00fdch a elektrotechnick\u00fdch oborech. Studenti maj\u00ed mo\u017enost volby z 16 obor\u016f rozd\u011blen\u00fdch na maturitn\u00ed a s v\u00fdu\u010dn\u00edm listem, nechyb\u00ed n\u00e1stavbov\u00e9 programy \u010di d\u00e1lkov\u00e9 studium. Na budouc\u00ed uplatn\u011bn\u00ed se v sou\u010dasnosti p\u0159ipravuje t\u00e9m\u011b\u0159 800 mlad\u00fdch lid\u00ed, z toho v\u00edce ne\u017e sto d\u00edvek.<\/p>\n<p>Tradice u\u010dili\u0161t\u011b sah\u00e1 a\u017e do roku 1927. Mezi lety 2014 a 2024 automobilka investovala v r\u00e1mci Memoranda o podpo\u0159e odborn\u00e9ho vzd\u011bl\u00e1v\u00e1n\u00ed \u017e\u00e1k\u016f do modernizace St\u0159edn\u00edho odborn\u00e9ho u\u010dili\u0161t\u011b na podporu v\u00fduky \u017e\u00e1k\u016f a kompetenc\u00ed person\u00e1lu v\u00edce ne\u017e 400 milion\u016f korun. Firemn\u00ed \u0161kola je sou\u010d\u00e1st\u00ed intern\u00ed vzd\u011bl\u00e1vac\u00ed instituce \u0160koda Academy, kter\u00e1 od roku 2013 systematicky vytv\u00e1\u0159\u00ed podm\u00ednky pro modern\u00ed metody vzd\u011bl\u00e1v\u00e1n\u00ed student\u016f i zam\u011bstnanc\u016f a ud\u00e1v\u00e1 v tomto sm\u011bru trendy v \u010cesk\u00e9 republice.<\/p>\n<p><strong>Podpora vzd\u011bl\u00e1v\u00e1n\u00ed jako sou\u010d\u00e1st spole\u010densk\u00e9 odpov\u011bdnosti <\/strong><br \/>\n\u0160koda Auto si stanovila rozvoj vzd\u011bl\u00e1v\u00e1n\u00ed jako pevnou sou\u010d\u00e1st strategie soci\u00e1ln\u00ed udr\u017eitelnosti. Automobilka vedle u\u010dili\u0161t\u011b provozuje vlastn\u00ed Vysokou \u0161kolu \u0160koda Auto, kter\u00e1 si letos p\u0159ipom\u00edn\u00e1 25 let existence, a dlouhodob\u011b podporuje technick\u00e9 vzd\u011bl\u00e1v\u00e1n\u00ed spoluprac\u00ed s des\u00edtkami lok\u00e1ln\u00edch i zahrani\u010dn\u00edch univerzit, ale tak\u00e9 st\u0159edn\u00edch i z\u00e1kladn\u00edch \u0161kol. Student\u016fm poskytuje odborn\u00e9 placen\u00e9 st\u00e1\u017ee, \u00fa\u010dastn\u00ed se veletrh\u016f a pod\u00edl\u00ed se na studentsk\u00fdch \u010di vzd\u011bl\u00e1vac\u00edch projektech.<\/p>\n<p>Jedn\u00edm z inovativn\u00edch p\u0159\u00edklad\u016f \u0161\u00ed\u0159en\u00ed pov\u011bdom\u00ed o modern\u00edch technologi\u00edch je tak\u00e9 mobiln\u00ed laborato\u0159 \u0160koda EDU.Lab, kter\u00e1 p\u0159ibli\u017euje inovace \u017e\u00e1k\u016fm, student\u016fm i \u0161irok\u00e9 ve\u0159ejnosti po cel\u00e9 \u010cesk\u00e9 republice.<\/p>\n<p><strong>Zdroj: Tom\u00e1\u0161 Kotera<\/strong><\/p>\n","protected":false},"excerpt":{"rendered":"<p>St\u0159edn\u00ed odborn\u00e9 u\u010dili\u0161t\u011b stroj\u00edrensk\u00e9 \u0160koda Auto se st\u00e1v\u00e1 Fakultn\u00ed \u0161kolou Fakulty mechatroniky, informatiky a mezioborov\u00fdch&#8230;<\/p>\n","protected":false},"author":1,"featured_media":11079,"comment_status":"closed","ping_status":"closed","sticky":false,"template":"","format":"standard","meta":{"footnotes":""},"categories":[31,46],"tags":[],"class_list":["post-11077","post","type-post","status-publish","format-standard","has-post-thumbnail","hentry","category-news","category-vzdelani"],"_links":{"self":[{"href":"https:\/\/www.automakers.cz\/index.php?rest_route=\/wp\/v2\/posts\/11077","targetHints":{"allow":["GET"]}}],"collection":[{"href":"https:\/\/www.automakers.cz\/index.php?rest_route=\/wp\/v2\/posts"}],"about":[{"href":"https:\/\/www.automakers.cz\/index.php?rest_route=\/wp\/v2\/types\/post"}],"author":[{"embeddable":true,"href":"https:\/\/www.automakers.cz\/index.php?rest_route=\/wp\/v2\/users\/1"}],"replies":[{"embeddable":true,"href":"https:\/\/www.automakers.cz\/index.php?rest_route=%2Fwp%2Fv2%2Fcomments&post=11077"}],"version-history":[{"count":4,"href":"https:\/\/www.automakers.cz\/index.php?rest_route=\/wp\/v2\/posts\/11077\/revisions"}],"predecessor-version":[{"id":11083,"href":"https:\/\/www.automakers.cz\/index.php?rest_route=\/wp\/v2\/posts\/11077\/revisions\/11083"}],"wp:featuredmedia":[{"embeddable":true,"href":"https:\/\/www.automakers.cz\/index.php?rest_route=\/wp\/v2\/media\/11079"}],"wp:attachment":[{"href":"https:\/\/www.automakers.cz\/index.php?rest_route=%2Fwp%2Fv2%2Fmedia&parent=11077"}],"wp:term":[{"taxonomy":"category","embeddable":true,"href":"https:\/\/www.automakers.cz\/index.php?rest_route=%2Fwp%2Fv2%2Fcategories&post=11077"},{"taxonomy":"post_tag","embeddable":true,"href":"https:\/\/www.automakers.cz\/index.php?rest_route=%2Fwp%2Fv2%2Ftags&post=11077"}],"curies":[{"name":"wp","href":"https:\/\/api.w.org\/{rel}","templated":true}]}}