{"id":11090,"date":"2025-02-19T08:22:49","date_gmt":"2025-02-19T08:22:49","guid":{"rendered":"https:\/\/www.automakers.cz\/?p=11090"},"modified":"2025-02-19T08:22:49","modified_gmt":"2025-02-19T08:22:49","slug":"toyota-ma-palivove-clanky-3-generace","status":"publish","type":"post","link":"https:\/\/www.automakers.cz\/?p=11090","title":{"rendered":"Toyota m\u00e1 palivov\u00e9 \u010dl\u00e1nky 3. generace"},"content":{"rendered":"<p><strong>Toyota Motor Corporation vyvinula nov\u00fd syst\u00e9m palivov\u00fdch \u010dl\u00e1nk\u016f t\u0159et\u00ed generace. Je navr\u017een pro komer\u010dn\u00ed sektor a m\u00e1 podle automobilky stejnou \u017eivotnost jako b\u011b\u017en\u00e9 vzn\u011btov\u00e9 motory. Vyzna\u010duje se zlep\u0161en\u00edm v\u00fdkonu, v\u010detn\u011b \u00faspory paliva a sn\u00ed\u017een\u00ed n\u00e1klad\u016f ve srovn\u00e1n\u00ed s p\u0159edchoz\u00ed verz\u00ed.<\/strong><!--more--><\/p>\n<p>Krom\u011b osobn\u00edch vozidel bude tento vod\u00edkov\u00fd syst\u00e9m t\u0159et\u00ed generace roz\u0161\u00ed\u0159en pro pou\u017eit\u00ed v t\u011b\u017ek\u00fdch u\u017eitkov\u00fdch vozidlech a jeho uveden\u00ed na trhy p\u0159edev\u0161\u00edm v Japonsku, Evrop\u011b, Severn\u00ed Americe a \u010c\u00edn\u011b se pl\u00e1nuje nejd\u0159\u00edve po roce 2026. P\u0159edstaven bude poprv\u00e9 19. \u00fanora na veletrhu H2 &amp; FC EXPO (International Hydrogen &amp; Fuel Cell Expo) v japonsk\u00e9m Tokiu.<\/p>\n<p>Mezi hlavn\u00ed rysy syst\u00e9mu t\u0159et\u00ed generace pat\u0159\u00ed zlep\u0161en\u00ed \u017eivotnosti, kter\u00e1 je a\u017e dvakr\u00e1t vy\u0161\u0161\u00ed ne\u017e u p\u0159edchoz\u00ed generace a je srovnateln\u00e1 se vzn\u011btov\u00fdmi motory.<\/p>\n<p>Nov\u00fd syst\u00e9m dosahuje o 20 procent v\u011bt\u0161\u00ed dojezd a p\u0159in\u00e1\u0161\u00ed v\u00fdrazn\u00e9 sn\u00ed\u017een\u00ed n\u00e1klad\u016f d\u00edky inovac\u00edm v konstrukci \u010dl\u00e1nk\u016f a v\u00fdrobn\u00edch proces\u016f.<\/p>\n<p><strong>Vy\u0161\u0161\u00ed \u00fa\u010dinnost paliva a v\u011bt\u0161\u00ed dojezd<\/strong><\/p>\n<p>Jde ho instalovat do \u0159ady u\u017eitkov\u00fdch vozidel, osobn\u00edch automobil\u016f a univerz\u00e1ln\u00edch aplikac\u00ed, jako jsou stacion\u00e1rn\u00ed gener\u00e1tory, \u017eeleznice a lod\u011b. V p\u0159\u00edpad\u011b osobn\u00edch vozidel zaji\u0161\u0165uje vy\u0161\u0161\u00ed \u00fa\u010dinnost paliva a v\u011bt\u0161\u00ed dojezd. U t\u011b\u017ek\u00fdch u\u017eitkov\u00fdch vozidel nab\u00edz\u00ed nov\u00fd syst\u00e9m \u00farove\u0148 \u017eivotnosti srovnatelnou se vzn\u011btov\u00fdmi motory a vysok\u00fd v\u00fdkon. D\u00edky kompaktn\u011bj\u0161\u00ed konstrukci syst\u00e9mu jej lze nav\u00edc snadn\u011bji integrovat do r\u016fzn\u00fdch u\u017eitkov\u00fdch vozidel.<\/p>\n<p>Toyota pova\u017euje vod\u00edk za d\u016fle\u017eit\u00e9 palivo v \u00fasil\u00ed o uhl\u00edkovou neutralitu a aktivn\u011b spolupracuje s partnery z r\u016fzn\u00fdch pr\u016fmyslov\u00fdch odv\u011btv\u00ed. Toyota v souvislosti se sv\u00fdmi v\u00fdzkumn\u00fdmi a v\u00fdvojov\u00fdmi aktivitami podporuje r\u016fzn\u00e9 iniciativy pro vytv\u00e1\u0159en\u00ed, p\u0159epravu, skladov\u00e1n\u00ed a vyu\u017e\u00edv\u00e1n\u00ed vod\u00edku.<\/p>\n<p><img loading=\"lazy\" decoding=\"async\" class=\"alignnone size-medium wp-image-11091\" src=\"http:\/\/www.automakers.cz\/wp-content\/uploads\/2025\/02\/20230307_TOYOTA_MIRAI_PRAGUE_CZ_LR_small-900x675.jpg\" alt=\"\" width=\"900\" height=\"675\" srcset=\"https:\/\/www.automakers.cz\/wp-content\/uploads\/2025\/02\/20230307_TOYOTA_MIRAI_PRAGUE_CZ_LR_small-900x675.jpg 900w, https:\/\/www.automakers.cz\/wp-content\/uploads\/2025\/02\/20230307_TOYOTA_MIRAI_PRAGUE_CZ_LR_small-1024x768.jpg 1024w, https:\/\/www.automakers.cz\/wp-content\/uploads\/2025\/02\/20230307_TOYOTA_MIRAI_PRAGUE_CZ_LR_small-768x576.jpg 768w, https:\/\/www.automakers.cz\/wp-content\/uploads\/2025\/02\/20230307_TOYOTA_MIRAI_PRAGUE_CZ_LR_small.jpg 1400w\" sizes=\"auto, (max-width: 900px) 100vw, 900px\" \/><\/p>\n<p>V roce 2014 uvedla Toyota na trh elektromobil Mirai s palivov\u00fdmi \u010dl\u00e1nky (FCEV) a od t\u00e9 doby prodala p\u0159ibli\u017en\u011b 28 000 kus\u016f ve v\u00edce ne\u017e 30 zem\u00edch a teritori\u00edch. Od roku 2019 nav\u00edc Toyota za\u010dala dod\u00e1vat syst\u00e9my FC pro pou\u017eit\u00ed v dal\u0161\u00edch aplikac\u00edch, jako jsou autobusy, \u017eeleznice a stacion\u00e1rn\u00ed gener\u00e1tory energie, a dodala v\u00edce ne\u017e 2 700 jednotek v\u00edce ne\u017e 100 z\u00e1kazn\u00edk\u016fm po cel\u00e9m sv\u011bt\u011b.<\/p>\n<p><strong>Pomohla zp\u011btn\u00e1 vazba od z\u00e1kazn\u00edk\u016f a z test\u016f<\/strong><\/p>\n<p>V Japonsku Toyota spolupracuje s mnoha partnery, zejm\u00e9na v prefektur\u00e1ch Tokio a Fuku\u0161ima, na zav\u00e1d\u011bn\u00ed t\u011bchto syst\u00e9m\u016f v komer\u010dn\u00edm sektoru a pom\u00e1h\u00e1 vytv\u00e1\u0159et vod\u00edkovou spole\u010dnost. Nov\u00fd syst\u00e9m t\u0159et\u00ed generace byl vyvinut na z\u00e1klad\u011b zp\u011btn\u00e9 vazby od z\u00e1kazn\u00edk\u016f a poznatk\u016f z ov\u011b\u0159ovac\u00edch a demonstra\u010dn\u00edch test\u016f v pr\u016fb\u011bhu n\u011bkolika posledn\u00edch let.<\/p>\n<p>Vysp\u011bl\u00e1 technologie palivov\u00fdch \u010dl\u00e1nk\u016f Toyota je ji\u017e integrov\u00e1na do osobn\u00edch automobil\u016f, autobus\u016f, n\u00e1kladn\u00edch automobil\u016f, vlak\u016f, lodn\u00edch a stacion\u00e1rn\u00edch aplikac\u00ed pro \u0159adu firemn\u00edch z\u00e1kazn\u00edk\u016f a dal\u0161\u00edch v\u00fdrobc\u016f OEM.<\/p>\n<p>S c\u00edlem uspokojit rostouc\u00ed popt\u00e1vku v regionu zah\u00e1jila spole\u010dnost TME v lednu 2022 v Evrop\u011b v\u00fdrobu kompaktn\u00edch modul\u016f palivov\u00fdch \u010dl\u00e1nk\u016f 2. generace. Pokud jde o infrastrukturu, dlouhodobou viz\u00ed spole\u010dnosti Toyota je zav\u00e9st standard 700bar pro elektrick\u00e1 vozidla a v\u00fdrobky s palivov\u00fdmi \u010dl\u00e1nky.<\/p>\n<p><img loading=\"lazy\" decoding=\"async\" class=\"alignnone size-full wp-image-11092\" src=\"http:\/\/www.automakers.cz\/wp-content\/uploads\/2025\/02\/Vodikovy-autobus-pri-testech-v-Moste.jpg\" alt=\"\" width=\"805\" height=\"578\" srcset=\"https:\/\/www.automakers.cz\/wp-content\/uploads\/2025\/02\/Vodikovy-autobus-pri-testech-v-Moste.jpg 805w, https:\/\/www.automakers.cz\/wp-content\/uploads\/2025\/02\/Vodikovy-autobus-pri-testech-v-Moste-768x551.jpg 768w\" sizes=\"auto, (max-width: 805px) 100vw, 805px\" \/><\/p>\n","protected":false},"excerpt":{"rendered":"<p>Toyota Motor Corporation vyvinula nov\u00fd syst\u00e9m palivov\u00fdch \u010dl\u00e1nk\u016f t\u0159et\u00ed generace. Je navr\u017een pro komer\u010dn\u00ed sektor&#8230;<\/p>\n","protected":false},"author":2,"featured_media":11093,"comment_status":"closed","ping_status":"closed","sticky":false,"template":"","format":"standard","meta":{"footnotes":""},"categories":[40,39,95],"tags":[],"class_list":["post-11090","post","type-post","status-publish","format-standard","has-post-thumbnail","hentry","category-technologie","category-vodik","category-vyzkum"],"_links":{"self":[{"href":"https:\/\/www.automakers.cz\/index.php?rest_route=\/wp\/v2\/posts\/11090","targetHints":{"allow":["GET"]}}],"collection":[{"href":"https:\/\/www.automakers.cz\/index.php?rest_route=\/wp\/v2\/posts"}],"about":[{"href":"https:\/\/www.automakers.cz\/index.php?rest_route=\/wp\/v2\/types\/post"}],"author":[{"embeddable":true,"href":"https:\/\/www.automakers.cz\/index.php?rest_route=\/wp\/v2\/users\/2"}],"replies":[{"embeddable":true,"href":"https:\/\/www.automakers.cz\/index.php?rest_route=%2Fwp%2Fv2%2Fcomments&post=11090"}],"version-history":[{"count":2,"href":"https:\/\/www.automakers.cz\/index.php?rest_route=\/wp\/v2\/posts\/11090\/revisions"}],"predecessor-version":[{"id":11095,"href":"https:\/\/www.automakers.cz\/index.php?rest_route=\/wp\/v2\/posts\/11090\/revisions\/11095"}],"wp:featuredmedia":[{"embeddable":true,"href":"https:\/\/www.automakers.cz\/index.php?rest_route=\/wp\/v2\/media\/11093"}],"wp:attachment":[{"href":"https:\/\/www.automakers.cz\/index.php?rest_route=%2Fwp%2Fv2%2Fmedia&parent=11090"}],"wp:term":[{"taxonomy":"category","embeddable":true,"href":"https:\/\/www.automakers.cz\/index.php?rest_route=%2Fwp%2Fv2%2Fcategories&post=11090"},{"taxonomy":"post_tag","embeddable":true,"href":"https:\/\/www.automakers.cz\/index.php?rest_route=%2Fwp%2Fv2%2Ftags&post=11090"}],"curies":[{"name":"wp","href":"https:\/\/api.w.org\/{rel}","templated":true}]}}