{"id":11096,"date":"2025-02-19T08:54:44","date_gmt":"2025-02-19T08:54:44","guid":{"rendered":"https:\/\/www.automakers.cz\/?p=11096"},"modified":"2025-02-19T08:54:44","modified_gmt":"2025-02-19T08:54:44","slug":"trump-ohlasil-25-cla-na-automobily","status":"publish","type":"post","link":"https:\/\/www.automakers.cz\/?p=11096","title":{"rendered":"Trump ohl\u00e1sil 25% cla na automobily"},"content":{"rendered":"<p><strong>Americk\u00fd prezident Donald Trump 18. \u00fanora \u0159ekl, \u017ee cla na automobily se budou pohybovat kolem 25 procent a \u017ee se o toto t\u00e9ma pod\u011bl\u00ed 2. dubna.<\/strong><span id=\"more-2347\"><\/span><!--more--><\/p>\n<div class=\"e_a4 speakable\" data-dot=\"mol-paragraph\">\n<p class=\"c_a4\"><span class=\"c_eG\">\u201eBude to okolo 25\u00a0procent,\u201c \u0159ekl Trump report\u00e9r\u016fm ve sv\u00e9 floridsk\u00e9 rezidence Mar-a-Lago.<\/span><\/p>\n<\/div>\n<div class=\"e_a4 speakable\" data-dot=\"mol-paragraph\">\n<p class=\"c_a4\"><span class=\"c_eG\">Trump od 20.\u00a0ledna, kdy nastoupil do \u00fa\u0159adu, ozn\u00e1mil r\u016fzn\u00e1 cla, kter\u00e1 by ohrozila jak rivaly, tak spojence USA. Agentura AFP poznamen\u00e1v\u00e1, \u017ee k\u00a0pl\u00e1novan\u00fdm cl\u016fm na automobily mnoho podrobnost\u00ed nezve\u0159ejnil. Podobn\u00e9 je to s\u00a0poplatky za dovoz polovodi\u010d\u016f a\u00a0farmaceutick\u00fdch v\u00fdrobk\u016f. Odborn\u00edci upozor\u0148uj\u00ed, \u017ee t\u00edm, na koho by cla z\u0159ejm\u011b nejv\u00edce dopadla, by byli ameri\u010dt\u00ed spot\u0159ebitel\u00e9.<\/span><\/p>\n<\/div>\n<div class=\"e_a4 speakable\" data-dot=\"mol-paragraph\">\n<p class=\"c_a4\"><span class=\"c_eG\">Okolo 50\u00a0procent aut prod\u00e1van\u00fdch ve Spojen\u00fdch st\u00e1tech se vyr\u00e1b\u00ed p\u0159\u00edmo v\u00a0USA. Mezi vozidly z\u00a0dovozu asi polovina poch\u00e1z\u00ed z\u00a0Mexika a\u00a0Kanady, ostatn\u00ed z\u00a0dal\u0161\u00edch p\u0159edn\u00edch zem\u00ed vyr\u00e1b\u011bj\u00edc\u00edch automobily. Jde o\u00a0Japonsko, N\u011bmecko nebo Koreu.<\/span><\/p>\n<p><strong>Zdroj: Automotive News Europe<\/strong><\/p>\n<\/div>\n","protected":false},"excerpt":{"rendered":"<p>Americk\u00fd prezident Donald Trump 18. \u00fanora \u0159ekl, \u017ee cla na automobily se budou pohybovat kolem&#8230;<\/p>\n","protected":false},"author":1,"featured_media":11097,"comment_status":"closed","ping_status":"closed","sticky":false,"template":"","format":"standard","meta":{"footnotes":""},"categories":[44,31],"tags":[],"class_list":["post-11096","post","type-post","status-publish","format-standard","has-post-thumbnail","hentry","category-export","category-news"],"_links":{"self":[{"href":"https:\/\/www.automakers.cz\/index.php?rest_route=\/wp\/v2\/posts\/11096","targetHints":{"allow":["GET"]}}],"collection":[{"href":"https:\/\/www.automakers.cz\/index.php?rest_route=\/wp\/v2\/posts"}],"about":[{"href":"https:\/\/www.automakers.cz\/index.php?rest_route=\/wp\/v2\/types\/post"}],"author":[{"embeddable":true,"href":"https:\/\/www.automakers.cz\/index.php?rest_route=\/wp\/v2\/users\/1"}],"replies":[{"embeddable":true,"href":"https:\/\/www.automakers.cz\/index.php?rest_route=%2Fwp%2Fv2%2Fcomments&post=11096"}],"version-history":[{"count":2,"href":"https:\/\/www.automakers.cz\/index.php?rest_route=\/wp\/v2\/posts\/11096\/revisions"}],"predecessor-version":[{"id":11099,"href":"https:\/\/www.automakers.cz\/index.php?rest_route=\/wp\/v2\/posts\/11096\/revisions\/11099"}],"wp:featuredmedia":[{"embeddable":true,"href":"https:\/\/www.automakers.cz\/index.php?rest_route=\/wp\/v2\/media\/11097"}],"wp:attachment":[{"href":"https:\/\/www.automakers.cz\/index.php?rest_route=%2Fwp%2Fv2%2Fmedia&parent=11096"}],"wp:term":[{"taxonomy":"category","embeddable":true,"href":"https:\/\/www.automakers.cz\/index.php?rest_route=%2Fwp%2Fv2%2Fcategories&post=11096"},{"taxonomy":"post_tag","embeddable":true,"href":"https:\/\/www.automakers.cz\/index.php?rest_route=%2Fwp%2Fv2%2Ftags&post=11096"}],"curies":[{"name":"wp","href":"https:\/\/api.w.org\/{rel}","templated":true}]}}