{"id":11130,"date":"2025-02-20T10:05:28","date_gmt":"2025-02-20T10:05:28","guid":{"rendered":"https:\/\/www.automakers.cz\/?p=11130"},"modified":"2025-02-24T10:01:25","modified_gmt":"2025-02-24T10:01:25","slug":"zikmund-chce-letos-prodat-800-subaru","status":"publish","type":"post","link":"https:\/\/www.automakers.cz\/?p=11130","title":{"rendered":"Zikmund chce letos prodat 800 Subaru"},"content":{"rendered":"<p class=\"v1MsoNormal\"><strong>\u0160\u00e9f Subaru \u010cR Zden\u011bk Zikmund svolal 20. \u00fanora novin\u00e1\u0159e do Adventure Landu v B\u011bl\u00e9 pod Bezd\u011bzem, aby pohovo\u0159il o leto\u0161n\u00edch pl\u00e1nech a p\u0159edvedl \u0161estou generaci Forestera. Hodnotil tak\u00e9 lo\u0148sk\u00e9 v\u00fdkony zna\u010dky.<\/strong><span id=\"more-1648\"><\/span><!--more--><\/p>\n<p>Subaru glob\u00e1ln\u011b vyr\u00e1b\u00ed zhruba milion aut ro\u010dn\u011b (loni p\u0159es 900 tis\u00edc), ale v\u011bt\u0161ina produkce skon\u010d\u00ed v Asii a USA. Do Evropy loni zam\u00ed\u0159ilo jen 23 000 kus\u016f, z \u010deho\u017e si \u010desk\u00fd import napl\u00e1noval urvat pro tuzemsk\u00fdch 17 dealer\u016f celkem 780 aut.<\/p>\n<p>Nakonec se v \u010cR prodalo celkem 817 kus\u016f Subaru (oproti 967 vozidl\u016fm v roce 2023, kdy ne\u010dekan\u011b vyztu\u017eil \u010d\u00edsla sportovn\u00ed model BRZ).<\/p>\n<p>&#8222;Pro leto\u0161ek m\u00e1me p\u0159isl\u00edbeno 800 aut. U\u017e to bude bez Brze, v minul\u00fdch dvou letech jsme jich prodali 330, je\u0161t\u011b jich 29 stoj\u00ed u dealer\u016f,&#8220; \u0159ekl Zikmund.<\/p>\n<p><strong>\u0160est\u00e1 generace Foresteru<\/strong><\/p>\n<p>Novinkou roku je \u0161est\u00e1 generace Foresteru, kter\u00fdch se v p\u0159edchoz\u00edch p\u011bti generac\u00edch prodalo 370 000 v Evrop\u011b, z toho v \u010cR 7130.<\/p>\n<p>&#8222;Je to obl\u00edben\u00e9 SUV pro \u0161irok\u00e9 pou\u017eit\u00ed na asfaltu i v ter\u00e9nu, kter\u00e9 je tradi\u010dn\u011b bestsellerem zna\u010dky. V\u016fz m\u00e1 permanentn\u00ed pohon v\u0161ech \u010dty\u0159 kol, kter\u00fd Subaru nab\u00edz\u00ed u\u017e 50 let. M\u00e1 re\u017eimy sn\u00edh a bl\u00e1to, pod kapotou se skr\u00fdv\u00e1 ploch\u00fd optimalizovan\u00fd motor s n\u00edzk\u00fdm t\u011b\u017ei\u0161t\u011bm typu boxer. Forester je nabit\u00fd technologiemi, r\u00e1d bych upozornil na origin\u00e1ln\u00ed kamerov\u00fd syst\u00e9m EyeSight nebo mo\u017enost automatick\u00e9ho br\u017ed\u011bn\u00ed,&#8220; uvedl \u0161\u00e9f importu s t\u00edm, \u017ee cena letos startuje na 985 000 korun\u00e1ch v ak\u010dn\u00ed zav\u00e1d\u011bc\u00ed cen\u011b.<\/p>\n<p><img loading=\"lazy\" decoding=\"async\" class=\"alignnone size-medium wp-image-11134\" src=\"http:\/\/www.automakers.cz\/wp-content\/uploads\/2025\/02\/Subaru-Zikmund-Bela-2025-900x506.jpg\" alt=\"\" width=\"900\" height=\"506\" srcset=\"https:\/\/www.automakers.cz\/wp-content\/uploads\/2025\/02\/Subaru-Zikmund-Bela-2025-900x506.jpg 900w, https:\/\/www.automakers.cz\/wp-content\/uploads\/2025\/02\/Subaru-Zikmund-Bela-2025-1024x576.jpg 1024w, https:\/\/www.automakers.cz\/wp-content\/uploads\/2025\/02\/Subaru-Zikmund-Bela-2025-768x432.jpg 768w, https:\/\/www.automakers.cz\/wp-content\/uploads\/2025\/02\/Subaru-Zikmund-Bela-2025-1536x864.jpg 1536w, https:\/\/www.automakers.cz\/wp-content\/uploads\/2025\/02\/Subaru-Zikmund-Bela-2025-1280x720.jpg 1280w, https:\/\/www.automakers.cz\/wp-content\/uploads\/2025\/02\/Subaru-Zikmund-Bela-2025.jpg 2040w\" sizes=\"auto, (max-width: 900px) 100vw, 900px\" \/>V B\u011bl\u00e9 se p\u0159edvedlo celkem \u0161est nov\u00fdch Forester\u016f, novin\u00e1\u0159i testovali v ter\u00e9nu i na silni\u010dn\u00edm okruhu. Z j\u00edzd p\u0159ineseme report\u00e1\u017e v dal\u0161\u00edch dnech.<\/p>\n<p><strong>Erich Handl, B\u011bl\u00e1 p. Bezd\u011bzem<\/strong><\/p>\n","protected":false},"excerpt":{"rendered":"<p>\u0160\u00e9f Subaru \u010cR Zden\u011bk Zikmund svolal 20. \u00fanora novin\u00e1\u0159e do Adventure Landu v B\u011bl\u00e9 pod&#8230;<\/p>\n","protected":false},"author":1,"featured_media":11133,"comment_status":"closed","ping_status":"closed","sticky":false,"template":"","format":"standard","meta":{"footnotes":""},"categories":[37,12,28,20],"tags":[],"class_list":["post-11130","post","type-post","status-publish","format-standard","has-post-thumbnail","hentry","category-ceny-novinek","category-premiery","category-testy","category-tiskovky"],"_links":{"self":[{"href":"https:\/\/www.automakers.cz\/index.php?rest_route=\/wp\/v2\/posts\/11130","targetHints":{"allow":["GET"]}}],"collection":[{"href":"https:\/\/www.automakers.cz\/index.php?rest_route=\/wp\/v2\/posts"}],"about":[{"href":"https:\/\/www.automakers.cz\/index.php?rest_route=\/wp\/v2\/types\/post"}],"author":[{"embeddable":true,"href":"https:\/\/www.automakers.cz\/index.php?rest_route=\/wp\/v2\/users\/1"}],"replies":[{"embeddable":true,"href":"https:\/\/www.automakers.cz\/index.php?rest_route=%2Fwp%2Fv2%2Fcomments&post=11130"}],"version-history":[{"count":8,"href":"https:\/\/www.automakers.cz\/index.php?rest_route=\/wp\/v2\/posts\/11130\/revisions"}],"predecessor-version":[{"id":11183,"href":"https:\/\/www.automakers.cz\/index.php?rest_route=\/wp\/v2\/posts\/11130\/revisions\/11183"}],"wp:featuredmedia":[{"embeddable":true,"href":"https:\/\/www.automakers.cz\/index.php?rest_route=\/wp\/v2\/media\/11133"}],"wp:attachment":[{"href":"https:\/\/www.automakers.cz\/index.php?rest_route=%2Fwp%2Fv2%2Fmedia&parent=11130"}],"wp:term":[{"taxonomy":"category","embeddable":true,"href":"https:\/\/www.automakers.cz\/index.php?rest_route=%2Fwp%2Fv2%2Fcategories&post=11130"},{"taxonomy":"post_tag","embeddable":true,"href":"https:\/\/www.automakers.cz\/index.php?rest_route=%2Fwp%2Fv2%2Ftags&post=11130"}],"curies":[{"name":"wp","href":"https:\/\/api.w.org\/{rel}","templated":true}]}}