{"id":11209,"date":"2025-02-24T12:28:56","date_gmt":"2025-02-24T12:28:56","guid":{"rendered":"https:\/\/www.automakers.cz\/?p=11209"},"modified":"2025-02-24T14:45:40","modified_gmt":"2025-02-24T14:45:40","slug":"novinari-testovali-forester-v-adventure-landu","status":"publish","type":"post","link":"https:\/\/www.automakers.cz\/?p=11209","title":{"rendered":"Novin\u00e1\u0159i testovali Forester v B\u011bl\u00e9 (Video)"},"content":{"rendered":"<p class=\"v1MsoNormal\"><strong>\u0160\u00e9f Subaru \u010cR Zden\u011bk Zikmund p\u0159edvedl 20. \u00fanora motonovin\u00e1\u0159\u016fm v Adventure Landu v B\u011bl\u00e9 pod Bezd\u011bzem nov\u00fd Forester. P\u0159in\u00e1\u0161\u00edme video z akce.<\/strong><!--more--><\/p>\n<p class=\"v1MsoNormal\"><strong>Zden\u011bk, kter\u00fd u zna\u010dky zast\u00e1v\u00e1 i pozici PR mana\u017eera, kr\u00e1tce pohovo\u0159il o leto\u0161n\u00edch pl\u00e1nech Subaru, n\u00e1sledovala technick\u00e1 prezentace k Foresteru a testovac\u00ed j\u00edzdy na silni\u010dn\u00edm okruhu i na ter\u00e9nn\u00edm polygonu.<br \/>\n<\/strong><\/p>\n<p><img loading=\"lazy\" decoding=\"async\" class=\"alignnone size-medium wp-image-11212\" src=\"http:\/\/www.automakers.cz\/wp-content\/uploads\/2025\/02\/Subaru-Forester-Bela-prapor-900x506.jpg\" alt=\"\" width=\"900\" height=\"506\" srcset=\"https:\/\/www.automakers.cz\/wp-content\/uploads\/2025\/02\/Subaru-Forester-Bela-prapor-900x506.jpg 900w, https:\/\/www.automakers.cz\/wp-content\/uploads\/2025\/02\/Subaru-Forester-Bela-prapor-1024x576.jpg 1024w, https:\/\/www.automakers.cz\/wp-content\/uploads\/2025\/02\/Subaru-Forester-Bela-prapor-768x432.jpg 768w, https:\/\/www.automakers.cz\/wp-content\/uploads\/2025\/02\/Subaru-Forester-Bela-prapor-1536x864.jpg 1536w, https:\/\/www.automakers.cz\/wp-content\/uploads\/2025\/02\/Subaru-Forester-Bela-prapor-1280x720.jpg 1280w, https:\/\/www.automakers.cz\/wp-content\/uploads\/2025\/02\/Subaru-Forester-Bela-prapor.jpg 2040w\" sizes=\"auto, (max-width: 900px) 100vw, 900px\" \/>Na \u010desk\u00fd trh nastupuje u\u017e \u0161est\u00e1 generace Foresteru, kter\u00fdch se v p\u0159edchoz\u00edch p\u011bti generac\u00edch prodalo 370 000 v Evrop\u011b, z toho v \u010cR 7130.<\/p>\n<p>\u201eJe to obl\u00edben\u00e9 SUV pro \u0161irok\u00e9 pou\u017eit\u00ed na asfaltu i v ter\u00e9nu, kter\u00e9 je tradi\u010dn\u011b bestsellerem zna\u010dky. V\u016fz m\u00e1 permanentn\u00ed pohon v\u0161ech \u010dty\u0159 kol, kter\u00fd Subaru nab\u00edz\u00ed u\u017e 50 let. M\u00e1 re\u017eimy sn\u00edh a bl\u00e1to, pod kapotou se skr\u00fdv\u00e1 ploch\u00fd optimalizovan\u00fd motor s n\u00edzk\u00fdm t\u011b\u017ei\u0161t\u011bm typu boxer. Forester je nabit\u00fd technologiemi, r\u00e1d bych upozornil na origin\u00e1ln\u00ed kamerov\u00fd syst\u00e9m EyeSight nebo mo\u017enost automatick\u00e9ho br\u017ed\u011bn\u00ed,\u201c uvedl \u0161\u00e9f importu.<\/p>\n<p><strong>Sou\u010d\u00e1st\u00ed akce byla p\u0159edv\u00e1d\u011b\u010dka um\u011bn\u00ed d\u0159evorubeck\u00e9ho t\u00fdmu Czech Lumberiack<\/strong><\/p>\n<p><img loading=\"lazy\" decoding=\"async\" class=\"alignnone size-medium wp-image-11218\" src=\"http:\/\/www.automakers.cz\/wp-content\/uploads\/2025\/02\/Subaru-drevorubci-900x506.jpg\" alt=\"\" width=\"900\" height=\"506\" srcset=\"https:\/\/www.automakers.cz\/wp-content\/uploads\/2025\/02\/Subaru-drevorubci-900x506.jpg 900w, https:\/\/www.automakers.cz\/wp-content\/uploads\/2025\/02\/Subaru-drevorubci-1024x576.jpg 1024w, https:\/\/www.automakers.cz\/wp-content\/uploads\/2025\/02\/Subaru-drevorubci-768x432.jpg 768w, https:\/\/www.automakers.cz\/wp-content\/uploads\/2025\/02\/Subaru-drevorubci-1536x864.jpg 1536w, https:\/\/www.automakers.cz\/wp-content\/uploads\/2025\/02\/Subaru-drevorubci-1280x720.jpg 1280w, https:\/\/www.automakers.cz\/wp-content\/uploads\/2025\/02\/Subaru-drevorubci.jpg 2040w\" sizes=\"auto, (max-width: 900px) 100vw, 900px\" \/><\/p>\n<p><strong>Erich Handl, B\u011bl\u00e1 pod Bezd\u011bzem, FOTO: autor; Video: Lud\u011bk Kortus<\/strong><\/p>\n<p><iframe loading=\"lazy\"  id=\"_ytid_89399\"  width=\"640\" height=\"360\"  data-origwidth=\"640\" data-origheight=\"360\" src=\"https:\/\/www.youtube.com\/embed\/dA-S7VZm7h4?enablejsapi=1&#038;autoplay=0&#038;cc_load_policy=0&#038;cc_lang_pref=&#038;iv_load_policy=1&#038;loop=0&#038;modestbranding=0&#038;rel=1&#038;fs=1&#038;playsinline=0&#038;autohide=2&#038;theme=dark&#038;color=red&#038;controls=1&#038;\" class=\"__youtube_prefs__  epyt-is-override  no-lazyload\" title=\"YouTube player\"  allow=\"accelerometer; autoplay; clipboard-write; encrypted-media; gyroscope; picture-in-picture\" allowfullscreen data-no-lazy=\"1\" data-skipgform_ajax_framebjll=\"\"><\/iframe><\/p>\n","protected":false},"excerpt":{"rendered":"<p>\u0160\u00e9f Subaru \u010cR Zden\u011bk Zikmund p\u0159edvedl 20. \u00fanora motonovin\u00e1\u0159\u016fm v Adventure Landu v B\u011bl\u00e9 pod&#8230;<\/p>\n","protected":false},"author":1,"featured_media":11170,"comment_status":"closed","ping_status":"closed","sticky":false,"template":"","format":"standard","meta":{"footnotes":""},"categories":[59,12,28,66],"tags":[],"class_list":["post-11209","post","type-post","status-publish","format-standard","has-post-thumbnail","hentry","category-automakers-tv","category-premiery","category-testy","category-video"],"_links":{"self":[{"href":"https:\/\/www.automakers.cz\/index.php?rest_route=\/wp\/v2\/posts\/11209","targetHints":{"allow":["GET"]}}],"collection":[{"href":"https:\/\/www.automakers.cz\/index.php?rest_route=\/wp\/v2\/posts"}],"about":[{"href":"https:\/\/www.automakers.cz\/index.php?rest_route=\/wp\/v2\/types\/post"}],"author":[{"embeddable":true,"href":"https:\/\/www.automakers.cz\/index.php?rest_route=\/wp\/v2\/users\/1"}],"replies":[{"embeddable":true,"href":"https:\/\/www.automakers.cz\/index.php?rest_route=%2Fwp%2Fv2%2Fcomments&post=11209"}],"version-history":[{"count":6,"href":"https:\/\/www.automakers.cz\/index.php?rest_route=\/wp\/v2\/posts\/11209\/revisions"}],"predecessor-version":[{"id":11220,"href":"https:\/\/www.automakers.cz\/index.php?rest_route=\/wp\/v2\/posts\/11209\/revisions\/11220"}],"wp:featuredmedia":[{"embeddable":true,"href":"https:\/\/www.automakers.cz\/index.php?rest_route=\/wp\/v2\/media\/11170"}],"wp:attachment":[{"href":"https:\/\/www.automakers.cz\/index.php?rest_route=%2Fwp%2Fv2%2Fmedia&parent=11209"}],"wp:term":[{"taxonomy":"category","embeddable":true,"href":"https:\/\/www.automakers.cz\/index.php?rest_route=%2Fwp%2Fv2%2Fcategories&post=11209"},{"taxonomy":"post_tag","embeddable":true,"href":"https:\/\/www.automakers.cz\/index.php?rest_route=%2Fwp%2Fv2%2Ftags&post=11209"}],"curies":[{"name":"wp","href":"https:\/\/api.w.org\/{rel}","templated":true}]}}