{"id":1122,"date":"2023-12-27T09:48:13","date_gmt":"2023-12-27T09:48:13","guid":{"rendered":"https:\/\/www.automakers.cz\/?p=1122"},"modified":"2023-12-28T06:29:17","modified_gmt":"2023-12-28T06:29:17","slug":"putin-znarodnil-nejvetsi-rusky-autobazar","status":"publish","type":"post","link":"https:\/\/www.automakers.cz\/?p=1122","title":{"rendered":"Putin zn\u00e1rodnil nejv\u011bt\u0161\u00ed rusk\u00fd autobazar"},"content":{"rendered":"<p class=\"c_dT g_fX speakable\" data-dot=\"ogm-article-perex\"><strong>Vladimir Putin dekretem na\u0159\u00eddil p\u0159ev\u00e9st nejv\u011bt\u0161\u00ed rusk\u00fd autobazar pod do\u010dasnou st\u00e1tn\u00ed spr\u00e1vu. Spole\u010dnost Rolf prod\u00e1v\u00e1 \u0161irokou \u0161k\u00e1lu automobil\u016f zahrani\u010dn\u00edch zna\u010dek.<\/strong> <!--more--><\/p>\n<p class=\"c_dT g_fX speakable\" data-dot=\"ogm-article-perex\">Jej\u00ed zakladatel Sergej Petrov \u017eije v\u00a0Rakousku, rusk\u00e9 \u00fa\u0159ady ho podez\u0159\u00edvaj\u00ed z\u00a0neleg\u00e1ln\u00edho vyv\u00e1d\u011bn\u00ed pen\u011bz do zahrani\u010d\u00ed, co\u017e pop\u00edr\u00e1. Podle agentury Reuters je to poprv\u00e9, co byl takto zabaven majetek velk\u00e9ho rusk\u00e9ho podnikatele.<\/p>\n<div class=\"g_fY\">\n<div class=\"ogm-main-media__container\" data-dot=\"ogm-main-media\" data-e2e=\"ogm-main-media\">\n<figure class=\"e_bz\" aria-label=\"Galerie Ilustra\u010dn\u00ed foto\" data-dot=\"mol-figure\" data-dot-data=\"{&quot;mediaItemType&quot;:&quot;foto&quot;}\">\n<div class=\"c_aQ e_bA\">\n<div class=\"c_aR\" tabindex=\"0\">\n<div class=\"c_e c_i c_m\"><\/div>\n<\/div>\n<\/div>\n<\/figure>\n<\/div>\n<\/div>\n<div class=\"ogm-container _6231b388c0086990921bf42b\">\n<div class=\"g_f6\" data-e2e=\"ogm-article-layout\">\n<article class=\"g_f8\" role=\"article\" aria-labelledby=\"accessibility-article\">\n<div class=\"g_f7\" data-dot=\"ogm-article-content\">\n<div class=\"e_dN e_dZ\">\n<div class=\"e_dT speakable\" data-dot=\"mol-paragraph\">\n<p class=\"c_dT\"><span class=\"c_eb\">Spole\u010dnost Rolf nyn\u00ed vlastn\u00ed kypersk\u00e1 firma, kterou Petrov zalo\u017eil. Byla jedn\u00edm z prvn\u00edch prodejc\u016f automobil\u016f, kte\u0159\u00ed vznikli po rozpadu Sov\u011btsk\u00e9ho svazu.<\/span><\/p>\n<\/div>\n<div class=\"e_dT speakable\" data-dot=\"mol-paragraph\">\n<p class=\"c_dT\"><span class=\"c_eb\">Petrov krok ozna\u010dil za dal\u0161\u00ed r\u00e1nu rusk\u00e9mu investi\u010dn\u00edmu prost\u0159ed\u00ed a\u00a0polo\u017eil ot\u00e1zku, zda by nap\u0159\u00edklad investo\u0159i z\u00a0Asie nyn\u00ed riskovali n\u00e1kup pod\u00edl\u016f v\u00a0rusk\u00fdch aktivech.<\/span><\/p>\n<\/div>\n<div class=\"e_dT speakable\" data-dot=\"mol-paragraph\">\n<p class=\"c_dT\"><span class=\"c_eb\">\u201eDo\u010dasn\u00e1 (spr\u00e1va) znamen\u00e1 trval\u00e1,\u201c \u0159ekl Petrov telefonicky agentu\u0159e Reuters. \u201eTo v\u0161echno jsme u\u017e v\u011bd\u011bli. Bank\u00e9\u0159i n\u00e1m u\u017e \u0159ekli &#8211; budete p\u0159evedeni pod extern\u00ed spr\u00e1vu. Je to mo\u017en\u00e1 v\u00a0z\u00e1jmu jedn\u00e9 ze struktur, kter\u00e1 se nyn\u00ed sna\u017e\u00ed (aktiva) skoupit,\u201c \u0159ekl Petrov a\u00a0nazna\u010dil, \u017ee tento mechanismus slou\u017e\u00ed jako z\u00e1st\u011brka pro p\u0159erozd\u011blen\u00ed aktiv.<\/span><\/p>\n<\/div>\n<div class=\"e_fm js-ad e_a7\">\n<div class=\"e_ew\"><\/div>\n<\/div>\n<div class=\"e_dT speakable\" data-dot=\"mol-paragraph\">\n<p class=\"c_dT\"><span class=\"c_eb\">\u201eM\u00e1 to zni\u010duj\u00edc\u00ed dopad na v\u0161echny. St\u00e1t je zpravidla neefektivn\u00ed, zejm\u00e9na v\u00a0takov\u00fdch v\u011bcech, jako je maloobchod,\u201c dodal.<\/span><\/p>\n<\/div>\n<div class=\"e_dT speakable\" data-dot=\"mol-paragraph\">\n<p class=\"c_dT\"><span class=\"c_eb\">Kreml krok zd\u016fvod\u0148uje obchodn\u00ed logikou. \u201eJe to spojeno v\u00fdhradn\u011b s\u00a0ekonomickou \u00fa\u010delnost\u00ed a\u00a0s dodr\u017eov\u00e1n\u00edm platn\u00e9 legislativy Rusk\u00e9 federace a\u00a0s ohledem na zn\u00e1mou mezin\u00e1rodn\u00ed ekonomickou situaci, kter\u00e1 je nyn\u00ed kolem n\u00e1s,\u201c uvedl mluv\u010d\u00ed Kremlu Dmitrij Peskov.<\/span><\/p>\n<\/div>\n<div class=\"e_dT speakable\" data-dot=\"mol-paragraph\">\n<p class=\"c_dT\"><span class=\"c_eb\">O zabaven\u00ed majetku informuje vyhl\u00e1\u0161ka zve\u0159ejn\u011bn\u00e1 na vl\u00e1dn\u00edch internetov\u00fdch str\u00e1nk\u00e1ch. P\u0159ich\u00e1z\u00ed pot\u00e9, co Moskva v\u00a0leto\u0161n\u00edm roce p\u0159evzala do\u010dasnou kontrolu nad n\u011bkolika aktivy vlastn\u011bn\u00fdmi z\u00e1padn\u00edmi spole\u010dnostmi v\u00a0reakci na zmrazen\u00ed rusk\u00fdch aktiv na Z\u00e1pad\u011b.<\/span><\/p>\n<p><strong>Posti\u017een\u00ed: Carlsberg, Danone i \u0160kodovka<\/strong><\/p>\n<\/div>\n<div class=\"e_dT speakable\" data-dot=\"mol-paragraph\">\n<p class=\"c_dT\"><span class=\"c_eb\">Mezi posti\u017een\u00e9 pat\u0159ily d\u00e1nsk\u00fd pivovar Carlsberg nebo francouzsk\u00fd ml\u00e9k\u00e1rensk\u00fd gigant Danone. \u0160koda Auto se vyhnula zn\u00e1rodn\u011bn\u00ed rychl\u00fdm odprodejem aktiv m\u00edstn\u00ed dealersk\u00e9 skupin\u011b.<br \/>\n<\/span><\/p>\n<p class=\"c_dT\"><span class=\"c_eb\">P\u0159evzet\u00ed kontroly nad spole\u010dnost\u00ed Rolf je ale prvn\u00edm p\u0159\u00edpadem, kdy byl takto zbaven majetku vysoce postaven\u00fd rusk\u00fd podnikatel, p\u00ed\u0161e Reuters. Petrov byl jedn\u00edm z\u00a0m\u00e1la rusk\u00fdch podnikatel\u016f, kte\u0159\u00ed v\u00a0roce 2014\u00a0podepsali dopis, kter\u00fd kritizoval po\u0161kozen\u00ed vztah\u016f mezi V\u00fdchodem a\u00a0Z\u00e1padem pot\u00e9, co Rusko anektovalo Krymsk\u00fd poloostrov.<\/span><\/p>\n<p><strong>Zdroj: novinky.cz, archiv<\/strong><\/p>\n<\/div>\n<\/div>\n<\/div>\n<\/article>\n<\/div>\n<\/div>\n","protected":false},"excerpt":{"rendered":"<p>Vladimir Putin dekretem na\u0159\u00eddil p\u0159ev\u00e9st nejv\u011bt\u0161\u00ed rusk\u00fd autobazar pod do\u010dasnou st\u00e1tn\u00ed spr\u00e1vu. Spole\u010dnost Rolf prod\u00e1v\u00e1&#8230;<\/p>\n","protected":false},"author":1,"featured_media":1124,"comment_status":"open","ping_status":"open","sticky":false,"template":"","format":"standard","meta":{"footnotes":""},"categories":[31],"tags":[],"class_list":["post-1122","post","type-post","status-publish","format-standard","has-post-thumbnail","hentry","category-news"],"_links":{"self":[{"href":"https:\/\/www.automakers.cz\/index.php?rest_route=\/wp\/v2\/posts\/1122","targetHints":{"allow":["GET"]}}],"collection":[{"href":"https:\/\/www.automakers.cz\/index.php?rest_route=\/wp\/v2\/posts"}],"about":[{"href":"https:\/\/www.automakers.cz\/index.php?rest_route=\/wp\/v2\/types\/post"}],"author":[{"embeddable":true,"href":"https:\/\/www.automakers.cz\/index.php?rest_route=\/wp\/v2\/users\/1"}],"replies":[{"embeddable":true,"href":"https:\/\/www.automakers.cz\/index.php?rest_route=%2Fwp%2Fv2%2Fcomments&post=1122"}],"version-history":[{"count":2,"href":"https:\/\/www.automakers.cz\/index.php?rest_route=\/wp\/v2\/posts\/1122\/revisions"}],"predecessor-version":[{"id":1126,"href":"https:\/\/www.automakers.cz\/index.php?rest_route=\/wp\/v2\/posts\/1122\/revisions\/1126"}],"wp:featuredmedia":[{"embeddable":true,"href":"https:\/\/www.automakers.cz\/index.php?rest_route=\/wp\/v2\/media\/1124"}],"wp:attachment":[{"href":"https:\/\/www.automakers.cz\/index.php?rest_route=%2Fwp%2Fv2%2Fmedia&parent=1122"}],"wp:term":[{"taxonomy":"category","embeddable":true,"href":"https:\/\/www.automakers.cz\/index.php?rest_route=%2Fwp%2Fv2%2Fcategories&post=1122"},{"taxonomy":"post_tag","embeddable":true,"href":"https:\/\/www.automakers.cz\/index.php?rest_route=%2Fwp%2Fv2%2Ftags&post=1122"}],"curies":[{"name":"wp","href":"https:\/\/api.w.org\/{rel}","templated":true}]}}