{"id":11228,"date":"2025-02-25T08:40:07","date_gmt":"2025-02-25T08:40:07","guid":{"rendered":"https:\/\/www.automakers.cz\/?p=11228"},"modified":"2025-02-25T10:33:49","modified_gmt":"2025-02-25T10:33:49","slug":"autobest-bude-mit-galavecer-ve-vidni","status":"publish","type":"post","link":"https:\/\/www.automakers.cz\/?p=11228","title":{"rendered":"AutoBest bude m\u00edt galave\u010der ve V\u00eddni"},"content":{"rendered":"<p><strong><b>Lo\u0148sk\u00e9 p\u0159ed\u00e1v\u00e1n\u00ed cen AutoBest Gala Awards se konalo v srdci Lucemburska v letovisku Leweck. Leto\u0161n\u00ed gala 24. ro\u010dn\u00edku ankety chystaj\u00ed jej\u00ed organiz\u00e1to\u0159i na 12. \u010dervna do V\u00eddn\u011b. <\/b><\/strong><span id=\"more-4438\"><\/span><!--more--><\/p>\n<p>Nejvy\u0161\u0161\u00ed evropsk\u00e9 ocen\u011bn\u00ed, Best Buy Car of Europe, bylo loni ud\u011bleno 100% elektrick\u00e9mu BYD Dolphin. Leto\u0161n\u00ed cena &#8222;Best Buy Car of Europe 2025&#8220; bude p\u0159ed\u00e1na t\u0159et\u00ed generaci Dacie Duster.<\/p>\n<p><img loading=\"lazy\" decoding=\"async\" class=\"alignnone size-medium wp-image-4440\" src=\"http:\/\/www.automakers.cz\/wp-content\/uploads\/2024\/06\/AutoBest-Gala-BYD-Dolphin-winner-900x600.jpg\" alt=\"\" width=\"900\" height=\"600\" srcset=\"https:\/\/www.automakers.cz\/wp-content\/uploads\/2024\/06\/AutoBest-Gala-BYD-Dolphin-winner-900x600.jpg 900w, https:\/\/www.automakers.cz\/wp-content\/uploads\/2024\/06\/AutoBest-Gala-BYD-Dolphin-winner-1024x682.jpg 1024w, https:\/\/www.automakers.cz\/wp-content\/uploads\/2024\/06\/AutoBest-Gala-BYD-Dolphin-winner-768x512.jpg 768w, https:\/\/www.automakers.cz\/wp-content\/uploads\/2024\/06\/AutoBest-Gala-BYD-Dolphin-winner-1536x1024.jpg 1536w, https:\/\/www.automakers.cz\/wp-content\/uploads\/2024\/06\/AutoBest-Gala-BYD-Dolphin-winner.jpg 2000w\" sizes=\"auto, (max-width: 900px) 100vw, 900px\" \/><strong>Ve V\u00eddni budou rovn\u011b\u017e slavnostn\u011b ud\u011bleny dal\u0161\u00ed ceny ankety &#8211; nap\u0159\u00edklad CompanyBest 2025, kterou z\u00edsk\u00e1 \u010d\u00ednsk\u00fd BYD<\/strong><strong> nebo EcoBest 2025 (Renault 5)<\/strong><\/p>\n<p><strong>Do s\u00edn\u011b sl\u00e1vy DesignBest vstoup\u00ed hlavn\u00ed design\u00e9r Geely Group Stefan Sielaff.<\/strong><\/p>\n<p><strong>Zdroj: Autotablet, Vlado Rybeck\u00fd<\/strong><\/p>\n<p><img loading=\"lazy\" decoding=\"async\" class=\"alignnone size-medium wp-image-11231\" src=\"http:\/\/www.automakers.cz\/wp-content\/uploads\/2025\/02\/Autobest-Awards-2025-675x900.jpg\" alt=\"\" width=\"675\" height=\"900\" srcset=\"https:\/\/www.automakers.cz\/wp-content\/uploads\/2025\/02\/Autobest-Awards-2025-675x900.jpg 675w, https:\/\/www.automakers.cz\/wp-content\/uploads\/2025\/02\/Autobest-Awards-2025.jpg 750w\" sizes=\"auto, (max-width: 675px) 100vw, 675px\" \/><\/p>\n<p>&nbsp;<\/p>\n","protected":false},"excerpt":{"rendered":"<p>Lo\u0148sk\u00e9 p\u0159ed\u00e1v\u00e1n\u00ed cen AutoBest Gala Awards se konalo v srdci Lucemburska v letovisku Leweck. Leto\u0161n\u00ed&#8230;<\/p>\n","protected":false},"author":1,"featured_media":8148,"comment_status":"closed","ping_status":"closed","sticky":false,"template":"","format":"standard","meta":{"footnotes":""},"categories":[32,13,26],"tags":[],"class_list":["post-11228","post","type-post","status-publish","format-standard","has-post-thumbnail","hentry","category-ankety","category-design","category-eventy"],"_links":{"self":[{"href":"https:\/\/www.automakers.cz\/index.php?rest_route=\/wp\/v2\/posts\/11228","targetHints":{"allow":["GET"]}}],"collection":[{"href":"https:\/\/www.automakers.cz\/index.php?rest_route=\/wp\/v2\/posts"}],"about":[{"href":"https:\/\/www.automakers.cz\/index.php?rest_route=\/wp\/v2\/types\/post"}],"author":[{"embeddable":true,"href":"https:\/\/www.automakers.cz\/index.php?rest_route=\/wp\/v2\/users\/1"}],"replies":[{"embeddable":true,"href":"https:\/\/www.automakers.cz\/index.php?rest_route=%2Fwp%2Fv2%2Fcomments&post=11228"}],"version-history":[{"count":2,"href":"https:\/\/www.automakers.cz\/index.php?rest_route=\/wp\/v2\/posts\/11228\/revisions"}],"predecessor-version":[{"id":11232,"href":"https:\/\/www.automakers.cz\/index.php?rest_route=\/wp\/v2\/posts\/11228\/revisions\/11232"}],"wp:featuredmedia":[{"embeddable":true,"href":"https:\/\/www.automakers.cz\/index.php?rest_route=\/wp\/v2\/media\/8148"}],"wp:attachment":[{"href":"https:\/\/www.automakers.cz\/index.php?rest_route=%2Fwp%2Fv2%2Fmedia&parent=11228"}],"wp:term":[{"taxonomy":"category","embeddable":true,"href":"https:\/\/www.automakers.cz\/index.php?rest_route=%2Fwp%2Fv2%2Fcategories&post=11228"},{"taxonomy":"post_tag","embeddable":true,"href":"https:\/\/www.automakers.cz\/index.php?rest_route=%2Fwp%2Fv2%2Ftags&post=11228"}],"curies":[{"name":"wp","href":"https:\/\/api.w.org\/{rel}","templated":true}]}}