{"id":11234,"date":"2025-02-25T13:20:17","date_gmt":"2025-02-25T13:20:17","guid":{"rendered":"https:\/\/www.automakers.cz\/?p=11234"},"modified":"2025-02-25T14:19:28","modified_gmt":"2025-02-25T14:19:28","slug":"jezdkyne-duckaru-hodnotily-dakar-v-braniku","status":"publish","type":"post","link":"https:\/\/www.automakers.cz\/?p=11234","title":{"rendered":"Duckar bilancoval Dakar v Br\u00e1nick\u00e9m pivovaru"},"content":{"rendered":"<p><strong>Br\u00e1nick\u00fd pivovar hostil 25. \u00fanora tiskovou konferenci d\u00edv\u010d\u00edho t\u00fdmu Duckar ve slo\u017een\u00ed Barbora Holick\u00e1 a Lucie Engov\u00e1. Letos si pos\u00e1dka zopakovala slavn\u00fd Dakar v kategorii Classic, v Br\u00e1n\u00edku hodnotila s novin\u00e1\u0159i jeho pr\u016fb\u011bh.<\/strong><!--more--><\/p>\n<p>D\u011bv\u010data letos op\u011bt osedlala popul\u00e1rn\u00ed kachnu, tedy Citro\u00ebn 2CV.\u00a0 Loni se jednalo o prvn\u00ed kachnu, kter\u00e1 kdy spat\u0159ila c\u00edl. Letos se stroj pos\u00edlen\u00fd o druh\u00fd motor op\u011bt objevil v c\u00edlov\u00e9 rovince.<\/p>\n<p class=\"xmprfx_MsoNormal\">&#8222;Dobrodru\u017estv\u00edm na Dakarsk\u00e9 rallye n\u00e1s op\u011bt nadchlo, u\u017e nejsme hoky, kter\u00e9 se na z\u00e1vod jezd\u00ed jen tak vyfotit. U\u017e podruh\u00e9 jsme my i n\u00e1\u0161 v\u016fz pro\u0161li zat\u011b\u017ek\u00e1vac\u00ed zkou\u0161kou a \u00fa\u010dast na akci n\u00e1m d\u00e1v\u00e1 st\u00e1le smysl,&#8220; \u0159ekla B\u00e1ra Holick\u00e1 moder\u00e1torovi Petru Hor\u00e1kovi s t\u00edm, \u017ee auto m\u011blo n\u011bkolikr\u00e1t nam\u00e1le.<\/p>\n<p class=\"xmprfx_MsoNormal\">Kachna je\u0161t\u011b ani nedojela na start z\u00e1vodu a u\u017e se porouchal zadn\u00ed lanovod spojky. Probl\u00e9m s bowdenem ale briskn\u011b vy\u0159e\u0161il technik t\u00fdmu Tom\u00e1\u0161 Nedruda, pomohli i mechanici od Lopraise.<\/p>\n<p>&#8222;Druh\u00fd probl\u00e9m byla zadn\u00ed osa, kter\u00e1 se ohnula. Auto dosko\u010dilo tak, \u017ee p\u00e9ra byla nadoraz. I to jsme dok\u00e1zali vy\u0159e\u0161it, t\u0159i etapy jsme to ladili, do c\u00edle jsme nakonec dojeli na jeden ze dvou na\u0161ich motor\u016f,&#8220; vzpomn\u011bl na probl\u00e9my t\u00fdmov\u00fd mechanik.<\/p>\n<p><img loading=\"lazy\" decoding=\"async\" class=\"alignnone size-medium wp-image-11239\" src=\"http:\/\/www.automakers.cz\/wp-content\/uploads\/2025\/02\/Duckar-TK-Branik-novinari-900x506.jpg\" alt=\"\" width=\"900\" height=\"506\" srcset=\"https:\/\/www.automakers.cz\/wp-content\/uploads\/2025\/02\/Duckar-TK-Branik-novinari-900x506.jpg 900w, https:\/\/www.automakers.cz\/wp-content\/uploads\/2025\/02\/Duckar-TK-Branik-novinari-1024x576.jpg 1024w, https:\/\/www.automakers.cz\/wp-content\/uploads\/2025\/02\/Duckar-TK-Branik-novinari-768x432.jpg 768w, https:\/\/www.automakers.cz\/wp-content\/uploads\/2025\/02\/Duckar-TK-Branik-novinari-1536x864.jpg 1536w, https:\/\/www.automakers.cz\/wp-content\/uploads\/2025\/02\/Duckar-TK-Branik-novinari-1280x720.jpg 1280w, https:\/\/www.automakers.cz\/wp-content\/uploads\/2025\/02\/Duckar-TK-Branik-novinari.jpg 2040w\" sizes=\"auto, (max-width: 900px) 100vw, 900px\" \/><strong>Zdroj: TK Duckar, Erich Handl, Br\u00e1n\u00edk (Foto: autor)<\/strong><\/p>\n<p><strong>\u0160\u00e9fka marketingu C Automobil Importu Lenka Martinov\u00e1 p\u0159idala k z\u00e1vodn\u00edmu Duckaru i sponzorsk\u00fd v\u016fz zna\u010dky Citro\u00ebn<\/strong><\/p>\n<p><img loading=\"lazy\" decoding=\"async\" class=\"alignnone size-medium wp-image-11247\" src=\"http:\/\/www.automakers.cz\/wp-content\/uploads\/2025\/02\/Citroen-Martinova-Duckar-Branik-900x506.jpg\" alt=\"\" width=\"900\" height=\"506\" srcset=\"https:\/\/www.automakers.cz\/wp-content\/uploads\/2025\/02\/Citroen-Martinova-Duckar-Branik-900x506.jpg 900w, https:\/\/www.automakers.cz\/wp-content\/uploads\/2025\/02\/Citroen-Martinova-Duckar-Branik-1024x576.jpg 1024w, https:\/\/www.automakers.cz\/wp-content\/uploads\/2025\/02\/Citroen-Martinova-Duckar-Branik-768x432.jpg 768w, https:\/\/www.automakers.cz\/wp-content\/uploads\/2025\/02\/Citroen-Martinova-Duckar-Branik-1536x864.jpg 1536w, https:\/\/www.automakers.cz\/wp-content\/uploads\/2025\/02\/Citroen-Martinova-Duckar-Branik-1280x720.jpg 1280w, https:\/\/www.automakers.cz\/wp-content\/uploads\/2025\/02\/Citroen-Martinova-Duckar-Branik.jpg 2040w\" sizes=\"auto, (max-width: 900px) 100vw, 900px\" \/><\/p>\n<p class=\"xmprfx_MsoNormal\">\n","protected":false},"excerpt":{"rendered":"<p>Br\u00e1nick\u00fd pivovar hostil 25. \u00fanora tiskovou konferenci d\u00edv\u010d\u00edho t\u00fdmu Duckar ve slo\u017een\u00ed Barbora Holick\u00e1 a&#8230;<\/p>\n","protected":false},"author":1,"featured_media":11238,"comment_status":"closed","ping_status":"closed","sticky":false,"template":"","format":"standard","meta":{"footnotes":""},"categories":[19,20,34],"tags":[],"class_list":["post-11234","post","type-post","status-publish","format-standard","has-post-thumbnail","hentry","category-motorsport","category-tiskovky","category-veterani"],"_links":{"self":[{"href":"https:\/\/www.automakers.cz\/index.php?rest_route=\/wp\/v2\/posts\/11234","targetHints":{"allow":["GET"]}}],"collection":[{"href":"https:\/\/www.automakers.cz\/index.php?rest_route=\/wp\/v2\/posts"}],"about":[{"href":"https:\/\/www.automakers.cz\/index.php?rest_route=\/wp\/v2\/types\/post"}],"author":[{"embeddable":true,"href":"https:\/\/www.automakers.cz\/index.php?rest_route=\/wp\/v2\/users\/1"}],"replies":[{"embeddable":true,"href":"https:\/\/www.automakers.cz\/index.php?rest_route=%2Fwp%2Fv2%2Fcomments&post=11234"}],"version-history":[{"count":11,"href":"https:\/\/www.automakers.cz\/index.php?rest_route=\/wp\/v2\/posts\/11234\/revisions"}],"predecessor-version":[{"id":11254,"href":"https:\/\/www.automakers.cz\/index.php?rest_route=\/wp\/v2\/posts\/11234\/revisions\/11254"}],"wp:featuredmedia":[{"embeddable":true,"href":"https:\/\/www.automakers.cz\/index.php?rest_route=\/wp\/v2\/media\/11238"}],"wp:attachment":[{"href":"https:\/\/www.automakers.cz\/index.php?rest_route=%2Fwp%2Fv2%2Fmedia&parent=11234"}],"wp:term":[{"taxonomy":"category","embeddable":true,"href":"https:\/\/www.automakers.cz\/index.php?rest_route=%2Fwp%2Fv2%2Fcategories&post=11234"},{"taxonomy":"post_tag","embeddable":true,"href":"https:\/\/www.automakers.cz\/index.php?rest_route=%2Fwp%2Fv2%2Ftags&post=11234"}],"curies":[{"name":"wp","href":"https:\/\/api.w.org\/{rel}","templated":true}]}}