{"id":11308,"date":"2025-02-27T08:26:34","date_gmt":"2025-02-27T08:26:34","guid":{"rendered":"https:\/\/www.automakers.cz\/?p=11308"},"modified":"2025-02-27T08:26:34","modified_gmt":"2025-02-27T08:26:34","slug":"stellantisu-se-nedari-ceka-noveho-sefa","status":"publish","type":"post","link":"https:\/\/www.automakers.cz\/?p=11308","title":{"rendered":"Stellantisu se neda\u0159\u00ed, \u010dek\u00e1 nov\u00e9ho \u0161\u00e9fa"},"content":{"rendered":"<p><strong>Koncernu <span class=\"highlight-E1id14 highlight-E4id0 highlight-E1M highlight-E4M\">Stellantis<\/span>, pod n\u011bj\u017e spad\u00e1 celkem 14 zna\u010dek, se v lo\u0148sk\u00e9m roce finan\u010dn\u011b neda\u0159ilo. Spole\u010dnost ozn\u00e1mila, \u017ee se jej\u00ed \u010dist\u00fd zisk propadl o 70 procent na 5,5 miliardy eur (130,6 miliardy K\u010d). Dvoucifern\u00fdm tempem klesly i tr\u017eby a odbyt.<\/strong><!--more--><\/p>\n<p>Hlavn\u00edm d\u016fvodem jsou podle spole\u010dnosti do\u010dasn\u00e9 v\u00fdpadky v sortimentu a sni\u017eov\u00e1n\u00ed z\u00e1sob. \u010cist\u00e9 tr\u017eby Stellantisu loni klesly o 17 procent na 156,9 miliardy eur (3,73 bilionu K\u010d). Celosv\u011btov\u00fd odbyt pak byl ve srovn\u00e1n\u00ed s rokem 2023 ni\u017e\u0161\u00ed o 12 procent.<\/p>\n<p><strong>\u010cek\u00e1n\u00ed na Tavaresova n\u00e1stupce<\/strong><\/p>\n<p>B\u00eddn\u00e9 hospod\u00e1\u0159sk\u00e9 v\u00fdsledky spole\u010dnosti p\u0159ich\u00e1z\u00ed v dob\u011b bezvl\u00e1d\u00ed. Z \u010dela koncernu koncem lo\u0148sk\u00e9ho roku ne\u010dekan\u011b ode\u0161el dlouholet\u00fd <span class=\"highlight-E5id0 highlight-E5M\">gener\u00e1ln\u00ed<\/span> <span class=\"highlight-E5id0 highlight-E5M\">\u0159editel<\/span> <span class=\"highlight-E2id0 highlight-E2M\">Carlos<\/span> <span class=\"highlight-E2id0 highlight-E2M\">Tavares<\/span>. Spole\u010dnost jeho n\u00e1stupce st\u00e1le hled\u00e1, p\u0159i\u010dem\u017e o\u010dek\u00e1v\u00e1, \u017ee by ho m\u011bla jmenovat v prvn\u00ed polovin\u011b leto\u0161n\u00edho roku.<\/p>\n<p><span class=\"highlight-E4id0 highlight-E1id14 highlight-E4M highlight-E1M\">Stellantis<\/span> ve sv\u00e9 zpr\u00e1v\u011b uvedla, \u017ee letos o\u010dek\u00e1v\u00e1 n\u00e1vrat k r\u016fstu tr\u017eeb a tvorb\u011b hotovosti. <span class=\"highlight-E5id1 highlight-E5M\">Investory<\/span> ale p\u0159\u00edli\u0161 nepot\u011b\u0161ila. Ve st\u0159edu r\u00e1no na burze v <span class=\"highlight-E0id0 highlight-E0M\">Mil\u00e1n\u011b<\/span> odepisovaly jej\u00ed akcie 4,5 procenta. Za posledn\u00ed rok je pak propad mnohem v\u00fdrazn\u011bj\u0161\u00ed, bl\u00ed\u017e\u00ed se 50procentn\u00ed ztr\u00e1t\u011b. Za dlouhodob\u00fdm poklesem stoj\u00ed sv\u011btov\u00fd \u00fapadek v popt\u00e1vce po nov\u00fdch vozech a n\u00e1stup levn\u011bj\u0161\u00ed \u010d\u00ednsk\u00e9 konkurence.<\/p>\n<figure id=\"attachment_778\" aria-describedby=\"caption-attachment-778\" style=\"width: 900px\" class=\"wp-caption alignnone\"><img loading=\"lazy\" decoding=\"async\" class=\"size-medium wp-image-778\" src=\"http:\/\/www.automakers.cz\/wp-content\/uploads\/2023\/12\/Symbio-Stellantis-gigafactory-900x600.jpg\" alt=\"\" width=\"900\" height=\"600\" \/><figcaption id=\"caption-attachment-778\" class=\"wp-caption-text\">Ilustra\u010dn\u00ed foto<\/figcaption><\/figure>\n<p>Stejn\u00fdm probl\u00e9m\u016fm \u010del\u00ed tak\u00e9 jin\u00ed evrop\u0161t\u00ed a ameri\u010dt\u00ed <span class=\"highlight-query\">automobilov\u00ed<\/span> <span class=\"highlight-E5id2 highlight-E5M\">v\u00fdrobci<\/span>. Skupina <span class=\"highlight-E1id14 highlight-E4id0 highlight-E1M highlight-E4M\">Stellantis<\/span> vznikla v roce 2021 slou\u010den\u00edm italsko-americk\u00e9ho koncernu <span class=\"highlight-E4id0 highlight-E1id0 highlight-E4M highlight-E1M\">Fiat<\/span> <span class=\"highlight-E1id0 highlight-E4id0 highlight-E1M highlight-E4M\">Chrysler<\/span> <span class=\"highlight-E4id0 highlight-E1id0 highlight-E4M highlight-E1M\">Automobiles<\/span> a francouzsk\u00e9 skupiny <span class=\"highlight-E1id4 highlight-E4id0 highlight-E1M highlight-E4M\">PSA<\/span> <span class=\"highlight-E4id0 highlight-E1id4 highlight-E4M highlight-E1M\">Group<\/span>. S\u00eddlo spole\u010dnosti se nach\u00e1z\u00ed v <span class=\"highlight-E0id1 highlight-E0M\">Nizozemsku<\/span>. V roce 2023 se jednalo o \u010dtvrt\u00e9ho nejv\u011bt\u0161\u00edho <span class=\"highlight-E5id2 highlight-E5M\">v\u00fdrobce<\/span> automobil\u016f na sv\u011bt\u011b. Do skupiny pat\u0159\u00ed zna\u010dky <span class=\"highlight-E1id2 highlight-E4id0 highlight-E1M highlight-E4M\">Abarth<\/span>, <span class=\"highlight-E4id0 highlight-E1id3 highlight-E4M highlight-E1M\">Alfa<\/span> <span class=\"highlight-E1id3 highlight-E4id0 highlight-E1M highlight-E4M\">Romeo<\/span>, <span class=\"highlight-E4id0 highlight-E1id1 highlight-E4M highlight-E1M\">Chrysler<\/span>, <span class=\"highlight-E1id13 highlight-E4id0 highlight-E1M highlight-E4M\">Citro\u00ebn<\/span>, <span class=\"highlight-E4id0 highlight-E1id5 highlight-E4M highlight-E1M\">Dodge<\/span>, DS, <span class=\"highlight-E1id6 highlight-E4id0 highlight-E1M highlight-E4M\">Fiat<\/span>, <span class=\"highlight-E4id0 highlight-E1id7 highlight-E4M highlight-E1M\">Jeep<\/span>, <span class=\"highlight-E1id8 highlight-E4id0 highlight-E1M highlight-E4M\">Lancia<\/span>, <span class=\"highlight-E4id0 highlight-E1id9 highlight-E4M highlight-E1M\">Maserati<\/span>, <span class=\"highlight-E1id10 highlight-E4id0 highlight-E4id1 highlight-E1M highlight-E4M\">Opel<\/span>, <span class=\"highlight-E1id12 highlight-E1M\">Peugeot<\/span>, Ram a <span class=\"highlight-E4id0 highlight-E1id11 highlight-E4M highlight-E1M\">Vauxhall<\/span>.<\/p>\n<p><strong>Zdroj: novinky.cz<\/strong><\/p>\n","protected":false},"excerpt":{"rendered":"<p>Koncernu Stellantis, pod n\u011bj\u017e spad\u00e1 celkem 14 zna\u010dek, se v lo\u0148sk\u00e9m roce finan\u010dn\u011b neda\u0159ilo. Spole\u010dnost&#8230;<\/p>\n","protected":false},"author":1,"featured_media":9370,"comment_status":"closed","ping_status":"closed","sticky":false,"template":"","format":"standard","meta":{"footnotes":""},"categories":[18,53],"tags":[],"class_list":["post-11308","post","type-post","status-publish","format-standard","has-post-thumbnail","hentry","category-vyroba","category-vysledky"],"_links":{"self":[{"href":"https:\/\/www.automakers.cz\/index.php?rest_route=\/wp\/v2\/posts\/11308","targetHints":{"allow":["GET"]}}],"collection":[{"href":"https:\/\/www.automakers.cz\/index.php?rest_route=\/wp\/v2\/posts"}],"about":[{"href":"https:\/\/www.automakers.cz\/index.php?rest_route=\/wp\/v2\/types\/post"}],"author":[{"embeddable":true,"href":"https:\/\/www.automakers.cz\/index.php?rest_route=\/wp\/v2\/users\/1"}],"replies":[{"embeddable":true,"href":"https:\/\/www.automakers.cz\/index.php?rest_route=%2Fwp%2Fv2%2Fcomments&post=11308"}],"version-history":[{"count":2,"href":"https:\/\/www.automakers.cz\/index.php?rest_route=\/wp\/v2\/posts\/11308\/revisions"}],"predecessor-version":[{"id":11310,"href":"https:\/\/www.automakers.cz\/index.php?rest_route=\/wp\/v2\/posts\/11308\/revisions\/11310"}],"wp:featuredmedia":[{"embeddable":true,"href":"https:\/\/www.automakers.cz\/index.php?rest_route=\/wp\/v2\/media\/9370"}],"wp:attachment":[{"href":"https:\/\/www.automakers.cz\/index.php?rest_route=%2Fwp%2Fv2%2Fmedia&parent=11308"}],"wp:term":[{"taxonomy":"category","embeddable":true,"href":"https:\/\/www.automakers.cz\/index.php?rest_route=%2Fwp%2Fv2%2Fcategories&post=11308"},{"taxonomy":"post_tag","embeddable":true,"href":"https:\/\/www.automakers.cz\/index.php?rest_route=%2Fwp%2Fv2%2Ftags&post=11308"}],"curies":[{"name":"wp","href":"https:\/\/api.w.org\/{rel}","templated":true}]}}