{"id":11311,"date":"2025-02-27T08:47:53","date_gmt":"2025-02-27T08:47:53","guid":{"rendered":"https:\/\/www.automakers.cz\/?p=11311"},"modified":"2025-02-27T14:13:25","modified_gmt":"2025-02-27T14:13:25","slug":"ceske-toyote-se-zacalo-darit-ve-fleetech","status":"publish","type":"post","link":"https:\/\/www.automakers.cz\/?p=11311","title":{"rendered":"\u010cesk\u00e9 Toyot\u011b se za\u010dalo da\u0159it ve fleetech"},"content":{"rendered":"<p><strong>Import\u00e9rsk\u00fd speci\u00e1l AUTOmakers p\u0159inese v b\u0159eznu tradi\u010dn\u00ed s\u00e9rii interview s \u010desk\u00fdm dovozci aut. Sekci rozhovor\u016f letos otev\u0159e \u0161\u00e9f \u010desk\u00e9 Toyoty Martin Pele\u0161ka, jeho zna\u010dka se v lo\u0148sk\u00fdch statistik\u00e1ch SDA vyhoupla po se\u010dten\u00ed osobn\u00edch aut a LUV na prvn\u00ed m\u00edsto mezi import\u00e9ry (resp. druh\u00e9 po dom\u00e1c\u00ed \u0160kodovce).<\/strong><!--more--><\/p>\n<p>&#8222;Na lo\u0148sk\u00fdch \u010d\u00edslech\u00a0 se odrazila kombinace \u0159ady faktor\u016f nar\u00e1z. M\u00e1me \u0161irokou paletu model\u016f, ke kter\u00fdm si z\u00e1kazn\u00edk m\u016f\u017ee zvolit pohon dle vlastn\u00edch pot\u0159eb. Pokra\u010dujeme v roz\u0161i\u0159ov\u00e1n\u00ed i modernizaci dealersk\u00e9 s\u00edt\u011b, p\u0159in\u00e1\u0161\u00edme konkurenceschopn\u00e9 ak\u010dn\u00ed nab\u00eddky i v\u00fdhodn\u00e9 financov\u00e1n\u00ed pomoc\u00ed vlastn\u00edho operativn\u00edho leasingu KINTO One, v\u00fdrazn\u011b investujeme do marketingu a m\u00e1me siln\u00e1 partnerstv\u00ed,&#8220; \u0159ekl n\u00e1m Martin Pele\u0161ka s t\u00edm, \u017ee se Toyot\u011b i Lexusu da\u0159ilo i pronikat na flotilov\u00fd trh.<\/p>\n<p><strong>Druh\u00e9 m\u00edsto i ve fleetech<\/strong><\/p>\n<p>&#8222;Na fleetov\u00e9m trhu se jsme se vloni posunuli rovn\u011b\u017e na druh\u00e9 m\u00edsto. Je to podobn\u00e9 jako v p\u0159edchoz\u00ed odpov\u011bdi, nab\u00edz\u00edme \u0161irokou \u0161k\u00e1lu model\u016f od nejmen\u0161\u00edho Aygo X a\u017e po u\u017eitkovou \u0159adu Toyota Professional, vloni jsme doplnili segment o nejv\u011bt\u0161\u00ed van Proace Max. Jsme schopni uspokojit i popt\u00e1vku po pr\u00e9miov\u00fdch vozech d\u00edky zna\u010dce Lexus. A k tomu jsou tu hybridn\u00ed, plug-in hybridn\u00ed i \u010dist\u011b elektrick\u00e9 verze na\u0161ich model\u016f,&#8220; uvedl \u0161\u00e9f importu pro n\u00e1\u0161 speci\u00e1l.<\/p>\n<p>Mezi nejv\u011bt\u0161\u00ed firemn\u00ed klienty Toyoty pat\u0159\u00ed aktu\u00e1ln\u011b spole\u010dnosti Uber, Liftago, Bolt nebo Anytime.<\/p>\n<p><img loading=\"lazy\" decoding=\"async\" class=\"alignnone size-medium wp-image-10921\" src=\"http:\/\/www.automakers.cz\/wp-content\/uploads\/2025\/02\/LW_240510_TOYOTA_KINTO_ONE_PRAGUE_CZ-2-small-900x535.jpg\" alt=\"\" width=\"900\" height=\"535\" srcset=\"https:\/\/www.automakers.cz\/wp-content\/uploads\/2025\/02\/LW_240510_TOYOTA_KINTO_ONE_PRAGUE_CZ-2-small-900x535.jpg 900w, https:\/\/www.automakers.cz\/wp-content\/uploads\/2025\/02\/LW_240510_TOYOTA_KINTO_ONE_PRAGUE_CZ-2-small-1024x609.jpg 1024w, https:\/\/www.automakers.cz\/wp-content\/uploads\/2025\/02\/LW_240510_TOYOTA_KINTO_ONE_PRAGUE_CZ-2-small-768x457.jpg 768w, https:\/\/www.automakers.cz\/wp-content\/uploads\/2025\/02\/LW_240510_TOYOTA_KINTO_ONE_PRAGUE_CZ-2-small.jpg 1280w\" sizes=\"auto, (max-width: 900px) 100vw, 900px\" \/>Letos Toyota usp\u011bla tak\u00e9 ve st\u00e1tn\u00ed spr\u00e1v\u011b, kter\u00e9 d\u00edky v\u00fdh\u0159e ve t\u0159ech tendrech vyhl\u00e1\u0161en\u00fdch ministerstvem financ\u00ed dod\u00e1 v p\u0159\u00ed\u0161t\u00edch dvou letech skrze partnera Auto Eder p\u0159es 500 voz\u016f Toyota bZ4X.<\/p>\n<p><strong>Jak\u00e9 \u00fakoly \u010dekaj\u00ed Martina Pele\u0161ku a jeho t\u00fdm letos? <\/strong><\/p>\n<p><strong>Cel\u00fd rozhovor v b\u0159eznov\u00e9m ti\u0161t\u011bn\u00e9m speci\u00e1lu\u00a0 AUTOmakers!<\/strong><\/p>\n<p><img loading=\"lazy\" decoding=\"async\" class=\"alignnone size-medium wp-image-11337\" src=\"http:\/\/www.automakers.cz\/wp-content\/uploads\/2025\/02\/AUTOmakers_2025_1_titul_03-31-636x900.jpg\" alt=\"\" width=\"636\" height=\"900\" srcset=\"https:\/\/www.automakers.cz\/wp-content\/uploads\/2025\/02\/AUTOmakers_2025_1_titul_03-31-636x900.jpg 636w, https:\/\/www.automakers.cz\/wp-content\/uploads\/2025\/02\/AUTOmakers_2025_1_titul_03-31-724x1024.jpg 724w, https:\/\/www.automakers.cz\/wp-content\/uploads\/2025\/02\/AUTOmakers_2025_1_titul_03-31-768x1086.jpg 768w, https:\/\/www.automakers.cz\/wp-content\/uploads\/2025\/02\/AUTOmakers_2025_1_titul_03-31-1086x1536.jpg 1086w, https:\/\/www.automakers.cz\/wp-content\/uploads\/2025\/02\/AUTOmakers_2025_1_titul_03-31-1448x2048.jpg 1448w, https:\/\/www.automakers.cz\/wp-content\/uploads\/2025\/02\/AUTOmakers_2025_1_titul_03-31-1024x1448.jpg 1024w, https:\/\/www.automakers.cz\/wp-content\/uploads\/2025\/02\/AUTOmakers_2025_1_titul_03-31.jpg 1654w\" sizes=\"auto, (max-width: 636px) 100vw, 636px\" \/><\/p>\n","protected":false},"excerpt":{"rendered":"<p>Import\u00e9rsk\u00fd speci\u00e1l AUTOmakers p\u0159inese v b\u0159eznu tradi\u010dn\u00ed s\u00e9rii interview s \u010desk\u00fdm dovozci aut. Sekci rozhovor\u016f&#8230;<\/p>\n","protected":false},"author":1,"featured_media":10628,"comment_status":"closed","ping_status":"closed","sticky":false,"template":"","format":"standard","meta":{"footnotes":""},"categories":[15,11,71],"tags":[],"class_list":["post-11311","post","type-post","status-publish","format-standard","has-post-thumbnail","hentry","category-fleety","category-importeri","category-interview"],"_links":{"self":[{"href":"https:\/\/www.automakers.cz\/index.php?rest_route=\/wp\/v2\/posts\/11311","targetHints":{"allow":["GET"]}}],"collection":[{"href":"https:\/\/www.automakers.cz\/index.php?rest_route=\/wp\/v2\/posts"}],"about":[{"href":"https:\/\/www.automakers.cz\/index.php?rest_route=\/wp\/v2\/types\/post"}],"author":[{"embeddable":true,"href":"https:\/\/www.automakers.cz\/index.php?rest_route=\/wp\/v2\/users\/1"}],"replies":[{"embeddable":true,"href":"https:\/\/www.automakers.cz\/index.php?rest_route=%2Fwp%2Fv2%2Fcomments&post=11311"}],"version-history":[{"count":8,"href":"https:\/\/www.automakers.cz\/index.php?rest_route=\/wp\/v2\/posts\/11311\/revisions"}],"predecessor-version":[{"id":11338,"href":"https:\/\/www.automakers.cz\/index.php?rest_route=\/wp\/v2\/posts\/11311\/revisions\/11338"}],"wp:featuredmedia":[{"embeddable":true,"href":"https:\/\/www.automakers.cz\/index.php?rest_route=\/wp\/v2\/media\/10628"}],"wp:attachment":[{"href":"https:\/\/www.automakers.cz\/index.php?rest_route=%2Fwp%2Fv2%2Fmedia&parent=11311"}],"wp:term":[{"taxonomy":"category","embeddable":true,"href":"https:\/\/www.automakers.cz\/index.php?rest_route=%2Fwp%2Fv2%2Fcategories&post=11311"},{"taxonomy":"post_tag","embeddable":true,"href":"https:\/\/www.automakers.cz\/index.php?rest_route=%2Fwp%2Fv2%2Ftags&post=11311"}],"curies":[{"name":"wp","href":"https:\/\/api.w.org\/{rel}","templated":true}]}}