{"id":11323,"date":"2025-02-27T12:12:00","date_gmt":"2025-02-27T12:12:00","guid":{"rendered":"https:\/\/www.automakers.cz\/?p=11323"},"modified":"2025-02-28T09:07:49","modified_gmt":"2025-02-28T09:07:49","slug":"daimler-truck-bilancoval-ve-svatem-havlu","status":"publish","type":"post","link":"https:\/\/www.automakers.cz\/?p=11323","title":{"rendered":"Daimler Truck bilancoval ve Svat\u00e9m Havlu (Video)"},"content":{"rendered":"<p><strong>\u0160\u00e9f Daimler Truck Josef Ma\u0159\u00edk svolal 27. \u00fanora novin\u00e1\u0159e do pra\u017esk\u00e9ho Chateau St. Havel na bilan\u010dn\u00ed konferenci. Zna\u010dka Mercedes-Benz obh\u00e1jila na \u010desk\u00e9m trhu po t\u0159iadvac\u00e1t\u00e9 v \u0159ad\u011b prvenstv\u00ed v registrac\u00edch n\u00e1kladn\u00edch aut nad 6,5 tuny. Orientuje se zvl\u00e1\u0161t\u011b na rozvoj poprodejn\u00edch slu\u017eeb a digitalizaci. <\/strong><!--more--><\/p>\n<p>Dokladem toho bylo na v\u00fdro\u010dn\u00ed tiskov\u00e9 konferenci mj. i to, \u017ee hned po \u00favodn\u00edm slov\u011b gener\u00e1ln\u00edho \u0159editele Josefa Ma\u0159\u00edka p\u0159edstavil nejobs\u00e1hlej\u0161\u00ed \u010d\u00e1st bilance minul\u00e9ho roku Ivo Nov\u00e1k, kter\u00fd m\u00e1 ve firm\u011b pr\u00e1v\u011b tuto oblast na starosti. Jeho informace pak je\u0161t\u011b doplnil se stru\u010dnou bilanc\u00ed marketingu firmy David Chleboun.<\/p>\n<p><img loading=\"lazy\" decoding=\"async\" class=\"alignnone size-medium wp-image-11325\" src=\"http:\/\/www.automakers.cz\/wp-content\/uploads\/2025\/02\/Daimler-TK-Hvael-Chleboun-900x563.jpg\" alt=\"\" width=\"900\" height=\"563\" \/>Rozvoj servisn\u00ed s\u00edt\u011b mercedes\u016f pokra\u010duje otev\u00edr\u00e1n\u00edm kompletn\u011b nov\u00fdch servisn\u00edch i prodejn\u00edch m\u00edst jako z\u00e1kladu pro zvy\u0161ov\u00e1n\u00ed kvality poprodejn\u00edch slu\u017eeb a jejich dal\u0161\u00ed rozvoj. Jako velmi v\u00fdznamn\u00e9 ve spole\u010dnosti vn\u00edmaj\u00ed to, \u017ee do\u0161lo ke zlep\u0161en\u00ed dostupnosti servisn\u00edch slu\u017eeb z\u00e1kazn\u00edk\u016fm a sn\u00ed\u017een\u00ed prostoj\u016f vozidel z d\u016fvodu oprav; p\u0159edev\u0161\u00edm v oblasti st\u0159edn\u00ed a severn\u00ed Moravy.<\/p>\n<p>V souvislosti na odd\u011blen\u00ed osobn\u00edch voz\u016f (Mercedes-Benz AG) a n\u00e1kladn\u00edch (DaimlerTruck AG) u mate\u0159sk\u00e9 firmy prob\u00edhaly i v\u00a0\u010desk\u00e9 servisn\u00ed s\u00edti z\u00e1sadn\u00ed zm\u011bny: ji\u017e na za\u010d\u00e1tku lo\u0148sk\u00e9ho roku p\u0159e\u0161lo \u010desk\u00e9 zastoupen\u00ed na nov\u00e9 diagnostick\u00e9 p\u0159\u00edstroje speci\u00e1ln\u011b ur\u010den\u00e9 pro n\u00e1kladn\u00ed vozidla, na podzim zavedli nov\u00fd syst\u00e9m pro uplat\u0148ov\u00e1n\u00ed n\u00e1klad\u016f za garan\u010dn\u00ed opravy a koncem listopadu spustili distribuci n\u00e1hradn\u00edch d\u00edl\u016f z nov\u00e9ho logistick\u00e9ho centra v n\u011bmeck\u00e9m G\u00fcnzburgu.<\/p>\n<p><iframe loading=\"lazy\"  id=\"_ytid_95285\"  width=\"640\" height=\"360\"  data-origwidth=\"640\" data-origheight=\"360\" src=\"https:\/\/www.youtube.com\/embed\/gPfAeZwrRIo?enablejsapi=1&#038;autoplay=0&#038;cc_load_policy=0&#038;cc_lang_pref=&#038;iv_load_policy=1&#038;loop=0&#038;modestbranding=0&#038;rel=1&#038;fs=1&#038;playsinline=0&#038;autohide=2&#038;theme=dark&#038;color=red&#038;controls=1&#038;\" class=\"__youtube_prefs__  epyt-is-override  no-lazyload\" title=\"YouTube player\"  allow=\"accelerometer; autoplay; clipboard-write; encrypted-media; gyroscope; picture-in-picture\" allowfullscreen data-no-lazy=\"1\" data-skipgform_ajax_framebjll=\"\"><\/iframe><\/p>\n<p><strong>Digitalizace servisu<\/strong><\/p>\n<p>Sou\u010dasn\u011b pokra\u010duje dynamick\u00fd v\u00fdvoj digitalizace servisn\u00edch slu\u017eeb, kde je \u010d\u00edm d\u00e1l v\u00edce vozidel online propojeno se servisn\u00edmi centry, centr\u00e1ln\u00ed technickou podporou a dispe\u010dery z\u00e1kazn\u00edk\u016f. To umo\u017e\u0148uje zefektivn\u011bn\u00ed pl\u00e1nov\u00e1n\u00ed servisn\u00edch n\u00e1v\u0161t\u011bv a zvy\u0161uje transparentnost pr\u016fb\u011bhu samotn\u00fdch servisn\u00edch z\u00e1sah\u016f. Tyto prob\u00edhaj\u00edc\u00ed zm\u011bny vn\u00edm\u00e1 firma jako z\u00e1sadn\u00ed pro organizaci ve sv\u00fdch servisech, i kdy\u017e to soub\u011b\u017en\u011b vy\u017eaduje \u00fapravy d\u00edlensk\u00fdch proces\u016f.<\/p>\n<p>Veden\u00ed firmy v\u011b\u0159\u00ed, \u017ee tak i na nad\u00e1le budou jedn\u00edm z hlavn\u00edch argument\u016f pro volbu vozidel zna\u010dky Mercedes-Benz Trucks jejich n\u00edzk\u00e9 provozn\u00ed n\u00e1klady a i bohat\u00e1 nab\u00eddka doprovodn\u00fdch slu\u017eeb na digit\u00e1ln\u00ed b\u00e1zi; jako etalon pro vstup do nov\u00e9 \u00e9ry n\u00e1kladn\u00ed dopravy, ve kter\u00e9 m\u00e1 zna\u010dka ji\u017e co nab\u00eddnout v \u201eelektrosf\u00e9\u0159e\u201c a testuje u\u017e i vod\u00edk.<\/p>\n<p><strong>Miroslav H\u00e1jek, Chateau St. Havel, Video: Lud\u011bk Kortus<\/strong><\/p>\n<p><img loading=\"lazy\" decoding=\"async\" class=\"alignnone size-medium wp-image-11328\" src=\"http:\/\/www.automakers.cz\/wp-content\/uploads\/2025\/02\/Mercedes-Daimler-TK-prapor-900x563.jpg\" alt=\"\" width=\"900\" height=\"563\" \/><\/p>\n","protected":false},"excerpt":{"rendered":"<p>\u0160\u00e9f Daimler Truck Josef Ma\u0159\u00edk svolal 27. \u00fanora novin\u00e1\u0159e do pra\u017esk\u00e9ho Chateau St. Havel na&#8230;<\/p>\n","protected":false},"author":1,"featured_media":11324,"comment_status":"closed","ping_status":"closed","sticky":false,"template":"","format":"standard","meta":{"footnotes":""},"categories":[59,96,11,20,66],"tags":[],"class_list":["post-11323","post","type-post","status-publish","format-standard","has-post-thumbnail","hentry","category-automakers-tv","category-bilance","category-importeri","category-tiskovky","category-video"],"_links":{"self":[{"href":"https:\/\/www.automakers.cz\/index.php?rest_route=\/wp\/v2\/posts\/11323","targetHints":{"allow":["GET"]}}],"collection":[{"href":"https:\/\/www.automakers.cz\/index.php?rest_route=\/wp\/v2\/posts"}],"about":[{"href":"https:\/\/www.automakers.cz\/index.php?rest_route=\/wp\/v2\/types\/post"}],"author":[{"embeddable":true,"href":"https:\/\/www.automakers.cz\/index.php?rest_route=\/wp\/v2\/users\/1"}],"replies":[{"embeddable":true,"href":"https:\/\/www.automakers.cz\/index.php?rest_route=%2Fwp%2Fv2%2Fcomments&post=11323"}],"version-history":[{"count":8,"href":"https:\/\/www.automakers.cz\/index.php?rest_route=\/wp\/v2\/posts\/11323\/revisions"}],"predecessor-version":[{"id":11340,"href":"https:\/\/www.automakers.cz\/index.php?rest_route=\/wp\/v2\/posts\/11323\/revisions\/11340"}],"wp:featuredmedia":[{"embeddable":true,"href":"https:\/\/www.automakers.cz\/index.php?rest_route=\/wp\/v2\/media\/11324"}],"wp:attachment":[{"href":"https:\/\/www.automakers.cz\/index.php?rest_route=%2Fwp%2Fv2%2Fmedia&parent=11323"}],"wp:term":[{"taxonomy":"category","embeddable":true,"href":"https:\/\/www.automakers.cz\/index.php?rest_route=%2Fwp%2Fv2%2Fcategories&post=11323"},{"taxonomy":"post_tag","embeddable":true,"href":"https:\/\/www.automakers.cz\/index.php?rest_route=%2Fwp%2Fv2%2Ftags&post=11323"}],"curies":[{"name":"wp","href":"https:\/\/api.w.org\/{rel}","templated":true}]}}