{"id":11379,"date":"2025-03-04T08:58:20","date_gmt":"2025-03-04T08:58:20","guid":{"rendered":"https:\/\/www.automakers.cz\/?p=11379"},"modified":"2025-03-04T08:58:20","modified_gmt":"2025-03-04T08:58:20","slug":"hyundai-startuje-elektromobily-v-turecku","status":"publish","type":"post","link":"https:\/\/www.automakers.cz\/?p=11379","title":{"rendered":"Hyundai startuje elektromobily v Turecku"},"content":{"rendered":"<p><strong>Hyundai Motor T\u00fcrkiye posiluje sv\u00e9 v\u00fdrobn\u00ed kapacity a podporu udr\u017eitelnosti rozhodnut\u00edm z\u0159\u00eddit v Turecku v\u00fdrobu elektromobil\u016f. Zna\u010dka Hyundai tak pokra\u010duje v realizaci pl\u00e1n\u016f na minimalizaci sv\u00e9 uhl\u00edkov\u00e9 stopy a sou\u010dasn\u011b podporuje m\u00edstn\u00ed ekonomiku i glob\u00e1ln\u00ed p\u0159echod na zelenou mobilitu.<\/strong><!--more--><\/p>\n<p>Nov\u00e9 modely s elektrick\u00fdm pohonem vyr\u00e1b\u011bn\u00e9 v tureck\u00e9m z\u00e1vod\u011b \u0130zmit v bl\u00edzk\u00e9 budoucnosti roz\u0161\u00ed\u0159\u00ed produktovou \u0159adu elektromobil\u016f Hyundai a p\u0159isp\u011bj\u00ed k uspokojov\u00e1n\u00ed rostouc\u00ed popt\u00e1vky po technologi\u00edch pro udr\u017eitelnou mobilitu na evropsk\u00e9m trhu. Krom\u011b elektrick\u00fdch model\u016f bude Hyundai Motor T\u00fcrkiye nad\u00e1le vyr\u00e1b\u011bt i vozy poh\u00e1n\u011bn\u00e9 spalovac\u00edmi motory, konkr\u00e9tn\u011b modely i20 a Bayon, v\u00fdroba modelu i10 bude v leto\u0161n\u00edm roce ukon\u010dena.<\/p>\n<p>V r\u00e1mci prob\u00edhaj\u00edc\u00ed transformace do\u0161lo k p\u0159ejmenov\u00e1n\u00ed tureck\u00e9 divize z d\u0159\u00edv\u011bj\u0161\u00edho ozna\u010den\u00ed Hyundai Assan Otomotiv Sanayi na Hyundai Motor T\u00fcrkiye. Nov\u00e9 jm\u00e9no spole\u010dnosti l\u00e9pe zrcadl\u00ed jej\u00ed roli v glob\u00e1ln\u00edm automobilov\u00e9m pr\u016fmyslu. Tureck\u00fd z\u00e1vod je historicky prvn\u00ed a nejd\u00e9le provozovan\u00e9 zahrani\u010dn\u00ed v\u00fdrobn\u00ed centrum koncernu Hyundai Motor Group mimo Koreu. V pr\u016fb\u011bhu 28 let vyrobil v\u00edce ne\u017e t\u0159i miliony aut, a v\u00fdznamn\u011b tak p\u0159isp\u00edv\u00e1 k zam\u011bstnanosti, exportu a rozvoji n\u00e1rodn\u00edho hospod\u00e1\u0159stv\u00ed v Turecku.<\/p>\n<p>Hyundai Motor T\u00fcrkiye bude i v r\u00e1mci roz\u0161\u00ed\u0159en\u00e9 v\u00fdroby preferovat lok\u00e1ln\u00ed dodavatele. V sou\u010dasnosti s\u00ed\u0165 v\u00edce ne\u017e 50 m\u00edstn\u00edch dodavatel\u016f svou v\u00fdrobou zaji\u0161\u0165uje dod\u00e1vky p\u0159es 55 procent automobilov\u00fdch komponent\u016f. Ve stejn\u00e9m duchu bude prob\u00edhat i lok\u00e1ln\u00ed v\u00fdroba elektromobil\u016f, kter\u00e1 posune zapojen\u00ed m\u00edstn\u00edch firem na je\u0161t\u011b vy\u0161\u0161\u00ed \u00farove\u0148.<\/p>\n<p>Urychlen\u00edm v\u00fdroby elektromobil\u016f pos\u00edl\u00ed Hyundai Motor T\u00fcrkiye jak svou konkurenceschopnost, tak sv\u00e9 zam\u011b\u0159en\u00ed na ekologickou mobilitu. Strategick\u00fd krok podpo\u0159\u00ed realizaci pl\u00e1nu nab\u00edzet v Evrop\u011b nejpozd\u011bji od roku 2035 pouze vozy s nulov\u00fdmi emisemi v\u00fdfukov\u00fdch plyn\u016f a d\u00e1l pozvedne v\u00fdznamnou roli Turecka pro evropsk\u00e9 aktivity zna\u010dky Hyundai.<\/p>\n","protected":false},"excerpt":{"rendered":"<p>Hyundai Motor T\u00fcrkiye posiluje sv\u00e9 v\u00fdrobn\u00ed kapacity a podporu udr\u017eitelnosti rozhodnut\u00edm z\u0159\u00eddit v Turecku v\u00fdrobu&#8230;<\/p>\n","protected":false},"author":2,"featured_media":11380,"comment_status":"closed","ping_status":"closed","sticky":false,"template":"","format":"standard","meta":{"footnotes":""},"categories":[41,9,57],"tags":[],"class_list":["post-11379","post","type-post","status-publish","format-standard","has-post-thumbnail","hentry","category-ekologie","category-elektromobily","category-emise"],"_links":{"self":[{"href":"https:\/\/www.automakers.cz\/index.php?rest_route=\/wp\/v2\/posts\/11379","targetHints":{"allow":["GET"]}}],"collection":[{"href":"https:\/\/www.automakers.cz\/index.php?rest_route=\/wp\/v2\/posts"}],"about":[{"href":"https:\/\/www.automakers.cz\/index.php?rest_route=\/wp\/v2\/types\/post"}],"author":[{"embeddable":true,"href":"https:\/\/www.automakers.cz\/index.php?rest_route=\/wp\/v2\/users\/2"}],"replies":[{"embeddable":true,"href":"https:\/\/www.automakers.cz\/index.php?rest_route=%2Fwp%2Fv2%2Fcomments&post=11379"}],"version-history":[{"count":2,"href":"https:\/\/www.automakers.cz\/index.php?rest_route=\/wp\/v2\/posts\/11379\/revisions"}],"predecessor-version":[{"id":11389,"href":"https:\/\/www.automakers.cz\/index.php?rest_route=\/wp\/v2\/posts\/11379\/revisions\/11389"}],"wp:featuredmedia":[{"embeddable":true,"href":"https:\/\/www.automakers.cz\/index.php?rest_route=\/wp\/v2\/media\/11380"}],"wp:attachment":[{"href":"https:\/\/www.automakers.cz\/index.php?rest_route=%2Fwp%2Fv2%2Fmedia&parent=11379"}],"wp:term":[{"taxonomy":"category","embeddable":true,"href":"https:\/\/www.automakers.cz\/index.php?rest_route=%2Fwp%2Fv2%2Fcategories&post=11379"},{"taxonomy":"post_tag","embeddable":true,"href":"https:\/\/www.automakers.cz\/index.php?rest_route=%2Fwp%2Fv2%2Ftags&post=11379"}],"curies":[{"name":"wp","href":"https:\/\/api.w.org\/{rel}","templated":true}]}}