{"id":11382,"date":"2025-03-04T09:01:10","date_gmt":"2025-03-04T09:01:10","guid":{"rendered":"https:\/\/www.automakers.cz\/?p=11382"},"modified":"2025-03-04T09:01:10","modified_gmt":"2025-03-04T09:01:10","slug":"cupra-partnerem-areny-padel-powers","status":"publish","type":"post","link":"https:\/\/www.automakers.cz\/?p=11382","title":{"rendered":"CUPRA partnerem ar\u00e9ny Padel Powers"},"content":{"rendered":"<p><strong>Cupra se stala hlavn\u00edm n\u00e1rodn\u00edm partnerem spole\u010dnosti Padel Powers, kter\u00e1 sou\u010dasn\u011b s \u010derstv\u011b uzav\u0159en\u00fdm partnerstv\u00edm otev\u0159ela v Praze svou prvn\u00ed velkou krytou ar\u00e9nu. Sm\u00edchovsk\u00e9 centrum Padel Powers je nejv\u011bt\u0161\u00ed padelovou ar\u00e9nou v \u010cR a hr\u00e1\u010d\u016fm v\u0161ech \u00farovn\u00ed nab\u00edz\u00ed s podporou zna\u010dky CUPRA z\u00e1zem\u00ed.<\/strong><br \/>\n<!--more--><\/p>\n<p><strong>\u201ePadel je dynamick\u00fd sport, kter\u00fd sd\u00edl\u00ed stejnou filozofii jako CUPRA \u2013 padelovou komunitu stmeluje v\u00e1\u0161e\u0148 pro sportovn\u00ed v\u00fdkony na k\u0159\u00eddlech sout\u011b\u017eivosti, touhy po rychlosti a intenzivn\u00edch emoc\u00edch. Padel je CUPRA a CUPRA je padel. Jsme hrd\u00ed, \u017ee jako pr\u016fkopn\u00edk glob\u00e1ln\u00ed padelov\u00e9 revoluce m\u016f\u017eeme b\u00fdt sou\u010d\u00e1st\u00ed projektu Padel Powers, kter\u00fd nastavuje nov\u00fd standard pro tento sport v \u010cesk\u00e9 republice,\u201c<\/strong>\u00a0\u0159\u00edk\u00e1 Tom\u00e1\u0161 Navr\u00e1til, vedouc\u00ed divize CUPRA spole\u010dnosti Porsche \u010cesk\u00e1 republika.<\/p>\n<p>CUPRA bude ve sm\u00edchovsk\u00e9 ar\u00e9n\u011b Padel Powers p\u0159\u00edtomna nejen prost\u0159ednictv\u00edm nep\u0159ehl\u00e9dnuteln\u00e9ho brandingu, ale tak\u00e9 aktivn\u00ed \u00fa\u010dast\u00ed na turnaj\u00edch a dal\u0161\u00edch akc\u00edch. Hr\u00e1\u010di a fanou\u0161ci padelu maj\u00ed na Sm\u00edchov\u011b k dispozici kryt\u00e9 kurty, bar, padel shop a z\u00e1zem\u00ed v industri\u00e1ln\u00edm duchu. V r\u00e1mci partnerstv\u00ed byl v padelov\u00e9 ar\u00e9n\u011b z\u0159\u00edzen exkluzivn\u00ed prostor CUPRA Lounge jako \u00fatuln\u00e9 m\u00edsto ur\u010den\u00e9 k odpo\u010dinku a setk\u00e1v\u00e1n\u00ed hr\u00e1\u010d\u016f, jeho\u017e atmosf\u00e9ra odpov\u00edd\u00e1 progresivn\u00edmu charakteru t\u00e9to automobilov\u00e9 zna\u010dky.<\/p>\n<p>CUPRA a Padel Powers nav\u00edc spole\u010dn\u011b pl\u00e1nuj\u00ed \u0159adu aktivit, kter\u00e9 podpo\u0159\u00ed dal\u0161\u00ed rozvoj padelu v \u010cesk\u00e9 republice.<strong>\u00a0\u201eNa\u0161\u00ed viz\u00ed je vybudovat kolem padelu po\u010detnou komunitu a p\u0159ibl\u00ed\u017eit tento sport co nej\u0161ir\u0161\u00ed ve\u0159ejnosti. Partnerstv\u00ed se zna\u010dkou CUPRA n\u00e1m umo\u017en\u00ed pozvednout na\u0161e aktivity na novou \u00farove\u0148,\u201c<\/strong>\u00a0vysv\u011btluje Vojt\u011bch Va\u0161ek, zakladatel spole\u010dnosti Padel Powers.<\/p>\n<p><img loading=\"lazy\" decoding=\"async\" class=\"alignnone size-medium wp-image-11385\" src=\"http:\/\/www.automakers.cz\/wp-content\/uploads\/2025\/03\/cupra-paddle-2-900x600.jpeg\" alt=\"\" width=\"900\" height=\"600\" srcset=\"https:\/\/www.automakers.cz\/wp-content\/uploads\/2025\/03\/cupra-paddle-2-900x600.jpeg 900w, https:\/\/www.automakers.cz\/wp-content\/uploads\/2025\/03\/cupra-paddle-2-1024x683.jpeg 1024w, https:\/\/www.automakers.cz\/wp-content\/uploads\/2025\/03\/cupra-paddle-2-768x512.jpeg 768w, https:\/\/www.automakers.cz\/wp-content\/uploads\/2025\/03\/cupra-paddle-2.jpeg 1275w\" sizes=\"auto, (max-width: 900px) 100vw, 900px\" \/><\/p>\n<p>Zat\u00edmco CUPRA zt\u011bles\u0148uje roli nekonven\u010dn\u00edho vyz\u00fdvatele v automobilov\u00e9m pr\u016fmyslu, p\u0159in\u00e1\u0161\u00ed Padel Powers revoluci do \u010desk\u00e9ho padelu. Nov\u011b otev\u0159en\u00e1 padelov\u00e1 ar\u00e9na na pra\u017esk\u00e9m Sm\u00edchov\u011b je toti\u017e jen prvn\u00edm krokem v realizaci ambici\u00f3zn\u00edch pl\u00e1n\u016f spole\u010dnosti Padel Powers. Jej\u00edm z\u00e1m\u011brem je vybudovat v n\u00e1sleduj\u00edc\u00edch letech s\u00ed\u0165 padelov\u00fdch center po cel\u00e9 \u010cesk\u00e9 republice. C\u00edlem sd\u00edlen\u00fdm i se zna\u010dkou CUPRA je podporovat dal\u0161\u00ed r\u016fst tohoto atraktivn\u00edho sportu v \u010cesku a zajistit v\u0161em hr\u00e1\u010d\u016fm padelu nejlep\u0161\u00ed podm\u00ednky pro hru i tr\u00e9nink.<\/p>\n<p>CUPRA vstoupila do sv\u011bta padelu v roce 2019, kdy se stala pr\u00e9miov\u00fdm sponzorem v\u0161ech ofici\u00e1ln\u00edch turnaj\u016f World Padel Tour (WPT). CUPRA je od t\u00e9 doby partnerem bezpo\u010dtu padelov\u00fdch klub\u016f, n\u00e1rodn\u00edch padelov\u00fdch federac\u00ed i region\u00e1ln\u00edch a amat\u00e9rsk\u00fdch turnaj\u016f. V padelov\u00e9 strategii zna\u010dky CUPRA je prioritou pom\u00e1hat rozvoji a r\u016fstu tohoto sportu zdola, co\u017e je patrn\u00e9 i z c\u00edlen\u00e9 podpory mlad\u00fdch talentovan\u00fdch hr\u00e1\u010d\u016f.<\/p>\n<p>V\u00a0\u010cesk\u00e9 republice je CUPRA hlavn\u00edm partnerem \u010cesk\u00e9 padelov\u00e9 federace od roku 2022. Jako reklamn\u00ed partner podpo\u0159ila CUPRA \u010desk\u00e9 reprezenta\u010dn\u00ed t\u00fdmy mu\u017e\u016f a \u017een ji\u017e v\u00a0roce 2021 na mistrovstv\u00ed Evropy v\u00a0padelu ve \u0161pan\u011blsk\u00e9m Bilbau a od t\u00e9 doby svou spolupr\u00e1ci s\u00a0\u010desk\u00fdm padelem systematicky roz\u0161i\u0159uje a prohlubuje \u2013 mimo jin\u00e9 sponzorov\u00e1n\u00edm seri\u00e1lu ofici\u00e1ln\u00edch sout\u011b\u017en\u00edch padelov\u00fdch turnaj\u016f CUPRA CZECH PADEL TOUR.<\/p>\n<p>Nad\u0161en\u00ed zna\u010dky CUPRA pro padel se zhmot\u0148uje tak\u00e9 ve spole\u010dn\u00fdch produktech vyv\u00edjen\u00fdch ve spolupr\u00e1ci s renomovanou zna\u010dkou sportovn\u00edho vybaven\u00ed Wilson. Fanou\u0161ci padelu si mohou po\u0159\u00eddit nap\u0159\u00edklad padelovou raketu CUPRA Wilson LT s inovativn\u00edm designem, jeho\u017e auto\u0159i se nechali inspirovat rebelsk\u00fdm duchem studie CUPRA UrbanRebel Racing Concept.<\/p>\n<p><img loading=\"lazy\" decoding=\"async\" class=\"alignnone size-medium wp-image-11386\" src=\"http:\/\/www.automakers.cz\/wp-content\/uploads\/2025\/03\/cupra-paddle-3-900x600.jpeg\" alt=\"\" width=\"900\" height=\"600\" srcset=\"https:\/\/www.automakers.cz\/wp-content\/uploads\/2025\/03\/cupra-paddle-3-900x600.jpeg 900w, https:\/\/www.automakers.cz\/wp-content\/uploads\/2025\/03\/cupra-paddle-3-1024x683.jpeg 1024w, https:\/\/www.automakers.cz\/wp-content\/uploads\/2025\/03\/cupra-paddle-3-768x512.jpeg 768w, https:\/\/www.automakers.cz\/wp-content\/uploads\/2025\/03\/cupra-paddle-3.jpeg 1275w\" sizes=\"auto, (max-width: 900px) 100vw, 900px\" \/><\/p>\n","protected":false},"excerpt":{"rendered":"<p>Cupra se stala hlavn\u00edm n\u00e1rodn\u00edm partnerem spole\u010dnosti Padel Powers, kter\u00e1 sou\u010dasn\u011b s \u010derstv\u011b uzav\u0159en\u00fdm partnerstv\u00edm&#8230;<\/p>\n","protected":false},"author":2,"featured_media":11383,"comment_status":"closed","ping_status":"closed","sticky":false,"template":"","format":"standard","meta":{"footnotes":""},"categories":[29,70],"tags":[],"class_list":["post-11382","post","type-post","status-publish","format-standard","has-post-thumbnail","hentry","category-sponzoring","category-sport"],"_links":{"self":[{"href":"https:\/\/www.automakers.cz\/index.php?rest_route=\/wp\/v2\/posts\/11382","targetHints":{"allow":["GET"]}}],"collection":[{"href":"https:\/\/www.automakers.cz\/index.php?rest_route=\/wp\/v2\/posts"}],"about":[{"href":"https:\/\/www.automakers.cz\/index.php?rest_route=\/wp\/v2\/types\/post"}],"author":[{"embeddable":true,"href":"https:\/\/www.automakers.cz\/index.php?rest_route=\/wp\/v2\/users\/2"}],"replies":[{"embeddable":true,"href":"https:\/\/www.automakers.cz\/index.php?rest_route=%2Fwp%2Fv2%2Fcomments&post=11382"}],"version-history":[{"count":4,"href":"https:\/\/www.automakers.cz\/index.php?rest_route=\/wp\/v2\/posts\/11382\/revisions"}],"predecessor-version":[{"id":11390,"href":"https:\/\/www.automakers.cz\/index.php?rest_route=\/wp\/v2\/posts\/11382\/revisions\/11390"}],"wp:featuredmedia":[{"embeddable":true,"href":"https:\/\/www.automakers.cz\/index.php?rest_route=\/wp\/v2\/media\/11383"}],"wp:attachment":[{"href":"https:\/\/www.automakers.cz\/index.php?rest_route=%2Fwp%2Fv2%2Fmedia&parent=11382"}],"wp:term":[{"taxonomy":"category","embeddable":true,"href":"https:\/\/www.automakers.cz\/index.php?rest_route=%2Fwp%2Fv2%2Fcategories&post=11382"},{"taxonomy":"post_tag","embeddable":true,"href":"https:\/\/www.automakers.cz\/index.php?rest_route=%2Fwp%2Fv2%2Ftags&post=11382"}],"curies":[{"name":"wp","href":"https:\/\/api.w.org\/{rel}","templated":true}]}}