{"id":11391,"date":"2025-03-10T09:45:14","date_gmt":"2025-03-10T09:45:14","guid":{"rendered":"https:\/\/www.automakers.cz\/?p=11391"},"modified":"2025-03-11T12:33:18","modified_gmt":"2025-03-11T12:33:18","slug":"autosap-automobilky-potrebuji-delsi-prechodne-obdobi","status":"publish","type":"post","link":"https:\/\/www.automakers.cz\/?p=11391","title":{"rendered":"AutoSAP: automobilky pot\u0159ebuj\u00ed del\u0161\u00ed p\u0159echodn\u00e9 obdob\u00ed"},"content":{"rendered":"<p><strong>Sdru\u017een\u00ed automobilov\u00e9ho pr\u016fmyslu pozitivn\u011b hodnot\u00ed diskusi o pragmati\u010dt\u011bj\u0161\u00edm p\u0159\u00edstupu k dekarbonizaci a oce\u0148uje uzn\u00e1n\u00ed pot\u0159eby \u0159e\u0161it nesmysln\u00e9 penalizov\u00e1n\u00ed za hroz\u00edc\u00ed nespln\u011bn\u00ed c\u00edl\u016f za roky 2025 a 2026. Z\u00e1rove\u0148 upozor\u0148uje na nezbytnost systemati\u010dt\u011bj\u0161\u00edho a del\u0161\u00edho p\u0159echodn\u00e9ho obdob\u00ed pro spln\u011bn\u00ed CO\u2082 c\u00edl\u016f.<\/strong><!--more--><\/p>\n<p>&#8222;V\u00edt\u00e1me otev\u0159en\u00fd dialog a skute\u010dnost, \u017ee Evropsk\u00e1 komise pochopila urgentn\u00ed situaci v oblasti CO\u2082 regulace pro rok 2025. Navr\u017een\u00e9 \u0159e\u0161en\u00ed, zpr\u016fm\u011brov\u00e1n\u00ed c\u00edlov\u00e9ho obdob\u00ed na t\u0159i roky, je krokem spr\u00e1vn\u00fdm sm\u011brem, av\u0161ak t\u0159\u00edlet\u00e9 obdob\u00ed pro pln\u011bn\u00ed c\u00edl\u016f je nedostate\u010dn\u00e9. Od po\u010d\u00e1tku jsme prosazovali, aby byl tento horizont prodlou\u017een na p\u011bt let, co\u017e by poskytlo pr\u016fmyslu v\u011bt\u0161\u00ed jistotu a stabilitu,&#8220; \u0159\u00edk\u00e1 Zden\u011bk Petzl, v\u00fdkonn\u00fd \u0159editel Sdru\u017een\u00ed automobilov\u00e9ho pr\u016fmyslu.<\/p>\n<p>Syst\u00e9m pr\u016fm\u011brov\u00e1n\u00ed emis\u00ed CO\u2082 v del\u0161\u00edm \u010dasov\u00e9m horizontu byl Sdru\u017een\u00edm automobilov\u00e9ho pr\u016fmyslu i \u010desk\u00fdmi vl\u00e1dn\u00edmi p\u0159edstaviteli, v\u010detn\u011b premi\u00e9ra Petra Fialy a ministra dopravy Martina Kupky, navr\u017een ji\u017e na p\u0159elomu listopadu a prosince 2024. Na\u0161e anal\u00fdzy a tr\u017en\u00ed progn\u00f3zy ukazuj\u00ed, \u017ee t\u0159i roky nejsou dostate\u010dn\u00e9, a i nad\u00e1le by takto nastaven\u00e9 c\u00edle CO2 vedly k pokut\u00e1m v miliard\u00e1ch eur. Proto \u010cesk\u00e1 republika od za\u010d\u00e1tku prosazuje prodlou\u017een\u00ed tohoto obdob\u00ed na p\u011bt let, co\u017e jsme za Sdru\u017een\u00ed automobilov\u00e9ho pr\u016fmyslu opakovan\u011b zd\u016fraz\u0148ovali i v r\u00e1mci jedn\u00e1n\u00ed t\u00e9matick\u00e9 skupiny s v\u00fdkonn\u00fdm m\u00edstop\u0159edsedou Evropsk\u00e9 komise pro prosperitu a pr\u016fmyslovou strategii St\u00e9phanem S\u00e9journ\u00e9m.<\/p>\n<p>V\u00edt\u00e1me, \u017ee vedle emis\u00ed se strategick\u00fd dialog zam\u011b\u0159uje i na dal\u0161\u00ed nem\u00e9n\u011b d\u016fle\u017eit\u00e9 oblasti \u2013 baterie, autonomn\u00ed mobilitu a podm\u00ednky pro t\u011b\u017ekou dopravu a autobusy.<\/p>\n<p>&#8222;Podpora evropsk\u00e9ho dodavatelsk\u00e9ho \u0159et\u011bzce bateri\u00ed a autonomn\u00ed mobility je pozitivn\u00edm sign\u00e1lem. Je nezbytn\u00e9 zajistit i odpov\u00eddaj\u00edc\u00ed podm\u00ednky pro t\u011b\u017ekou dopravu a autobusy. Tato odv\u011btv\u00ed \u010del\u00ed specifick\u00fdm v\u00fdzv\u00e1m, kter\u00e9 dosud nenalezly pat\u0159i\u010dn\u00e9 uzn\u00e1n\u00ed v legislativn\u00edch pl\u00e1nech EU,&#8220; dopl\u0148uje Marco Boggian, vedouc\u00ed regulatorn\u00edch z\u00e1le\u017eitost\u00ed ve Sdru\u017een\u00ed automobilov\u00e9ho pr\u016fmyslu.<\/p>\n<p>Zna\u010dn\u00fd posun vp\u0159ed c\u00edt\u00edme i v r\u00e1mci ostatn\u00edch prioritn\u00edch t\u00e9mat strategick\u00e9ho dialogu, kter\u00e1 mohou na\u0161emu pr\u016fmyslu v tomto obdob\u00ed pln\u00e9m v\u00fdzev v\u00fdrazn\u011b pomoci. K t\u011bm se vyj\u00e1d\u0159\u00edme po zve\u0159ejn\u011bn\u00ed a d\u016fkladn\u00e9m prostudov\u00e1n\u00ed ofici\u00e1ln\u00edho ak\u010dn\u00edho pl\u00e1nu pro automobilov\u00fd pr\u016fmysl, kter\u00fd o\u010dek\u00e1v\u00e1me ji\u017e 5. b\u0159ezna. Pevn\u011b v\u0161ak v\u011b\u0159\u00edme, \u017ee bude reflektovat co nejv\u00edce z na\u0161ich priorit, kter\u00e9 jsme aktivn\u011b komunikovali sm\u011brem k Evropsk\u00e9 komisi.<\/p>\n<p><strong>Kl\u00ed\u010dov\u00e9 priority AutoSAP pro budoucnost evropsk\u00e9ho automobilov\u00e9ho pr\u016fmyslu:<\/strong><\/p>\n<p>1. Zjednodu\u0161en\u00ed regulac\u00ed a odstran\u011bn\u00ed legislativn\u00edch p\u0159ek\u00e1\u017eek \u2013 Flexibiln\u011bj\u0161\u00ed mechanismy pro pln\u011bn\u00ed CO\u2082 c\u00edl\u016f, technologicky neutr\u00e1ln\u00ed p\u0159\u00edstup a eliminace neefektivn\u00edch sankc\u00ed.<\/p>\n<p>2. Investice do inovac\u00ed a technologick\u00e9ho rozvoje \u2013 Podpora v\u00fdzkumu v oblasti bateri\u00ed, vod\u00edkov\u00fdch technologi\u00ed a autonomn\u00ed mobility.<\/p>\n<p>3. Podpora evropsk\u00fdch v\u00fdrobc\u016f a udr\u017een\u00ed pr\u016fmyslov\u00e9 v\u00fdroby v Evrop\u011b \u2013 Posilov\u00e1n\u00ed konkurenceschopnosti a zaji\u0161t\u011bn\u00ed cenov\u011b dostupn\u00e9 energie pro v\u00fdrobce.<\/p>\n<p>4. Dostupnost surovin a zaji\u0161t\u011bn\u00ed strategick\u00fdch dodavatelsk\u00fdch \u0159et\u011bzc\u016f \u2013 Efektivn\u011bj\u0161\u00ed p\u0159\u00edstup k surovin\u00e1m pro baterie a modern\u00ed technologie.<\/p>\n<p>Oce\u0148ujeme spole\u010dnou snahu Evropsk\u00e9 komise a kl\u00ed\u010dov\u00fdch akt\u00e9r\u016f na poli evropsk\u00e9 politiky p\u0159i hled\u00e1n\u00ed pragmatick\u00fdch \u0159e\u0161en\u00ed pro automobilov\u00fd pr\u016fmysl. V\u011b\u0159\u00edme, \u017ee ak\u010dn\u00ed pl\u00e1n pro automobilov\u00fd sektor bude reflektovat na\u0161e priority a t\u011b\u0161\u00edme se na spolupr\u00e1ci s evropsk\u00fdmi institucemi p\u0159i jeho implementaci. Jsme p\u0159ipraveni nad\u00e1le aktivn\u011b p\u0159isp\u00edvat k rozvoji udr\u017eitelnosti a konkurenceschopnosti automobilov\u00e9ho pr\u016fmyslu v Evrop\u011b.<\/p>\n<p><strong>Sdru\u017een\u00ed automobilov\u00e9ho pr\u016fmyslu je dobrovoln\u00e9 sdru\u017een\u00ed spole\u010dnost\u00ed zapojen\u00fdch do v\u00fdrobn\u00edho \u0159et\u011bzce automobilov\u00e9ho pr\u016fmyslu \u010cesk\u00e9 republiky.<\/strong><\/p>\n<p>Sdru\u017euje tak\u00e9 subjekty aktivn\u00ed ve v\u00fdzkumu a v\u00fdvoji, testov\u00e1n\u00ed a certifikaci, vysok\u00e9 \u0161koly a dal\u0161\u00ed poskytovatele slu\u017eeb, kte\u0159\u00ed maj\u00ed z\u00e1jem aktivn\u011b p\u0159isp\u00edvat k rozvoji \u010desk\u00e9ho automobilov\u00e9ho pr\u016fmyslu. Sdru\u017een\u00ed vytv\u00e1\u0159\u00ed platformu pro jejich vz\u00e1jemnou komunikaci a podporu spole\u010dn\u00e9ho c\u00edle \u2013 zabezpe\u010den\u00ed trval\u00e9 konkurenceschopnosti sektoru.<\/p>\n<p>Automobilov\u00fd pr\u016fmysl je nejv\u00fdznamn\u011bj\u0161\u00edm odv\u011btv\u00edm zpracovatelsk\u00e9ho pr\u016fmyslu \u010cesk\u00e9 republiky, na jej\u00edm HDP se pod\u00edl\u00ed t\u00e9m\u011b\u0159 10 procenty. P\u0159\u00edmo zam\u011bstn\u00e1v\u00e1 zhruba 180 tis\u00edc pracovn\u00edk\u016f, nep\u0159\u00edmo, tedy v\u010detn\u011b navazuj\u00edc\u00edch obor\u016f, t\u00e9m\u011b\u0159 500 tis\u00edc.<\/p>\n<p>V roce 2024 bylo v \u010cesk\u00e9 republice vyrobeno 1 477 663 silni\u010dn\u00edch vozidel v\u0161ech typ\u016f, z nich\u017e 1 452 881 p\u0159edstavovaly osobn\u00ed automobily.<\/p>\n<p><strong>Zdroj: www.autosap.cz<\/strong><\/p>\n","protected":false},"excerpt":{"rendered":"<p>Sdru\u017een\u00ed automobilov\u00e9ho pr\u016fmyslu pozitivn\u011b hodnot\u00ed diskusi o pragmati\u010dt\u011bj\u0161\u00edm p\u0159\u00edstupu k dekarbonizaci a oce\u0148uje uzn\u00e1n\u00ed pot\u0159eby&#8230;<\/p>\n","protected":false},"author":1,"featured_media":3525,"comment_status":"closed","ping_status":"closed","sticky":false,"template":"","format":"standard","meta":{"footnotes":""},"categories":[25,18],"tags":[],"class_list":["post-11391","post","type-post","status-publish","format-standard","has-post-thumbnail","hentry","category-legislativa","category-vyroba"],"_links":{"self":[{"href":"https:\/\/www.automakers.cz\/index.php?rest_route=\/wp\/v2\/posts\/11391","targetHints":{"allow":["GET"]}}],"collection":[{"href":"https:\/\/www.automakers.cz\/index.php?rest_route=\/wp\/v2\/posts"}],"about":[{"href":"https:\/\/www.automakers.cz\/index.php?rest_route=\/wp\/v2\/types\/post"}],"author":[{"embeddable":true,"href":"https:\/\/www.automakers.cz\/index.php?rest_route=\/wp\/v2\/users\/1"}],"replies":[{"embeddable":true,"href":"https:\/\/www.automakers.cz\/index.php?rest_route=%2Fwp%2Fv2%2Fcomments&post=11391"}],"version-history":[{"count":1,"href":"https:\/\/www.automakers.cz\/index.php?rest_route=\/wp\/v2\/posts\/11391\/revisions"}],"predecessor-version":[{"id":11392,"href":"https:\/\/www.automakers.cz\/index.php?rest_route=\/wp\/v2\/posts\/11391\/revisions\/11392"}],"wp:featuredmedia":[{"embeddable":true,"href":"https:\/\/www.automakers.cz\/index.php?rest_route=\/wp\/v2\/media\/3525"}],"wp:attachment":[{"href":"https:\/\/www.automakers.cz\/index.php?rest_route=%2Fwp%2Fv2%2Fmedia&parent=11391"}],"wp:term":[{"taxonomy":"category","embeddable":true,"href":"https:\/\/www.automakers.cz\/index.php?rest_route=%2Fwp%2Fv2%2Fcategories&post=11391"},{"taxonomy":"post_tag","embeddable":true,"href":"https:\/\/www.automakers.cz\/index.php?rest_route=%2Fwp%2Fv2%2Ftags&post=11391"}],"curies":[{"name":"wp","href":"https:\/\/api.w.org\/{rel}","templated":true}]}}