{"id":11394,"date":"2025-03-04T09:41:44","date_gmt":"2025-03-04T09:41:44","guid":{"rendered":"https:\/\/www.automakers.cz\/?p=11394"},"modified":"2025-03-04T09:42:27","modified_gmt":"2025-03-04T09:42:27","slug":"komise-upravi-system-emisnich-pokut","status":"publish","type":"post","link":"https:\/\/www.automakers.cz\/?p=11394","title":{"rendered":"Leyenov\u00e1 uprav\u00ed syst\u00e9m emisn\u00edch pokut"},"content":{"rendered":"<p class=\"c_a4 g_gR speakable\" data-dot=\"ogm-article-perex\"><strong>Evropsk\u00e1 komise navrhne revizi syst\u00e9mu pokut pro automobilky, kter\u00e9 v leto\u0161n\u00edm roce nepln\u00ed emisn\u00ed c\u00edle. \u00daprava m\u00e1 v\u00fdrobc\u016fm poskytnout v\u00edce \u010dasu na to, aby Bruselem vyt\u00fd\u010den\u00fdch c\u00edl\u016f mohly dos\u00e1hnout. O \u00faprav\u011b\u00a0 informovala na pond\u011bln\u00ed tiskov\u00e9 konferenci p\u0159edsedkyn\u011b Komise Ursula von der Leyenov\u00e1.<\/strong><!--more--><\/p>\n<div class=\"_6231b388c0086990921bf42b ogm-container\">\n<div class=\"g_g-\" data-e2e=\"ogm-article-layout\">\n<article class=\"g_g1\" role=\"article\" aria-labelledby=\"accessibility-article\">\n<div class=\"g_g0\" data-dot=\"ogm-article-content\">\n<div class=\"e_ei e_et\">\n<div class=\"e_a4 speakable\" data-dot=\"mol-paragraph\">\n<p class=\"c_a4\"><span class=\"c_eG\">Pokud se tak stane, tak v\u00a0leto\u0161n\u00edm roce se v\u00fdrobci automobil\u016f, kte\u0159\u00ed by emisn\u00ed c\u00edle jinak nesplnili, placen\u00ed vysok\u00fdch pokut vyhnou. To je v\u00edtan\u00e1 \u00faleva v\u00a0dob\u011b, kdy podniky bojuj\u00ed s\u00a0poklesem popt\u00e1vky \u010di levn\u011bj\u0161\u00ed \u010d\u00ednskou konkurenc\u00ed.<\/span><\/p>\n<\/div>\n<div class=\"e_a4 speakable\" data-dot=\"mol-paragraph\">\n<p class=\"c_a4\"><span class=\"c_eG\">Proti pokut\u00e1m pro automobilky nepln\u00edc\u00ed emisn\u00ed c\u00edle se v\u00a0Evrop\u011b vzedmul odpor ze strany n\u011bkolika st\u00e1t\u016f v\u010detn\u011b \u010cesk\u00e9 republiky. Ta spole\u010dn\u011b s\u00a0It\u00e1li\u00ed prosazovala pl\u00e1n, podle kter\u00e9ho by automobilky pokuty letos neplatily. Iniciativa nal\u00e9hala tak\u00e9 na p\u0159ehodnocen\u00ed z\u00e1kazu prodeje aut se spalovac\u00edmi motory od roku 2035.\u00a0Podpory se ob\u011b zem\u011b do\u010dkaly t\u0159eba u\u00a0N\u011bmecka, Rakouska nebo Polska.<\/span><\/p>\n<p><strong>Zdroj: novinky.cz<\/strong><\/p>\n<\/div>\n<\/div>\n<\/div>\n<\/article>\n<\/div>\n<\/div>\n","protected":false},"excerpt":{"rendered":"<p>Evropsk\u00e1 komise navrhne revizi syst\u00e9mu pokut pro automobilky, kter\u00e9 v leto\u0161n\u00edm roce nepln\u00ed emisn\u00ed c\u00edle&#8230;.<\/p>\n","protected":false},"author":1,"featured_media":10280,"comment_status":"closed","ping_status":"closed","sticky":false,"template":"","format":"standard","meta":{"footnotes":""},"categories":[57,31],"tags":[],"class_list":["post-11394","post","type-post","status-publish","format-standard","has-post-thumbnail","hentry","category-emise","category-news"],"_links":{"self":[{"href":"https:\/\/www.automakers.cz\/index.php?rest_route=\/wp\/v2\/posts\/11394","targetHints":{"allow":["GET"]}}],"collection":[{"href":"https:\/\/www.automakers.cz\/index.php?rest_route=\/wp\/v2\/posts"}],"about":[{"href":"https:\/\/www.automakers.cz\/index.php?rest_route=\/wp\/v2\/types\/post"}],"author":[{"embeddable":true,"href":"https:\/\/www.automakers.cz\/index.php?rest_route=\/wp\/v2\/users\/1"}],"replies":[{"embeddable":true,"href":"https:\/\/www.automakers.cz\/index.php?rest_route=%2Fwp%2Fv2%2Fcomments&post=11394"}],"version-history":[{"count":4,"href":"https:\/\/www.automakers.cz\/index.php?rest_route=\/wp\/v2\/posts\/11394\/revisions"}],"predecessor-version":[{"id":11398,"href":"https:\/\/www.automakers.cz\/index.php?rest_route=\/wp\/v2\/posts\/11394\/revisions\/11398"}],"wp:featuredmedia":[{"embeddable":true,"href":"https:\/\/www.automakers.cz\/index.php?rest_route=\/wp\/v2\/media\/10280"}],"wp:attachment":[{"href":"https:\/\/www.automakers.cz\/index.php?rest_route=%2Fwp%2Fv2%2Fmedia&parent=11394"}],"wp:term":[{"taxonomy":"category","embeddable":true,"href":"https:\/\/www.automakers.cz\/index.php?rest_route=%2Fwp%2Fv2%2Fcategories&post=11394"},{"taxonomy":"post_tag","embeddable":true,"href":"https:\/\/www.automakers.cz\/index.php?rest_route=%2Fwp%2Fv2%2Ftags&post=11394"}],"curies":[{"name":"wp","href":"https:\/\/api.w.org\/{rel}","templated":true}]}}