{"id":11417,"date":"2025-03-05T16:41:31","date_gmt":"2025-03-05T16:41:31","guid":{"rendered":"https:\/\/www.automakers.cz\/?p=11417"},"modified":"2025-03-06T09:57:59","modified_gmt":"2025-03-06T09:57:59","slug":"anketa-zlaty-volant-slibuje-nove-trofeje","status":"publish","type":"post","link":"https:\/\/www.automakers.cz\/?p=11417","title":{"rendered":"Anketa Zlat\u00fd volant slibuje nov\u00e9 trofeje"},"content":{"rendered":"<p><strong>Anketu Zlat\u00fd volant \u010dek\u00e1 slavnostn\u00ed gala. Aktu\u00e1ln\u00ed trofej bude m\u00edt <\/strong><strong>podobu. Organiz\u00e1to\u0159i spojili s\u00edly se skl\u00e1rnou Pa\u010dinek Glass, kter\u00e1 vyrob\u00ed trofeje z k\u0159i\u0161\u0165\u00e1lov\u00e9ho skla s p\u0159\u00edm\u011bs\u00ed zlat\u00e9 sl\u00eddy. Ka\u017ed\u00fd kus tak bude unik\u00e1tn\u00edm d\u00edlem, jeho\u017e design navrhl David Sobotka a v\u00fdrobu zajistil skl\u00e1\u0159sk\u00fd mistr Ji\u0159\u00ed Pa\u010dinek.<\/strong><!--more--><\/p>\n<h4><b>Um\u011bn\u00ed spojen\u00e9 s \u0159emeslem: Trofeje, kter\u00e9 z\u00e1\u0159\u00ed sv\u011btlem<\/b><\/h4>\n<p>Nov\u00e9 trofeje Zlat\u00e9ho volantu jsou nejen symbolem v\u00edt\u011bzstv\u00ed, ale i mistrovsk\u00fdm d\u00edlem skl\u00e1\u0159sk\u00e9ho um\u011bn\u00ed.\u00a0<b>Kombinace ru\u010dn\u00edho tvarov\u00e1n\u00ed, fouk\u00e1n\u00ed, odl\u00e9v\u00e1n\u00ed a lepen\u00ed skla<\/b>\u00a0umo\u017en\u00ed vznik ocen\u011bn\u00ed s jedine\u010dn\u00fdmi optick\u00fdmi efekty, kter\u00e9 zachyt\u00ed sv\u011btlo a dodaj\u00ed trofej\u00edm dynamiku i eleganci. P\u0159\u00edm\u011bs\u00a0<b>zlat\u00e9 sl\u00eddy<\/b>\u00a0pak zajist\u00ed jemn\u00fd t\u0159pyt, kter\u00fd podtrhne jejich exkluzivitu.<\/p>\n<p><img loading=\"lazy\" decoding=\"async\" class=\"alignnone size-medium wp-image-11419\" src=\"http:\/\/www.automakers.cz\/wp-content\/uploads\/2025\/03\/Zlaty-volant-trofej-900x600.jpg\" alt=\"\" width=\"900\" height=\"600\" \/><\/p>\n<p><b>David Sobotka<\/b>, autor designu, popisuje svou inspiraci:\u00a0<i>&#8222;Cht\u011bl jsem, aby trofeje odr\u00e1\u017eely kr\u00e1su, energii a dynamiku motorsportu. Sklo je fascinuj\u00edc\u00ed materi\u00e1l, stejn\u011b jako v\u00fdkony jezdc\u016f za volantem \u010di \u0159\u00edd\u00edtky. Jako skl\u00e1\u0159i pro\u017e\u00edv\u00e1me se skl\u00e1\u0159skou p\u00ed\u0161\u0165alou a sklovinou podobn\u00fd adrenalin. Sklo je k\u0159ehk\u00e9 a siln\u00e9 z\u00e1rove\u0148 \u2013 stejn\u011b jako okam\u017eiky proher i v\u00edt\u011bzstv\u00ed. V\u011b\u0159\u00edm, \u017ee jeho optick\u00e9 efekty dodaj\u00ed trofej\u00edm nejen estetiku, ale i jedine\u010dnou emoci. Sklo spojuje\u2026&#8220;<\/i><\/p>\n<p>V\u00fdrobu zajistil\u00a0<b>Ji\u0159\u00ed Pa\u010dinek<\/b>, jeho\u017e skl\u00e1\u0159sk\u00e1 d\u00edlna je zn\u00e1m\u00e1 tradi\u010dn\u00edm \u0159emesln\u00fdm p\u0159\u00edstupem ke zpracov\u00e1n\u00ed skla. Ka\u017ed\u00e1 trofej projde n\u00e1ro\u010dn\u00fdm procesem, kde se snoub\u00ed tradi\u010dn\u00ed \u0159emeslo s um\u011bleck\u00fdm pojet\u00edm. V\u00fdsledkem jsou\u00a0<b>unik\u00e1tn\u00ed trofeje<\/b>, kter\u00e9 budou nejen cenou pro v\u00edt\u011bze, ale i hodnotn\u00fdm um\u011bleck\u00fdm objektem.<\/p>\n<figure id=\"attachment_11048\" aria-describedby=\"caption-attachment-11048\" style=\"width: 900px\" class=\"wp-caption alignnone\"><img loading=\"lazy\" decoding=\"async\" class=\"size-medium wp-image-11048\" src=\"http:\/\/www.automakers.cz\/wp-content\/uploads\/2025\/02\/alessi_krenek-900x600.jpg\" alt=\"\" width=\"900\" height=\"600\" srcset=\"https:\/\/www.automakers.cz\/wp-content\/uploads\/2025\/02\/alessi_krenek-900x600.jpg 900w, https:\/\/www.automakers.cz\/wp-content\/uploads\/2025\/02\/alessi_krenek-1024x683.jpg 1024w, https:\/\/www.automakers.cz\/wp-content\/uploads\/2025\/02\/alessi_krenek-768x512.jpg 768w, https:\/\/www.automakers.cz\/wp-content\/uploads\/2025\/02\/alessi_krenek-1536x1024.jpg 1536w, https:\/\/www.automakers.cz\/wp-content\/uploads\/2025\/02\/alessi_krenek-2048x1365.jpg 2048w\" sizes=\"auto, (max-width: 900px) 100vw, 900px\" \/><figcaption id=\"caption-attachment-11048\" class=\"wp-caption-text\">Jean Alesi, FOTO: Autodrom Most<\/figcaption><\/figure>\n<h4><b>Hlavn\u00ed hv\u011bzdou slavnostn\u00edho ve\u010dera bude Jean Alesi<\/b><\/h4>\n<p>Slavnostn\u00ed vyhl\u00e1\u0161en\u00ed v\u00fdsledk\u016f prob\u011bhne\u00a0<b>6. b\u0159ezna v N\u00e1rodn\u00edm technick\u00e9m muzeu v Praze<\/b>, kde budou ocen\u011bni nejlep\u0161\u00ed \u010de\u0161t\u00ed z\u00e1vodn\u00edci uplynul\u00e9ho roku. Hlavn\u00ed zahrani\u010dn\u00ed hv\u011bzdou leto\u0161n\u00edho ro\u010dn\u00edku bude\u00a0<b>Jean Alesi<\/b>, b\u00fdval\u00fd pilot Formule 1 a v\u00edt\u011bz Velk\u00e9 ceny Kanady, kter\u00fd p\u0159evezme ocen\u011bn\u00ed\u00a0<b>Osobnost sv\u011btov\u00e9ho motorsportu \u2013 Zlat\u00fd volant<\/b>. Spole\u010dn\u011b s n\u00edm si cenu odnese i\u00a0<b>Ana Carrasco<\/b>, historicky prvn\u00ed \u017eena, kter\u00e1 zv\u00edt\u011bzila v mistrovstv\u00ed sv\u011bta silni\u010dn\u00edch motocykl\u016f. Ta z\u00edsk\u00e1 ocen\u011bn\u00ed\u00a0<b>Osobnost sv\u011btov\u00e9ho motorsportu \u2013 Zlat\u00e1 \u0159\u00edd\u00edtka<\/b>.<\/p>\n<p>Vedle hlavn\u00edch kategori\u00ed\u00a0<b>Zlat\u00fd volant, Zlat\u00e1 \u0159\u00edd\u00edtka, Talent roku a Cena Eli\u0161ky Junkov\u00e9<\/b>\u00a0se pravideln\u011b vyhla\u0161uje i v\u00edt\u011bz fotografick\u00e9 ankety\u00a0<b>Zlat\u00e9 oko<\/b>.<\/p>\n<h4><b>Expedi\u010dn\u00ed vozy m\u00ed\u0159\u00ed na EXPO 2025 \u2013 fanou\u0161ci si je mohou poprv\u00e9 prohl\u00e9dnout<\/b><\/h4>\n<p>Slavnostn\u00ed ve\u010der p\u0159inese i dal\u0161\u00ed atraktivn\u00ed pod\u00edvanou pro fanou\u0161ky motorsportu a dobrodru\u017estv\u00ed.\u00a0<b>P\u0159ed budovou N\u00e1rodn\u00edho technick\u00e9ho muzea bude vystaveno p\u011bt ze sedmi expedi\u010dn\u00edch vozidel ROBOT Expedice Praha\u2013\u00d3saka Expo 2025<\/b>. Tato speci\u00e1ln\u011b upraven\u00e1 auta se 21. \u010dervna vydaj\u00ed na\u00a0<b>velkolepou cestu do Japonska<\/b>, kde budou reprezentovat \u010ceskou republiku na sv\u011btov\u00e9 v\u00fdstav\u011b Expo 2025 v \u00d3sace.<\/p>\n<p><img loading=\"lazy\" decoding=\"async\" class=\"alignnone size-medium wp-image-11014\" src=\"http:\/\/www.automakers.cz\/wp-content\/uploads\/2025\/02\/Zajicek-Zlaty-volant-Pilotu-900x506.jpg\" alt=\"\" width=\"900\" height=\"506\" srcset=\"https:\/\/www.automakers.cz\/wp-content\/uploads\/2025\/02\/Zajicek-Zlaty-volant-Pilotu-900x506.jpg 900w, https:\/\/www.automakers.cz\/wp-content\/uploads\/2025\/02\/Zajicek-Zlaty-volant-Pilotu-1024x576.jpg 1024w, https:\/\/www.automakers.cz\/wp-content\/uploads\/2025\/02\/Zajicek-Zlaty-volant-Pilotu-768x432.jpg 768w, https:\/\/www.automakers.cz\/wp-content\/uploads\/2025\/02\/Zajicek-Zlaty-volant-Pilotu-1536x864.jpg 1536w, https:\/\/www.automakers.cz\/wp-content\/uploads\/2025\/02\/Zajicek-Zlaty-volant-Pilotu-1280x720.jpg 1280w, https:\/\/www.automakers.cz\/wp-content\/uploads\/2025\/02\/Zajicek-Zlaty-volant-Pilotu.jpg 2040w\" sizes=\"auto, (max-width: 900px) 100vw, 900px\" \/>Za expedic\u00ed stoj\u00ed skupina nad\u0161enc\u016f veden\u00e1\u00a0<b>Josefem Zaj\u00ed\u010dkem<\/b>, po\u0159adatelem ankety Zlat\u00fd volant.\u00a0<b>Fanou\u0161ci budou m\u00edt v\u016fbec poprv\u00e9 p\u0159\u00edle\u017eitost vid\u011bt vozy p\u0159ipraven\u00e9 na tuto dobrodru\u017enou v\u00fdpravu, kter\u00e1 je nejen technickou, ale i lidskou v\u00fdzvou<\/b>.<\/p>\n<p><strong>Zdroj: Zlat\u00fd volant<\/strong><\/p>\n<p><strong>P\u016fvodn\u00ed trofej byla z pozlacen\u00e9ho kovu<\/strong><\/p>\n<p><img loading=\"lazy\" decoding=\"async\" class=\"alignnone size-medium wp-image-3279\" src=\"http:\/\/www.automakers.cz\/wp-content\/uploads\/2024\/04\/Zlaty-volant-cena-900x600.jpg\" alt=\"\" width=\"900\" height=\"600\" srcset=\"https:\/\/www.automakers.cz\/wp-content\/uploads\/2024\/04\/Zlaty-volant-cena-900x600.jpg 900w, https:\/\/www.automakers.cz\/wp-content\/uploads\/2024\/04\/Zlaty-volant-cena-1024x683.jpg 1024w, https:\/\/www.automakers.cz\/wp-content\/uploads\/2024\/04\/Zlaty-volant-cena-768x512.jpg 768w, https:\/\/www.automakers.cz\/wp-content\/uploads\/2024\/04\/Zlaty-volant-cena.jpg 1105w\" sizes=\"auto, (max-width: 900px) 100vw, 900px\" \/><\/p>\n","protected":false},"excerpt":{"rendered":"<p>Anketu Zlat\u00fd volant \u010dek\u00e1 slavnostn\u00ed gala. Aktu\u00e1ln\u00ed trofej bude m\u00edt podobu. Organiz\u00e1to\u0159i spojili s\u00edly se&#8230;<\/p>\n","protected":false},"author":1,"featured_media":11437,"comment_status":"closed","ping_status":"closed","sticky":false,"template":"","format":"standard","meta":{"footnotes":""},"categories":[32,13,19],"tags":[],"class_list":["post-11417","post","type-post","status-publish","format-standard","has-post-thumbnail","hentry","category-ankety","category-design","category-motorsport"],"_links":{"self":[{"href":"https:\/\/www.automakers.cz\/index.php?rest_route=\/wp\/v2\/posts\/11417","targetHints":{"allow":["GET"]}}],"collection":[{"href":"https:\/\/www.automakers.cz\/index.php?rest_route=\/wp\/v2\/posts"}],"about":[{"href":"https:\/\/www.automakers.cz\/index.php?rest_route=\/wp\/v2\/types\/post"}],"author":[{"embeddable":true,"href":"https:\/\/www.automakers.cz\/index.php?rest_route=\/wp\/v2\/users\/1"}],"replies":[{"embeddable":true,"href":"https:\/\/www.automakers.cz\/index.php?rest_route=%2Fwp%2Fv2%2Fcomments&post=11417"}],"version-history":[{"count":3,"href":"https:\/\/www.automakers.cz\/index.php?rest_route=\/wp\/v2\/posts\/11417\/revisions"}],"predecessor-version":[{"id":11438,"href":"https:\/\/www.automakers.cz\/index.php?rest_route=\/wp\/v2\/posts\/11417\/revisions\/11438"}],"wp:featuredmedia":[{"embeddable":true,"href":"https:\/\/www.automakers.cz\/index.php?rest_route=\/wp\/v2\/media\/11437"}],"wp:attachment":[{"href":"https:\/\/www.automakers.cz\/index.php?rest_route=%2Fwp%2Fv2%2Fmedia&parent=11417"}],"wp:term":[{"taxonomy":"category","embeddable":true,"href":"https:\/\/www.automakers.cz\/index.php?rest_route=%2Fwp%2Fv2%2Fcategories&post=11417"},{"taxonomy":"post_tag","embeddable":true,"href":"https:\/\/www.automakers.cz\/index.php?rest_route=%2Fwp%2Fv2%2Ftags&post=11417"}],"curies":[{"name":"wp","href":"https:\/\/api.w.org\/{rel}","templated":true}]}}