{"id":11492,"date":"2025-03-10T08:54:45","date_gmt":"2025-03-10T08:54:45","guid":{"rendered":"https:\/\/www.automakers.cz\/?p=11492"},"modified":"2025-03-10T08:56:38","modified_gmt":"2025-03-10T08:56:38","slug":"dohady-kolem-dotace-autoklubu-cr","status":"publish","type":"post","link":"https:\/\/www.automakers.cz\/?p=11492","title":{"rendered":"Dohady kolem dotace Autoklubu \u010cR"},"content":{"rendered":"<p><strong> Parlamentn\u00edListy.cz (PL) se zab\u00fdvaj\u00ed \u00fadajn\u00fdmi nesrovnalostmi kolem st\u00e1tn\u00ed dotace Autoklubu \u010cR. <span class=\"highlight-E1id0 highlight-E4id0 highlight-E1M highlight-E4M\">Ten <\/span>st\u00e1tu nevr\u00e1til ve lh\u016ft\u011b necel\u00fdch 11 milion\u016f korun z dotace na kon\u00e1n\u00ed <span class=\"highlight-query\">automobilov\u00e9ho<\/span> z\u00e1vodu, kter\u00e9 byly \u00fadajn\u011b pou\u017eity v rozporu s dota\u010dn\u00edmi pravidly. <\/strong><!--more--><\/p>\n<p>\u201eAutoklub <span class=\"highlight-E0id1 highlight-E0M\">\u010cesk\u00e9<\/span> <span class=\"highlight-E0id1 highlight-E0M\">republiky<\/span> nereagoval ve stanoven\u00e9 lh\u016ft\u011b na V\u00fdzvu k vr\u00e1cen\u00ed \u010d\u00e1sti dotace ve v\u00fd\u0161i 10 840 995 K\u010d, pro\u010de\u017e <span class=\"highlight-E1id1 highlight-E1M\">NSA<\/span> v\u011bc d\u00e1le postoupila org\u00e1n\u016fm <span class=\"highlight-E1id2 highlight-E4id1 highlight-E1M highlight-E4M\">finan\u010dn\u00ed<\/span> <span class=\"highlight-E4id1 highlight-E1id2 highlight-E4M highlight-E1M\">spr\u00e1vy<\/span>,\u201c dodala <span class=\"highlight-E5id0 highlight-E5M\">mluv\u010d\u00ed<\/span> N\u00e1rodn\u00ed sportovn\u00ed agentury Panovsk\u00e1 pro Parlamentn\u00edListy.cz.<\/p>\n<p>Podle <span class=\"highlight-E5id9 highlight-E5M\">ekonomky<\/span> <span class=\"highlight-E2id0 highlight-E2M\">Mark\u00e9ty<\/span> <span class=\"highlight-E2id0 highlight-E2M\">\u0160ichta\u0159ov\u00e9<\/span> je jednozna\u010dn\u011b \u0161patn\u011b, kdy\u017e st\u00e1t umo\u017e\u0148uje dotovan\u00fdm subjekt\u016fm, aby prost\u0159edky <span class=\"highlight-E5id13 highlight-E5M\">da\u0148ov\u00fdch<\/span> <span class=\"highlight-E5id13 highlight-E5M\">poplatn\u00edk\u016f<\/span> vyu\u017e\u00edvaly i k takto vysok\u00fdm osobn\u00edm odm\u011bn\u00e1m, a nel\u00edb\u00ed se j\u00ed ani takto vysok\u00e9 dotace obecn\u011b.<\/p>\n<p>\u201eJsem celkov\u011b <span class=\"highlight-E5id8 highlight-E5M\">odp\u016frcem<\/span> dotac\u00ed pr\u00e1v\u011b z t\u011bchto d\u016fvod\u016f. Kdyby n\u011bjak\u00e9 rallye bylo v <span class=\"highlight-E0id0 highlight-E0M\">Praze<\/span> natolik \u017e\u00e1dan\u00e9 <span class=\"highlight-E5id12 highlight-E5M\">lidmi<\/span>, zaplat\u00ed se to na vstupenk\u00e1ch, marketingu a jin\u00e9m doprovodn\u00e9m prodeji. Tohle je jednozna\u010dn\u011b vyhazov\u00e1n\u00ed pen\u011bz <span class=\"highlight-E5id13 highlight-E5M\">da\u0148ov\u00fdch<\/span> <span class=\"highlight-E5id13 highlight-E5M\">poplatn\u00edk\u016f<\/span>. Je to transfer pen\u011bz z dan\u00ed k soukrom\u00e9mu sektoru a n\u011bkomu, kdo si o takovou dotaci um\u00ed \u0159\u00edct. Je to nemor\u00e1ln\u00ed. Dnes se u\u017e bohu\u017eel stalo b\u011b\u017en\u00e9 \u017e\u00edt z dotac\u00ed. Probl\u00e9m je jednozna\u010dn\u011b na stran\u011b st\u00e1tu, \u017ee takov\u00e9 dotace umo\u017e\u0148uje. Na dotac\u00edch ze st\u00e1tn\u00edho rozpo\u010dtu by se podle m\u00e9ho n\u00e1zoru dalo ro\u010dn\u011b u\u0161et\u0159it ke sto miliard\u00e1m korun,\u201c uvedla pro Parlamentn\u00edListy.cz <span class=\"highlight-E2id0 highlight-E2M\">Mark\u00e9ta<\/span> <span class=\"highlight-E2id0 highlight-E2M\">\u0160ichta\u0159ov\u00e1<\/span>.<\/p>\n<p><strong>Zdroj: PL<\/strong><\/p>\n","protected":false},"excerpt":{"rendered":"<p>Parlamentn\u00edListy.cz (PL) se zab\u00fdvaj\u00ed \u00fadajn\u00fdmi nesrovnalostmi kolem st\u00e1tn\u00ed dotace Autoklubu \u010cR. Ten st\u00e1tu nevr\u00e1til ve&#8230;<\/p>\n","protected":false},"author":1,"featured_media":2026,"comment_status":"closed","ping_status":"closed","sticky":false,"template":"","format":"standard","meta":{"footnotes":""},"categories":[51,19],"tags":[],"class_list":["post-11492","post","type-post","status-publish","format-standard","has-post-thumbnail","hentry","category-kauza","category-motorsport"],"_links":{"self":[{"href":"https:\/\/www.automakers.cz\/index.php?rest_route=\/wp\/v2\/posts\/11492","targetHints":{"allow":["GET"]}}],"collection":[{"href":"https:\/\/www.automakers.cz\/index.php?rest_route=\/wp\/v2\/posts"}],"about":[{"href":"https:\/\/www.automakers.cz\/index.php?rest_route=\/wp\/v2\/types\/post"}],"author":[{"embeddable":true,"href":"https:\/\/www.automakers.cz\/index.php?rest_route=\/wp\/v2\/users\/1"}],"replies":[{"embeddable":true,"href":"https:\/\/www.automakers.cz\/index.php?rest_route=%2Fwp%2Fv2%2Fcomments&post=11492"}],"version-history":[{"count":3,"href":"https:\/\/www.automakers.cz\/index.php?rest_route=\/wp\/v2\/posts\/11492\/revisions"}],"predecessor-version":[{"id":11495,"href":"https:\/\/www.automakers.cz\/index.php?rest_route=\/wp\/v2\/posts\/11492\/revisions\/11495"}],"wp:featuredmedia":[{"embeddable":true,"href":"https:\/\/www.automakers.cz\/index.php?rest_route=\/wp\/v2\/media\/2026"}],"wp:attachment":[{"href":"https:\/\/www.automakers.cz\/index.php?rest_route=%2Fwp%2Fv2%2Fmedia&parent=11492"}],"wp:term":[{"taxonomy":"category","embeddable":true,"href":"https:\/\/www.automakers.cz\/index.php?rest_route=%2Fwp%2Fv2%2Fcategories&post=11492"},{"taxonomy":"post_tag","embeddable":true,"href":"https:\/\/www.automakers.cz\/index.php?rest_route=%2Fwp%2Fv2%2Ftags&post=11492"}],"curies":[{"name":"wp","href":"https:\/\/api.w.org\/{rel}","templated":true}]}}