{"id":115,"date":"2023-11-06T07:19:47","date_gmt":"2023-11-06T07:19:47","guid":{"rendered":"https:\/\/www.automakers.cz\/?p=115"},"modified":"2023-11-08T09:39:23","modified_gmt":"2023-11-08T09:39:23","slug":"peugeot-matthey-slavi-16-let-na-pozici-pr","status":"publish","type":"post","link":"https:\/\/www.automakers.cz\/?p=115","title":{"rendered":"Peugeot: Matthey slav\u00ed 16 let na pozici PR"},"content":{"rendered":"<p><strong>\u010casopis Automakers p\u0159inesl v listopadu 2007 tuto person\u00e1ln\u00ed zpr\u00e1vu: Peugeot \u010cR m\u00e1 novou PR mana\u017eerku. Na pozici nastoupila Radka Matthey, kter\u00e1 zaji\u0161\u0165uje novin\u00e1\u0159sk\u00fd servis zna\u010dky dosud.<\/strong><!--more--><\/p>\n<p>PR mana\u017eerkou Peugeotu byla do roku 2002 Sylvie Gondokusumo, kterou vyst\u0159\u00eddala Lucie Ku\u010derov\u00e1. Po p\u011bti letech do\u0161lo k dal\u0161\u00edmui st\u0159\u00edd\u00e1n\u00ed str\u00e1\u017e\u00ed.<\/p>\n<p>Lucku, kter\u00e1 tehdy p\u0159e\u0161la do MediaTelu, vyst\u0159\u00eddala Radka Matthey, kter\u00e1 u\u017e pracovala pro Peugeot v jin\u00fdch funkc\u00edch od roku 1997.<\/p>\n<p>&#8222;Radka Matthey se narodila v roce 1974 ve \u0160ternberku, vystudovalka Mendelovu univerzitu v Brn\u011b, do Peugeotu nastoupila v roce 1997 na m\u00edsto vedouc\u00ed logistiky, od roku 2000 pak zast\u00e1vala post vedouc\u00edho obchodn\u00edch metod,&#8220; p\u0159ipomn\u011bl n\u00e1\u0161 \u010dasopis.<\/p>\n<p>Radka v mezidob\u00ed zajistila n\u011bkolik prvenstv\u00ed v anket\u011b PR Roku o nejlep\u0161\u00ed novin\u00e1\u0159sk\u00fd servis mezi spole\u010dnostmi SDA, je \u00fa\u0159aduj\u00edc\u00ed PR Roku i za ro\u010dn\u00edk 2022!<\/p>\n<p><strong>Zdroj: Automakers 9\/2007<br \/>\n<\/strong><\/p>\n<p><img loading=\"lazy\" decoding=\"async\" class=\"alignnone size-medium wp-image-118\" src=\"http:\/\/www.automakers.cz\/wp-content\/uploads\/2023\/11\/Matthey-diplom-parnik-300x200.jpg\" alt=\"\" width=\"300\" height=\"200\" \/><\/p>\n","protected":false},"excerpt":{"rendered":"<p>\u010casopis Automakers p\u0159inesl v listopadu 2007 tuto person\u00e1ln\u00ed zpr\u00e1vu: Peugeot \u010cR m\u00e1 novou PR mana\u017eerku&#8230;.<\/p>\n","protected":false},"author":1,"featured_media":116,"comment_status":"open","ping_status":"open","sticky":false,"template":"","format":"standard","meta":{"footnotes":""},"categories":[5,21],"tags":[],"class_list":["post-115","post","type-post","status-publish","format-standard","has-post-thumbnail","hentry","category-personalie","category-pr"],"_links":{"self":[{"href":"https:\/\/www.automakers.cz\/index.php?rest_route=\/wp\/v2\/posts\/115","targetHints":{"allow":["GET"]}}],"collection":[{"href":"https:\/\/www.automakers.cz\/index.php?rest_route=\/wp\/v2\/posts"}],"about":[{"href":"https:\/\/www.automakers.cz\/index.php?rest_route=\/wp\/v2\/types\/post"}],"author":[{"embeddable":true,"href":"https:\/\/www.automakers.cz\/index.php?rest_route=\/wp\/v2\/users\/1"}],"replies":[{"embeddable":true,"href":"https:\/\/www.automakers.cz\/index.php?rest_route=%2Fwp%2Fv2%2Fcomments&post=115"}],"version-history":[{"count":3,"href":"https:\/\/www.automakers.cz\/index.php?rest_route=\/wp\/v2\/posts\/115\/revisions"}],"predecessor-version":[{"id":120,"href":"https:\/\/www.automakers.cz\/index.php?rest_route=\/wp\/v2\/posts\/115\/revisions\/120"}],"wp:featuredmedia":[{"embeddable":true,"href":"https:\/\/www.automakers.cz\/index.php?rest_route=\/wp\/v2\/media\/116"}],"wp:attachment":[{"href":"https:\/\/www.automakers.cz\/index.php?rest_route=%2Fwp%2Fv2%2Fmedia&parent=115"}],"wp:term":[{"taxonomy":"category","embeddable":true,"href":"https:\/\/www.automakers.cz\/index.php?rest_route=%2Fwp%2Fv2%2Fcategories&post=115"},{"taxonomy":"post_tag","embeddable":true,"href":"https:\/\/www.automakers.cz\/index.php?rest_route=%2Fwp%2Fv2%2Ftags&post=115"}],"curies":[{"name":"wp","href":"https:\/\/api.w.org\/{rel}","templated":true}]}}