{"id":11501,"date":"2025-03-10T09:44:59","date_gmt":"2025-03-10T09:44:59","guid":{"rendered":"https:\/\/www.automakers.cz\/?p=11501"},"modified":"2025-03-10T09:45:11","modified_gmt":"2025-03-10T09:45:11","slug":"hydrogen-days-miri-opet-do-prahy","status":"publish","type":"post","link":"https:\/\/www.automakers.cz\/?p=11501","title":{"rendered":"Hydrogen Days m\u00ed\u0159\u00ed op\u011bt do Prahy"},"content":{"rendered":"<p><strong>Hotel Pyramida bude ve dnech 19.\u201321. b\u0159ezna hostit jubilejn\u00ed 15. ro\u010dn\u00edk mezin\u00e1rodn\u00ed odborn\u00e9 konference Hydrogen Days 2025 s podtitulem \u201e<\/strong><strong><em><i>Hydrogen \u2013 From Politics to Business<\/i><\/em><\/strong><strong>\u201c. <\/strong><!--more--><\/p>\n<p>T\u0159\u00eddenn\u00ed akce, kter\u00e1 se bude konat v prostor\u00e1ch OREA Hotel Pyramida, nab\u00eddne to nejzaj\u00edmav\u011bj\u0161\u00ed ze sv\u011bta vod\u00edku, a to od z\u00e1kladn\u00edho v\u00fdzkumu a praktick\u00fdch vod\u00edkov\u00fdch aplikac\u00ed, p\u0159es v\u00fdrobu, dopravu a skladov\u00e1n\u00ed vod\u00edku a\u017e po souvisej\u00edc\u00ed evropsk\u00e9 a n\u00e1rodn\u00ed strategie a legislativu.<\/p>\n<p>Organiz\u00e1to\u0159i ji\u017e zve\u0159ejnili kompletn\u00ed <a href=\"https:\/\/www.hydrogendays2025.cz\/programme\/\"><u>program<\/u><\/a>\u00a0akce \u2013 ten je letos mimo\u0159\u00e1dn\u011b nabit\u00fd a\u00a0slibuje nap\u0159\u00edklad s\u00e9rii v\u011bdeck\u00fdch i vzd\u011bl\u00e1vac\u00edch p\u0159edn\u00e1\u0161ek se \u0161pi\u010dkov\u00fdmi zahrani\u010dn\u00edmi i tuzemsk\u00fdmi \u0159e\u010dn\u00edky, workshopy, byznysov\u00e9 f\u00f3rum, v\u00fdstavu jedine\u010dn\u00fdch vod\u00edkov\u00fdch produkt\u016f a aplikac\u00ed, poster session, obchodn\u00ed matchmaking a networking \u010di ocen\u011bn\u00ed vysoko\u0161kol\u00e1k\u016f za inovativn\u00ed diplomov\u00e9 pr\u00e1ce.<\/p>\n<p>Velk\u00fdm l\u00e1kadlem pro tuzemsk\u00e9 publikum jednozna\u010dn\u011b bude i celodenn\u00ed s\u00e9rie populariza\u010dn\u011b-vzd\u011bl\u00e1vac\u00edch p\u0159edn\u00e1\u0161ek, kter\u00e9 budou kompletn\u011b v \u010desk\u00e9m jazyce.<\/p>\n<p>Last-minute <a href=\"https:\/\/www.hydrogendays2025.cz\/registration\/\"><u>registrace<\/u><\/a>\u00a0na konferenci Hydrogen Days 2025 je st\u00e1le mo\u017en\u00e1, krom\u011b t\u0159\u00eddenn\u00ed \u00fa\u010dasti mohou z\u00e1jemci vyu\u017e\u00edt i v\u00fdhodn\u00fd jednodenn\u00ed vstup na vybran\u00fd den akce.<\/p>\n<p><strong><b>Pro \u00fasp\u011b\u0161n\u00fd rozvoj vod\u00edkov\u00e9ho sektoru jsou pot\u0159eba jasn\u00e1 pravidla<\/b><\/strong><\/p>\n<p>Konference Hydrogen Days se kon\u00e1 v p\u0159elomov\u00e9m obdob\u00ed \u2013 koncem leto\u0161n\u00edho \u00fanora toti\u017e Evropsk\u00e1 komise p\u0159edstavila tzv. Clean Industrial Deal. Tento dlouho o\u010dek\u00e1van\u00fd pl\u00e1n na dekarbonizaci a modernizaci evropsk\u00e9ho pr\u016fmyslu se v \u0159ad\u011b ohled\u016f bude dot\u00fdkat i vod\u00edkov\u00e9ho sektoru.<\/p>\n<p><em>\u201ePodle Evropsk\u00e9 komise bude hr\u00e1t vod\u00edk kl\u00ed\u010dovou roli p\u0159i sni\u017eov\u00e1n\u00ed emis\u00ed v evropsk\u00e9m energetick\u00e9m syst\u00e9mu, a to zvl\u00e1\u0161t\u011b v oblastech, kde nen\u00ed mo\u017en\u00e1 p\u0159\u00edm\u00e1 elektrifikace. Pro \u00fasp\u011b\u0161n\u00fd rozvoj cel\u00e9ho vod\u00edkov\u00e9ho ekosyst\u00e9mu v\u0161ak bude nezbytn\u00e9 nastavit jasn\u00e1 pravidla,\u201c<\/em>\u00a0shrnuje hlavn\u00ed poselstv\u00ed evropsk\u00e9ho pl\u00e1nu Veronika Vohl\u00eddkov\u00e1, v\u00fdkonn\u00e1 \u0159editelka a \u010dlenka p\u0159edstavenstva \u010cesk\u00e9 vod\u00edkov\u00e9 technologick\u00e9 platformy (HYTEP).<\/p>\n<p>A pr\u00e1v\u011b o zjednodu\u0161en\u00ed n\u011bkdy zbyte\u010dn\u011b p\u0159\u00edsn\u00fdch legislativn\u00edch pravidel pro v\u00fdrobu vod\u00edku HYTEP dlouhodob\u011b usiluje. Za\u010d\u00e1tkem roku 2025 platforma nap\u0159\u00edklad p\u0159edstavila <a href=\"https:\/\/www.hytep.cz\/images\/dokumenty-ke-stazeni\/Policy%20Paper_RFNBO_HYTEP.pdf\"><u>anal\u00fdzu<\/u><\/a>, kter\u00e1 detailn\u011b popisuje sou\u010dasn\u00fd stav v\u00fdroby obnoviteln\u00e9ho vod\u00edku v Evrop\u011b a \u010cR a nasti\u0148uje probl\u00e9my, kter\u00fdm sektor \u010del\u00ed. Z\u00e1rove\u0148 p\u0159edstavila \u0159adu legislativn\u00edch n\u00e1vrh\u016f, kter\u00e9 mohou pomoci striktn\u00ed evropskou regulaci zm\u00edrnit a\u00a0nastartovat v\u00fdrobu obnoviteln\u00e9ho vod\u00edku v EU v mnohem v\u011bt\u0161\u00edm m\u011b\u0159\u00edtku.<\/p>\n<p><em>\u201eCo se t\u00fd\u010de vod\u00edku, nach\u00e1z\u00edme se v opravdu turbulentn\u00edm a p\u0159elomov\u00e9m obdob\u00ed. To reflektuje i podtitul leto\u0161n\u00edho ro\u010dn\u00edku konference, kter\u00fd zn\u00ed: Hydrogen \u2013 From Politics to Business. Nastal \u010das na p\u0159echod od politick\u00fdch diskuz\u00ed a strategick\u00fdch pl\u00e1n\u016f k co nej\u0161ir\u0161\u00edmu praktick\u00e9mu nasazen\u00ed vod\u00edkov\u00fdch technologi\u00ed v podnikatelsk\u00e9 sf\u00e9\u0159e. Je\u00a0t\u0159eba zm\u011bnit z\u00e1m\u011bry a regulace v konkr\u00e9tn\u00ed obchodn\u00ed p\u0159\u00edle\u017eitosti a re\u00e1ln\u00e9 projekty,\u201c<\/em>\u00a0upozornila Vohl\u00eddkov\u00e1.<\/p>\n<p><strong><b>\u010ce\u0161t\u00ed minist\u0159i, \u0161pi\u010dkov\u00ed v\u011bdci i vlivn\u00ed byznysmeni z cel\u00e9ho sv\u011bta<\/b><\/strong><\/p>\n<p>O mimo\u0159\u00e1dn\u00e9m v\u00fdznamu konference Hydrogen Days 2025 sv\u011bd\u010d\u00ed i \u00fa\u010dast \u0159ady \u0161pi\u010dkov\u00fdch zahrani\u010dn\u00edch i tuzemsk\u00fdch \u0159e\u010dn\u00edk\u016f, odborn\u00edk\u016f a l\u00eddr\u016f z v\u011bdeck\u00e9ho, podnikatelsk\u00e9ho i pr\u016fmyslov\u00e9ho sv\u011bta, stejn\u011b jako nejvy\u0161\u0161\u00edch \u010desk\u00fdch politick\u00fdch p\u0159edstavitel\u016f. Ti v\u0161ichni budou v Praze sd\u00edlet sv\u00e9 zku\u0161enosti, pohledy a vize ohledn\u011b vod\u00edkov\u00e9ho sektoru.<\/p>\n<p>Mezi tuzemsk\u00e9 \u0159e\u010dn\u00edky bude pat\u0159it nap\u0159\u00edklad Luk\u00e1\u0161 Vl\u010dek, ministr pr\u016fmyslu a obchodu \u010di Marek \u017den\u00ed\u0161ek, ministr pro v\u011bdu, v\u00fdzkum a inovace, d\u00e1le pak V\u00e1clav Bartu\u0161ka, zvl\u00e1\u0161tn\u00ed zmocn\u011bnec pro energetickou bezpe\u010dnost Ministerstva zahrani\u010dn\u00edch v\u011bc\u00ed \u010cR, Martin R\u016f\u017ei\u010dka, \u0159editel divize dekarbonizace ORLEN Unipetrol \u010di R\u00fat B\u00edzkov\u00e1, koordin\u00e1torka pracovn\u00ed skupiny Karlovarsk\u00e9ho, Moravskoslezsk\u00e9ho a \u00dasteck\u00e9ho kraje pro vytvo\u0159en\u00ed vod\u00edkov\u00fdch \u00fadol\u00ed.<\/p>\n<p>Mezi zahrani\u010dn\u00edmi \u0159e\u010dn\u00edky nebude chyb\u011bt Hyoung-ill Kim, v\u00fdkonn\u00fd viceprezident Korea Hydro &amp; Nuclear Power, Tomoho Umeda, p\u0159edseda p\u0159edstavenstva H2Poland, J\u00e1n Weitersch\u00fctz, p\u0159edseda N\u00e1rodn\u00e9 vod\u00edkov\u00e9 asoci\u00e1cie Slovenska, \u00d6zlem Duyan, vedouc\u00ed v\u00fdzkumu v Hydrogen Council \u010di expert na n\u00edzkouhl\u00edkov\u00e9 technologie Roland Schulze z Evropsk\u00e9 investi\u010dn\u00ed banky.<\/p>\n<p><em>\u201eHydrogen Days 2025 jsou akc\u00ed, kde se setk\u00e1vaj\u00ed l\u00edd\u0159i, kte\u0159\u00ed definuj\u00ed budoucnost vod\u00edkov\u00e9ho sektoru. Jejich p\u0159\u00edtomnost v Praze slibuje, \u017ee konference bude nejen m\u00edstem pro v\u00fdm\u011bnu znalost\u00ed, ale i impulzem pro dal\u0161\u00ed rozvoj vod\u00edkov\u00fdch technologi\u00ed na glob\u00e1ln\u00ed i\u00a0region\u00e1ln\u00ed \u00farovni,\u201c<\/em>\u00a0uvedla Vohl\u00eddkov\u00e1.<\/p>\n<p><img loading=\"lazy\" decoding=\"async\" class=\"alignnone size-medium wp-image-9344\" src=\"http:\/\/www.automakers.cz\/wp-content\/uploads\/2024\/12\/Hydrogen_days_zdroj_HYTEP_01-5-900x600.jpg\" alt=\"\" width=\"900\" height=\"600\" srcset=\"https:\/\/www.automakers.cz\/wp-content\/uploads\/2024\/12\/Hydrogen_days_zdroj_HYTEP_01-5-900x600.jpg 900w, https:\/\/www.automakers.cz\/wp-content\/uploads\/2024\/12\/Hydrogen_days_zdroj_HYTEP_01-5-1024x683.jpg 1024w, https:\/\/www.automakers.cz\/wp-content\/uploads\/2024\/12\/Hydrogen_days_zdroj_HYTEP_01-5-768x512.jpg 768w, https:\/\/www.automakers.cz\/wp-content\/uploads\/2024\/12\/Hydrogen_days_zdroj_HYTEP_01-5-1536x1024.jpg 1536w, https:\/\/www.automakers.cz\/wp-content\/uploads\/2024\/12\/Hydrogen_days_zdroj_HYTEP_01-5-2048x1365.jpg 2048w\" sizes=\"auto, (max-width: 900px) 100vw, 900px\" \/><\/p>\n<p><strong>Vod\u00edk ze v\u0161ech \u00fahl\u016f i v \u010desk\u00e9m jazyce<\/strong><\/p>\n<p>Jednou ze specialit konference, kter\u00e1 se ka\u017edoro\u010dn\u011b t\u011b\u0161\u00ed mimo\u0159\u00e1dn\u00e9mu z\u00e1jmu tuzemsk\u00e9ho publika, bude celodenn\u00ed s\u00e9rie populariza\u010dn\u011b-vzd\u011bl\u00e1vac\u00edch p\u0159edn\u00e1\u0161ek, kter\u00e9 budou prob\u00edhat v\u00fdhradn\u011b v \u010desk\u00e9m jazyce. Ve \u010dtvrtek 20. b\u0159ezna se tak uskute\u010dn\u00ed celkem <a href=\"https:\/\/www.hydrogendays2025.cz\/detailed-programme-2025-03-20\/\"><u>\u0161estn\u00e1ct zaj\u00edmav\u00fdch p\u0159edn\u00e1\u0161ek<\/u><\/a>\u00a0rozd\u011blen\u00fdch do \u010dty\u0159 tematick\u00fdch blok\u016f.<\/p>\n<p>Prvn\u00ed blok se bude v\u011bnovat trend\u016fm v p\u0159eprav\u011b, dovozu a skladov\u00e1n\u00ed vod\u00edku v\u00a0perspektiv\u011b \u010cesk\u00e9 republiky. Zam\u011b\u0159\u00ed se na pl\u00e1novan\u00e9 p\u0159epravn\u00ed koridory, na \u010desko-n\u011bmeck\u00e9 vztahy, na p\u0159ipravenost N\u011bmecka st\u00e1t se na\u0161\u00edm vod\u00edkov\u00fdm dodavatelem \u010di na mo\u017enosti skladov\u00e1n\u00ed a p\u0159epravy stla\u010den\u00e9ho vod\u00edku v budoucnosti.<\/p>\n<p>Druh\u00fd blok p\u0159edn\u00e1\u0161ek se zam\u011b\u0159\u00ed na jeden z kl\u00ed\u010dov\u00fdch aspekt\u016f vyu\u017eit\u00ed vod\u00edku, a to na jeho bezpe\u010dnost. P\u0159edn\u00e1\u0161ej\u00edc\u00ed se budou v\u011bnovat v\u00fdzv\u00e1m p\u0159i provozu elektrolyz\u00e9r\u016f, bezpe\u010dnost\u00ed plnic\u00edch stanic a vod\u00edkov\u00fdch aplikac\u00ed \u010di se pod\u011bl\u00ed o aktu\u00e1ln\u00ed zku\u0161enosti s\u00a0pilotn\u00edm projektem blendov\u00e1n\u00ed zemn\u00edho plynu s vod\u00edkem v Hranic\u00edch u A\u0161e.<\/p>\n<p>Ve t\u0159et\u00edm tematick\u00e9m bloku budou p\u0159edstaveny ji\u017e existuj\u00edc\u00ed \u010desk\u00e9 vod\u00edkov\u00e9 projekty. \u0158e\u010dn\u00edci se zam\u011b\u0159\u00ed nap\u0159\u00edklad na problematick\u00e9 aspekty vod\u00edkov\u00fdch projekt\u016f z hlediska legislativy, na p\u0159ek\u00e1\u017eky a v\u00fdzvy p\u0159i provozov\u00e1n\u00ed mobiln\u00edch plnic\u00edch stanic nebo na decentralizovanou v\u00fdrobu obnoviteln\u00e9ho vod\u00edku pro pr\u016fmysl.<\/p>\n<p>Posledn\u00ed, \u010dtvrt\u00fd blok p\u0159edn\u00e1\u0161ek, pak bude v\u011bnov\u00e1n p\u0159\u00edklad\u016fm dobr\u00e9 praxe ve vod\u00edkov\u00e9 osv\u011bt\u011b nebo budoucnosti tuzemsk\u00e9ho vod\u00edkov\u00e9ho vzd\u011bl\u00e1v\u00e1n\u00ed. V r\u00e1mci tohoto bloku se uskute\u010dn\u00ed i vyhl\u00e1\u0161en\u00ed sout\u011b\u017ee \u201eCena HYTEP\u201c pro autory v\u00fdjime\u010dn\u00fdch diplomov\u00fdch prac\u00ed s tematikou vod\u00edku a vod\u00edkov\u00fdch technologi\u00ed.<\/p>\n<p><em>\u201eKa\u017ed\u00fd, kdo se u n\u00e1s zaj\u00edm\u00e1 o vod\u00edk, by si rozhodn\u011b nem\u011bl nechat uj\u00edt alespo\u0148 tuto \u010d\u00e1st konference. Nab\u00edz\u00ed toti\u017e ide\u00e1ln\u00ed zdroj informac\u00ed pro v\u0161echny, kdo cht\u011bj\u00ed l\u00e9pe porozum\u011bt tomu, jak se \u010cesk\u00e1 republika zapojuje do rozvoje vod\u00edkov\u00e9 ekonomiky a jak\u00e9 kroky podnik\u00e1 k dosa\u017een\u00ed udr\u017eiteln\u00e9 energetick\u00e9 budoucnosti,&#8220;<\/em>\u00a0dod\u00e1v\u00e1 Veronika Vohl\u00eddkov\u00e1.<\/p>\n<p><img loading=\"lazy\" decoding=\"async\" class=\"alignnone size-medium wp-image-9345\" src=\"http:\/\/www.automakers.cz\/wp-content\/uploads\/2024\/12\/Hydrogen_days_zdroj_HYTEP_06-3-900x600.jpg\" alt=\"\" width=\"900\" height=\"600\" srcset=\"https:\/\/www.automakers.cz\/wp-content\/uploads\/2024\/12\/Hydrogen_days_zdroj_HYTEP_06-3-900x600.jpg 900w, https:\/\/www.automakers.cz\/wp-content\/uploads\/2024\/12\/Hydrogen_days_zdroj_HYTEP_06-3-1024x683.jpg 1024w, https:\/\/www.automakers.cz\/wp-content\/uploads\/2024\/12\/Hydrogen_days_zdroj_HYTEP_06-3-768x512.jpg 768w, https:\/\/www.automakers.cz\/wp-content\/uploads\/2024\/12\/Hydrogen_days_zdroj_HYTEP_06-3-1536x1024.jpg 1536w, https:\/\/www.automakers.cz\/wp-content\/uploads\/2024\/12\/Hydrogen_days_zdroj_HYTEP_06-3-2048x1365.jpg 2048w\" sizes=\"auto, (max-width: 900px) 100vw, 900px\" \/><\/p>\n<p><strong><b>Rekordn\u00ed po\u010det partner\u016f i bohat\u00fd doprovodn\u00fd program <\/b><\/strong><\/p>\n<p>N\u00e1v\u0161t\u011bvn\u00edci jubilejn\u00edho 15. ro\u010dn\u00edku konference Hydrogen Days 2025 se mohou t\u011b\u0161it i\u00a0na nabit\u00fd doprovodn\u00fd program. Leto\u0161n\u00ed konference se \u00fa\u010dastn\u00ed historicky rekordn\u00ed po\u010det partner\u016f a vystavovatel\u016f. K vid\u011bn\u00ed bude \u0159ada produkt\u016f a aplikac\u00ed od vod\u00edkov\u00e9ho automobilu BMW p\u0159es mobiln\u00ed gener\u00e1tory vod\u00edku a\u017e po syst\u00e9my detekce plyn\u016f a\u00a0ventily. Doprovodn\u00e1 v\u00fdstava 23 v\u011bdeck\u00fdch poster\u016f se pak p\u0159edstav\u00ed nejnov\u011bj\u0161\u00ed trendy ve v\u00fdzkumu vod\u00edku.<\/p>\n<p>Patn\u00e1ct\u00fd ro\u010dn\u00edk konference Hydrogen Days 2025 se uskute\u010dn\u00ed ve dnech 19.\u201321. b\u0159ezna 2025 v prostor\u00e1ch OREA Hotel Pyramida Praha. Registrace na konferenci je st\u00e1le mo\u017en\u00e1 pomoc\u00ed <a href=\"https:\/\/www.hydrogendays2025.cz\/registration\/\"><u>tohoto formul\u00e1\u0159e<\/u><\/a>. V\u00edce informac\u00ed o akci a detailn\u00ed program naleznete na webu <a href=\"http:\/\/www.hydrogendays2025.cz\"><u>www.hydrogendays2025.cz<\/u><\/a>\u00a0a na <a href=\"https:\/\/www.linkedin.com\/company\/czech-hydrogen-technology-platform-hytep-\/posts\/?feedView=all\"><u>LinkedIn profilu<\/u><\/a>\u00a0\u010cesk\u00e9 vod\u00edkov\u00e9 technologick\u00e9 platformy HYTEP.<\/p>\n<p>Konference Hydrogen Days 2025 se kon\u00e1 pod z\u00e1\u0161titou Ministerstva \u017eivotn\u00edho prost\u0159ed\u00ed \u010cR, Ministerstva zahrani\u010dn\u00edch v\u011bc\u00ed \u010cR, Ministerstva pro m\u00edstn\u00ed rozvoj \u010cR a Hlavn\u00edho m\u011bsta Prahy.<\/p>\n<p><strong>Zdroj: Kry\u0161tof Turek<\/strong><\/p>\n","protected":false},"excerpt":{"rendered":"<p>Hotel Pyramida bude ve dnech 19.\u201321. b\u0159ezna hostit jubilejn\u00ed 15. ro\u010dn\u00edk mezin\u00e1rodn\u00ed odborn\u00e9 konference Hydrogen&#8230;<\/p>\n","protected":false},"author":1,"featured_media":9343,"comment_status":"closed","ping_status":"closed","sticky":false,"template":"","format":"standard","meta":{"footnotes":""},"categories":[22,39],"tags":[],"class_list":["post-11501","post","type-post","status-publish","format-standard","has-post-thumbnail","hentry","category-konference","category-vodik"],"_links":{"self":[{"href":"https:\/\/www.automakers.cz\/index.php?rest_route=\/wp\/v2\/posts\/11501","targetHints":{"allow":["GET"]}}],"collection":[{"href":"https:\/\/www.automakers.cz\/index.php?rest_route=\/wp\/v2\/posts"}],"about":[{"href":"https:\/\/www.automakers.cz\/index.php?rest_route=\/wp\/v2\/types\/post"}],"author":[{"embeddable":true,"href":"https:\/\/www.automakers.cz\/index.php?rest_route=\/wp\/v2\/users\/1"}],"replies":[{"embeddable":true,"href":"https:\/\/www.automakers.cz\/index.php?rest_route=%2Fwp%2Fv2%2Fcomments&post=11501"}],"version-history":[{"count":3,"href":"https:\/\/www.automakers.cz\/index.php?rest_route=\/wp\/v2\/posts\/11501\/revisions"}],"predecessor-version":[{"id":11504,"href":"https:\/\/www.automakers.cz\/index.php?rest_route=\/wp\/v2\/posts\/11501\/revisions\/11504"}],"wp:featuredmedia":[{"embeddable":true,"href":"https:\/\/www.automakers.cz\/index.php?rest_route=\/wp\/v2\/media\/9343"}],"wp:attachment":[{"href":"https:\/\/www.automakers.cz\/index.php?rest_route=%2Fwp%2Fv2%2Fmedia&parent=11501"}],"wp:term":[{"taxonomy":"category","embeddable":true,"href":"https:\/\/www.automakers.cz\/index.php?rest_route=%2Fwp%2Fv2%2Fcategories&post=11501"},{"taxonomy":"post_tag","embeddable":true,"href":"https:\/\/www.automakers.cz\/index.php?rest_route=%2Fwp%2Fv2%2Ftags&post=11501"}],"curies":[{"name":"wp","href":"https:\/\/api.w.org\/{rel}","templated":true}]}}