{"id":11529,"date":"2025-03-11T07:23:59","date_gmt":"2025-03-11T07:23:59","guid":{"rendered":"https:\/\/www.automakers.cz\/?p=11529"},"modified":"2025-03-11T07:25:04","modified_gmt":"2025-03-11T07:25:04","slug":"zenskym-svetovym-vozem-je-hyundai-santa-fe","status":"publish","type":"post","link":"https:\/\/www.automakers.cz\/?p=11529","title":{"rendered":"Hyundai Santa Fe zvolen \u017densk\u00fdm sv\u011btov\u00fdm vozem"},"content":{"rendered":"<p><strong>Leto\u0161n\u00edm autem roku v anket\u011b \u017densk\u00fd glob\u00e1ln\u00ed v\u016fz roku 2025 (WWCOTY \u2013 Women\u2019s Worldwide Car of the Year) se stal nov\u00fd Hyundai SANTA FE. Glob\u00e1ln\u011b uzn\u00e1van\u00e9 ocen\u011bn\u00ed je ud\u011blov\u00e1no v\u00fdhradn\u011b \u017eenskou porotou, jedinou v mezin\u00e1rodn\u00edm automobilov\u00e9m pr\u016fmyslu.<\/strong><!--more--><\/p>\n<p>Porotu ankety \u017densk\u00fd glob\u00e1ln\u00ed v\u016fz roku tvo\u0159\u00ed 82 motoristick\u00fdch novin\u00e1\u0159ek z 55 zem\u00ed p\u011bti kontinent\u016f. \u010ceskou republiku v t\u00e9to reprezentativn\u00ed porot\u011b zastupuje od roku 2019 Sabina Kv\u00e1\u0161ov\u00e1, \u0161\u00e9fredaktorka online magaz\u00ednu \u017dena v aut\u011b.cz.<\/p>\n<p><strong>Nejlep\u0161\u00ed velk\u00e9 SUV na trhu<\/strong><\/p>\n<p>Po pe\u010dliv\u00e9 anal\u00fdze mnoha kl\u00ed\u010dov\u00fdch vlastnost\u00ed porota vyhl\u00e1sila Hyundai SANTA FE v\u00edt\u011bzem kategorie Velk\u00e1 SUV, jedn\u00e9 ze \u0161esti hlavn\u00edch kategori\u00ed, a sou\u010dasn\u011b tak\u00e9 absolutn\u00edm v\u00edt\u011bzem.<\/p>\n<p>Mezi sledovan\u00e1 krit\u00e9ria pat\u0159\u00ed bezpe\u010dnost, kvalita, technick\u00e1 vysp\u011blost, design, snadn\u00e9 \u0159\u00edzen\u00ed, provozn\u00ed vlastnosti, komfort, \u00faspornost, ohleduplnost k \u017eivotn\u00edmu prost\u0159ed\u00ed i pom\u011br mezi cenou a u\u017eitn\u00fdmi vlastnostmi. SANTA FE podle hodnocen\u00ed poroty kombinuje \u0161irokou \u0161k\u00e1lu schopnost\u00ed ve v\u0161ech t\u011bchto oblastech.<\/p>\n<p><img loading=\"lazy\" decoding=\"async\" class=\"alignnone size-medium wp-image-11530\" src=\"http:\/\/www.automakers.cz\/wp-content\/uploads\/2025\/03\/Hyundai-SANTA-FE-1-900x337.jpg\" alt=\"\" width=\"900\" height=\"337\" srcset=\"https:\/\/www.automakers.cz\/wp-content\/uploads\/2025\/03\/Hyundai-SANTA-FE-1-900x337.jpg 900w, https:\/\/www.automakers.cz\/wp-content\/uploads\/2025\/03\/Hyundai-SANTA-FE-1-1024x383.jpg 1024w, https:\/\/www.automakers.cz\/wp-content\/uploads\/2025\/03\/Hyundai-SANTA-FE-1-768x288.jpg 768w, https:\/\/www.automakers.cz\/wp-content\/uploads\/2025\/03\/Hyundai-SANTA-FE-1-1536x575.jpg 1536w, https:\/\/www.automakers.cz\/wp-content\/uploads\/2025\/03\/Hyundai-SANTA-FE-1.avif 2000w\" sizes=\"auto, (max-width: 900px) 100vw, 900px\" \/><\/p>\n<p>\u201eNov\u00e1 generace SANTA FE n\u00e1s v porot\u011b WWCOTY velmi p\u0159ekvapila povedenou reinkarnac\u00ed. Hyundai n\u00e1s zaujal osobit\u00fdm designem, prakti\u010dnost\u00ed a obrovskou prostornost\u00ed. Cenn\u00e9 body z\u00edskal v hodnocen\u00ed tak\u00e9 d\u00edky komfortn\u00edm j\u00edzdn\u00edm vlastnostem testovan\u00fdch hybridn\u00edch motorizac\u00ed. Porotkyn\u011b si pochvalovaly p\u0159\u00edjemn\u00e9 \u0159\u00edzen\u00ed a z\u00e1rove\u0148 vynikaj\u00edc\u00ed trakci a stabilitu na r\u016fzn\u00fdch povr\u0161\u00edch. V\u00edt\u011bzstv\u00ed tohoto modelu op\u011bt potvrdilo, \u017ee se \u017eeny d\u00e1vaj\u00ed p\u0159ednost voz\u016fm SUV,\u201c popsala Kv\u00e1\u0161ov\u00e1.<\/p>\n<p>Hyundai SANTA FE postoupil do fin\u00e1lov\u00e9ho kola ankety na z\u00e1klad\u011b celkov\u00e9ho hodnocen\u00ed po \u00fasp\u011bchu v prvn\u00edm kole, do n\u011bho\u017e porota nominovala 80 dal\u0161\u00edch konkurent\u016f. Porotkyn\u011b ve sv\u00fdch koment\u00e1\u0159\u00edch ocenily mimo jin\u00e9 \u201efuturistick\u00fd a velmi osobit\u00fd design\u201c a vyzdvihly p\u0159itom, \u017ee \u201ekomfort v interi\u00e9ru je na \u00farovni pr\u00e9miov\u00fdch voz\u016f\u201c.<\/p>\n<p><img loading=\"lazy\" decoding=\"async\" class=\"alignnone size-medium wp-image-11535\" src=\"http:\/\/www.automakers.cz\/wp-content\/uploads\/2025\/03\/santa-fe-4-900x537.jpeg\" alt=\"\" width=\"900\" height=\"537\" srcset=\"https:\/\/www.automakers.cz\/wp-content\/uploads\/2025\/03\/santa-fe-4-900x537.jpeg 900w, https:\/\/www.automakers.cz\/wp-content\/uploads\/2025\/03\/santa-fe-4-768x458.jpeg 768w, https:\/\/www.automakers.cz\/wp-content\/uploads\/2025\/03\/santa-fe-4.jpeg 1024w\" sizes=\"auto, (max-width: 900px) 100vw, 900px\" \/><\/p>\n<p><strong>Sb\u00edrka mezin\u00e1rodn\u00edch \u00fasp\u011bch\u016f<\/strong><\/p>\n<p>Triumfem v anket\u011b WWCOTY model SANTA FE upevnil sv\u00e9 postaven\u00ed l\u00eddra na glob\u00e1ln\u00edm trhu v kategorii SUV a roz\u0161\u00ed\u0159il st\u00e1le del\u0161\u00ed seznam glob\u00e1ln\u00edch ocen\u011bn\u00ed, jich\u017e se mu dostalo. Jsou to nap\u0159\u00edklad:<\/p>\n<ul>\n<li>SUV roku \u2013 TopGear.com<\/li>\n<li>V\u016fz roku \u2013 Carwow<\/li>\n<li>St\u0159edn\u011b velk\u00e9 SUV \u2013 J.D. Power U.S. APEAL<\/li>\n<li>Mezin\u00e1rodn\u00ed ocen\u011bn\u00ed za vynikaj\u00edc\u00ed design IDEA (International Design Excellence Awards)<\/li>\n<li>Ocen\u011bn\u00ed za design iF Design Awards<\/li>\n<li>Ocen\u011bn\u00ed za design Red Dot Design Awards<\/li>\n<\/ul>\n<p>Absolutn\u00ed v\u00edt\u011bzstv\u00ed SANTA FE v anket\u011b \u017densk\u00fd glob\u00e1ln\u00ed v\u016fz roku 2025 je ocen\u011bn\u00edm \u00fasil\u00ed zna\u010dky Hyundai vyv\u00edjet auta, kter\u00e1 jsou reakc\u00ed na p\u0159\u00e1n\u00ed z\u00e1kazn\u00edk\u016f a uspokojuj\u00ed \u0161irokou \u0161k\u00e1lu po\u017eadavk\u016f a preferenc\u00ed. Nejnov\u011bj\u0161\u00ed ocen\u011bn\u00ed dokl\u00e1d\u00e1 p\u0159ita\u017elivost modelu SANTA FE pro \u017eeny na cel\u00e9m sv\u011bt\u011b.<\/p>\n<p><img loading=\"lazy\" decoding=\"async\" class=\"alignnone size-medium wp-image-11532\" src=\"http:\/\/www.automakers.cz\/wp-content\/uploads\/2025\/03\/santa-fe-3-900x337.jpg\" alt=\"\" width=\"900\" height=\"337\" srcset=\"https:\/\/www.automakers.cz\/wp-content\/uploads\/2025\/03\/santa-fe-3-900x337.jpg 900w, https:\/\/www.automakers.cz\/wp-content\/uploads\/2025\/03\/santa-fe-3-1024x383.jpg 1024w, https:\/\/www.automakers.cz\/wp-content\/uploads\/2025\/03\/santa-fe-3-768x288.jpg 768w, https:\/\/www.automakers.cz\/wp-content\/uploads\/2025\/03\/santa-fe-3-1536x575.jpg 1536w, https:\/\/www.automakers.cz\/wp-content\/uploads\/2025\/03\/santa-fe-3.avif 2000w\" sizes=\"auto, (max-width: 900px) 100vw, 900px\" \/><\/p>\n","protected":false},"excerpt":{"rendered":"<p>Leto\u0161n\u00edm autem roku v anket\u011b \u017densk\u00fd glob\u00e1ln\u00ed v\u016fz roku 2025 (WWCOTY \u2013 Women\u2019s Worldwide Car&#8230;<\/p>\n","protected":false},"author":2,"featured_media":11531,"comment_status":"closed","ping_status":"closed","sticky":false,"template":"","format":"standard","meta":{"footnotes":""},"categories":[32,69,53],"tags":[],"class_list":["post-11529","post","type-post","status-publish","format-standard","has-post-thumbnail","hentry","category-ankety","category-suv","category-vysledky"],"_links":{"self":[{"href":"https:\/\/www.automakers.cz\/index.php?rest_route=\/wp\/v2\/posts\/11529","targetHints":{"allow":["GET"]}}],"collection":[{"href":"https:\/\/www.automakers.cz\/index.php?rest_route=\/wp\/v2\/posts"}],"about":[{"href":"https:\/\/www.automakers.cz\/index.php?rest_route=\/wp\/v2\/types\/post"}],"author":[{"embeddable":true,"href":"https:\/\/www.automakers.cz\/index.php?rest_route=\/wp\/v2\/users\/2"}],"replies":[{"embeddable":true,"href":"https:\/\/www.automakers.cz\/index.php?rest_route=%2Fwp%2Fv2%2Fcomments&post=11529"}],"version-history":[{"count":7,"href":"https:\/\/www.automakers.cz\/index.php?rest_route=\/wp\/v2\/posts\/11529\/revisions"}],"predecessor-version":[{"id":11547,"href":"https:\/\/www.automakers.cz\/index.php?rest_route=\/wp\/v2\/posts\/11529\/revisions\/11547"}],"wp:featuredmedia":[{"embeddable":true,"href":"https:\/\/www.automakers.cz\/index.php?rest_route=\/wp\/v2\/media\/11531"}],"wp:attachment":[{"href":"https:\/\/www.automakers.cz\/index.php?rest_route=%2Fwp%2Fv2%2Fmedia&parent=11529"}],"wp:term":[{"taxonomy":"category","embeddable":true,"href":"https:\/\/www.automakers.cz\/index.php?rest_route=%2Fwp%2Fv2%2Fcategories&post=11529"},{"taxonomy":"post_tag","embeddable":true,"href":"https:\/\/www.automakers.cz\/index.php?rest_route=%2Fwp%2Fv2%2Ftags&post=11529"}],"curies":[{"name":"wp","href":"https:\/\/api.w.org\/{rel}","templated":true}]}}