{"id":11538,"date":"2025-03-11T07:22:15","date_gmt":"2025-03-11T07:22:15","guid":{"rendered":"https:\/\/www.automakers.cz\/?p=11538"},"modified":"2025-03-11T07:22:15","modified_gmt":"2025-03-11T07:22:15","slug":"konfigurator-pro-novy-transporter-a-caravellu","status":"publish","type":"post","link":"https:\/\/www.automakers.cz\/?p=11538","title":{"rendered":"Konfigur\u00e1tor pro nov\u00fd Transporter a Caravellu"},"content":{"rendered":"<p><b>\u010cesk\u00fd Volkswagen U\u017eitkov\u00e9 vozy spustil konfigur\u00e1tor pro nov\u00fd Transporter a Caravellu. Ikona mezi lehk\u00fdmi u\u017eitkov\u00fdmi vozy slav\u00ed letos 75. v\u00fdro\u010d\u00ed, z\u00e1jemci <\/b><strong>budou m\u00edt na v\u00fdb\u011br 13 karos\u00e1\u0159sk\u00fdch variant a t\u0159i r\u016fzn\u00e9 syst\u00e9my pohonu v\u00a0r\u016fzn\u00fdch v\u00fdkonov\u00fdch stupn\u00edch.<\/strong><!--more--><\/p>\n<p>V\u00a0prvn\u00ed f\u00e1zi si mohou u \u010desk\u00fdch autorizovan\u00fdch prodejc\u016f zna\u010dky Volkswagen U\u017eitkov\u00e9 vozy objedn\u00e1vat modely Transporter sk\u0159\u00ed\u0148, Transporter Kombi a Caravelle se vzn\u011btov\u00fdmi motory TDI, sk\u0159\u00ed\u0148ov\u00e9 vozy i s\u00a0pln\u011b elektrick\u00fdm pohonem.<\/p>\n<p>Elektrick\u00e9 varianty osobn\u00edch verz\u00ed a Plug-in hybridn\u00ed varianty eHybrid budou n\u00e1sledovat pozd\u011bji. Ceny sk\u0159\u00ed\u0148ov\u00e9 verze Transporter TDI za\u010d\u00ednaj\u00ed ji\u017e od 699 000 K\u010d bez DPH, zat\u00edmco Caravelle TDI lze po\u0159\u00eddit ji\u017e za 955 779 K\u010d s DPH (789 900 K\u010d bez DPH). Renom\u00e9 u\u017eitkov\u00e9ho vozu s dlouhou \u017eivotnost\u00ed stvrzuje z\u00e1ruka na 5 let\/200 000 km.<\/p>\n<p>Nov\u00e1 generace model\u016f Transporter a Caravelle nab\u00edz\u00ed v\u00edce prostoru, vy\u0161\u0161\u00ed u\u017eite\u010dnou hmotnost a v\u011bt\u0161\u00ed hospod\u00e1rnost. Zprovozn\u011bn\u00edm konfigur\u00e1toru pro \u010desk\u00fd trh d\u011bl\u00e1 Volkswagen U\u017eitkov\u00e9 vozy dal\u0161\u00ed krok v r\u00e1mci nejv\u011bt\u0161\u00ed transformace v historii ikonick\u00fdch model\u016f Bulli. Z jednoho modelu Bulli pro v\u0161echny se nab\u00eddka rozrostla hned na t\u0159i modelov\u00e9 \u0159ady pro nejr\u016fzn\u011bj\u0161\u00ed \u00fa\u010dely: Transporter\/Caravelle, Multivan\/California a ID. Buzz\/ID. Buzz Cargo.<\/p>\n<p><b>81 kW a\u017e 210 kW<\/b><\/p>\n<p>Technick\u00fdm z\u00e1kladem pohon\u016f pro nov\u00e9 modely Transporter a Caravelle jsou t\u0159i nov\u00e9 \u010dty\u0159v\u00e1lce TDI 2,0 litru s v\u00fdkonem 81 kW (110 k), 110 kW (150 k) a 125 kW (170 k). Motory TDI s v\u00fdkonem a\u017e 110 kW jsou s\u00e9riov\u011b kombinov\u00e1ny s 6stup\u0148ovou manu\u00e1ln\u011b \u0159azenou p\u0159evodovkou.<\/p>\n<p>TDI o v\u00fdkonu 125 kW se dod\u00e1v\u00e1 v\u00fdhradn\u011b s 8stup\u0148ovou automatickou p\u0159evodovkou, kter\u00e1 je na p\u0159\u00e1n\u00ed k dispozici i pro jednotku TDI o v\u00fdkonu 110 kW. Verze s motory TDI od 110 kW lze nav\u00edc objedn\u00e1vat s pohonem v\u0161ech kol (4MOTION). Plug-in hybridn\u00ed pohon s bezestup\u0148ovou automatickou p\u0159evodovkou CVT a pohonem p\u0159edn\u00edch kol poskytuje nejvy\u0161\u0161\u00ed celkov\u00fd v\u00fdkon 171 kW (232 k) a do konfigur\u00e1toru bude za\u0159azen pozd\u011bji.<\/p>\n<p>Modely e-Transporter p\u0159ij\u00ed\u017ed\u011bj\u00ed na start ve \u010dty\u0159ech v\u00fdkonov\u00fdch verz\u00edch 85 kW (115 k), 100 kW (136 k), 160 kW (218 k) a 210 kW (286 k), zat\u00edmco e-Caravelle bude mo\u017en\u00e9 nakonfigurovat s v\u00fdkonem od 100 kW. Sada akumul\u00e1tor\u016f m\u00e1 ve verz\u00edch s elektrick\u00fdm pohonem zadn\u00edch kol vyu\u017eitelnou kapacitu a\u017e 64 kWh.<\/p>\n<p><img loading=\"lazy\" decoding=\"async\" class=\"alignnone size-medium wp-image-11540\" src=\"http:\/\/www.automakers.cz\/wp-content\/uploads\/2025\/03\/Transporter-a-Caravellu-4-small-900x506.jpg\" alt=\"\" width=\"900\" height=\"506\" srcset=\"https:\/\/www.automakers.cz\/wp-content\/uploads\/2025\/03\/Transporter-a-Caravellu-4-small-900x506.jpg 900w, https:\/\/www.automakers.cz\/wp-content\/uploads\/2025\/03\/Transporter-a-Caravellu-4-small-1024x576.jpg 1024w, https:\/\/www.automakers.cz\/wp-content\/uploads\/2025\/03\/Transporter-a-Caravellu-4-small-768x432.jpg 768w, https:\/\/www.automakers.cz\/wp-content\/uploads\/2025\/03\/Transporter-a-Caravellu-4-small-1536x864.jpg 1536w, https:\/\/www.automakers.cz\/wp-content\/uploads\/2025\/03\/Transporter-a-Caravellu-4-small-1280x720.jpg 1280w, https:\/\/www.automakers.cz\/wp-content\/uploads\/2025\/03\/Transporter-a-Caravellu-4-small.jpg 1948w\" sizes=\"auto, (max-width: 900px) 100vw, 900px\" \/><\/p>\n<p><b>V\u00fdrazn\u011b v\u011bt\u0161\u00ed u\u017eite\u010dn\u00e1 hmotnost i maxim\u00e1ln\u00ed p\u0159\u00edpustn\u00e1 hmotnost p\u0159\u00edv\u011bsu<\/b><\/p>\n<p>Nov\u00fd model Transporter si mohou z\u00e1kazn\u00edci nakonfigurovat jako sk\u0159\u00ed\u0148ov\u00fd v\u016fz nebo kombi, a to \u2013 v z\u00e1vislosti na verzi \u2013 se dv\u011bma rozvory n\u00e1prav a dv\u011bma v\u00fd\u0161kami st\u0159echy. Se dv\u011bma rozvory n\u00e1prav je k\u00a0dispozici tak\u00e9 model Caravelle. Z\u00e1kladn\u00ed verze obou nov\u00fdch model\u016f maj\u00ed vn\u011bj\u0161\u00ed d\u00e9lku 5050 mm, co\u017e znamen\u00e1 n\u00e1r\u016fst o 146 mm v porovn\u00e1n\u00ed s T6.1.<\/p>\n<p>S\u00a0prodlou\u017een\u00fdm rozvorem n\u00e1prav dosahuje celkov\u00e1 vn\u011bj\u0161\u00ed d\u00e9lka 5450 mm. Pozd\u011bji bude nab\u00eddka je\u0161t\u011b roz\u0161\u00ed\u0159ena o valn\u00edk s\u00a0dvojkabinou s dlouh\u00fdm rozvorem n\u00e1prav. S 2032 mm nab\u00edzej\u00ed v\u0161echny verze v porovn\u00e1n\u00ed s p\u0159edch\u016fdci o 128 mm v\u011bt\u0161\u00ed vn\u011bj\u0161\u00ed \u0161\u00ed\u0159ku (bez vn\u011bj\u0161\u00edch zp\u011btn\u00fdch zrc\u00e1tek).<\/p>\n<p>Vn\u011bj\u0161\u00ed v\u00fd\u0161ka s\u00e9riov\u00e9 verze dosahuje 1984 mm (norm\u00e1ln\u00ed st\u0159echa), u sk\u0159\u00ed\u0148ov\u00fdch voz\u016f s vysokou st\u0159echou je to necel\u00fdch 2,5 m. V z\u00e1vislosti na variant\u011b je tak k dispozici objem n\u00e1kladov\u00e9ho prostoru od 5,8 m<sup>3<\/sup>\u00a0do 9,0 m<sup>3<\/sup>. Ke zv\u00fd\u0161en\u00ed kapacity do\u0161lo i u u\u017eite\u010dn\u00e9 hmotnosti a nejvy\u0161\u0161\u00ed p\u0159\u00edpustn\u00e9 hmotnosti p\u0159\u00edv\u011bsu. Maxim\u00e1ln\u00ed u\u017eite\u010dn\u00e1 hmotnost dosahuje nyn\u00ed a\u017e 1,33 tuny, co\u017e je o 0,13 tuny v\u00edce ne\u017e dosud, a nejvy\u0161\u0161\u00ed p\u0159\u00edpustn\u00e1 hmotnost p\u0159\u00edv\u011bsu vzrostla a\u017e na 2,8 tuny (dosud to bylo a\u017e 2,5 tuny).<\/p>\n<p><b>Ergonomick\u00e9 pracovi\u0161t\u011b<\/b><\/p>\n<p>Zna\u010dka Volkswagen U\u017eitkov\u00e9 vozy d\u016fsledn\u011b p\u0159izp\u016fsobila pracovi\u0161t\u011b \u0159idi\u010de nasazen\u00ed vozu jako v\u0161estrann\u00e9ho n\u00e1stroje pro profesion\u00e1ly. Sedadla byla ergonomicky koncipov\u00e1na. Spektrum zde sah\u00e1 od sedadel nastaviteln\u00fdch ve 4 sm\u011brech a dod\u00e1van\u00fdch s\u00e9riov\u011b pro z\u00e1kladn\u00ed verze a\u017e po na p\u0159\u00e1n\u00ed nab\u00edzen\u00e1 samostatn\u00e1 sedadla AGR s elektrick\u00fdm nastavov\u00e1n\u00edm polohy v 8 sm\u011brech (spolujezdec: v 6 sm\u011brech) a bedern\u00ed op\u011brkou nastavitelnou ve \u010dty\u0159ech sm\u011brech.<\/p>\n<p>V jedn\u00e9 horizont\u00e1ln\u00ed \u00farovni jsou pro \u0159idi\u010de p\u0159ehledn\u011b um\u00edst\u011bny zobrazovac\u00ed plochy nov\u00e9 p\u0159\u00edstrojov\u00e9 desky. Jej\u00ed sou\u010d\u00e1st\u00ed je 12\u201c digit\u00e1ln\u00ed panel sdru\u017een\u00fdch p\u0159\u00edstroj\u016f (\u201eDigital Cockpit\u201c s \u00fahlop\u0159\u00ed\u010dkou 30 cm) a 13\u201c dotykov\u00fd displej (\u00fahlop\u0159\u00ed\u010dka 33 cm) informa\u010dn\u00edho a z\u00e1bavn\u00edho syst\u00e9mu. Poprv\u00e9 m\u016f\u017ee m\u00edt v lehk\u00e9m u\u017eitkov\u00e9m voze Volkswagen podobu digit\u00e1ln\u00edho displeje na p\u0159\u00e1n\u00ed tak\u00e9 vnit\u0159n\u00ed zp\u011btn\u00e9 zrc\u00e1tko, co\u017e je p\u0159\u00ednosn\u00fd prvek v\u00fdbavy p\u0159edev\u0161\u00edm ve vozidlech s p\u0159ep\u00e1\u017ekou. Do zrc\u00e1tka je nav\u00edc integrov\u00e1na funkce kamery pro z\u00e1znam dopravn\u00ed situace.<\/p>\n<p><img loading=\"lazy\" decoding=\"async\" class=\"alignnone size-medium wp-image-11541\" src=\"http:\/\/www.automakers.cz\/wp-content\/uploads\/2025\/03\/Transporter-a-Caravellu-2-small-900x506.jpg\" alt=\"\" width=\"900\" height=\"506\" srcset=\"https:\/\/www.automakers.cz\/wp-content\/uploads\/2025\/03\/Transporter-a-Caravellu-2-small-900x506.jpg 900w, https:\/\/www.automakers.cz\/wp-content\/uploads\/2025\/03\/Transporter-a-Caravellu-2-small-1024x576.jpg 1024w, https:\/\/www.automakers.cz\/wp-content\/uploads\/2025\/03\/Transporter-a-Caravellu-2-small-768x432.jpg 768w, https:\/\/www.automakers.cz\/wp-content\/uploads\/2025\/03\/Transporter-a-Caravellu-2-small-1536x864.jpg 1536w, https:\/\/www.automakers.cz\/wp-content\/uploads\/2025\/03\/Transporter-a-Caravellu-2-small-1280x720.jpg 1280w, https:\/\/www.automakers.cz\/wp-content\/uploads\/2025\/03\/Transporter-a-Caravellu-2-small.jpg 1920w\" sizes=\"auto, (max-width: 900px) 100vw, 900px\" \/><\/p>\n<p><b>T\u0159i stupn\u011b v\u00fdbavy pro Transporter, p\u011bt pro Caravelle<\/b><\/p>\n<p>Transporter je k dispozici jako z\u00e1kladn\u00ed verze Transporter sk\u0159\u00ed\u0148 nebo Transporter Kombi. Model Caravelle figuruje v konfigur\u00e1toru v z\u00e1kladn\u00ed verzi \u201eCaravelle\u201c, se st\u0159edn\u00edm stupn\u011bm v\u00fdbavy \u201eLife\u201c a ve vrcholn\u00e9 verzi \u201eStyle\u201c. Pro verzi Life je nav\u00edc mo\u017en\u00e9 objednat paket \u201ePanAmericana\u201c, nab\u00edzej\u00edc\u00ed vn\u011bj\u0161\u00ed v\u00fdbavu v offroadov\u00e9m stylu a upraven\u00fd interi\u00e9r.<\/p>\n<p><b>S\u00e9riov\u00e1 v\u00fdbava<\/b><\/p>\n<p>Volkswagen U\u017eitkov\u00e9 vozy v porovn\u00e1n\u00ed s\u00a0generac\u00ed T6.1 dalekos\u00e1hle roz\u0161\u00ed\u0159il s\u00e9riovou v\u00fdbavu. Z\u0159eteln\u011b to dokl\u00e1d\u00e1 ji\u017e z\u00e1kladn\u00ed verze modelu Transporter, kter\u00e1 nyn\u00ed disponuje n\u00e1sleduj\u00edc\u00edmi prvky v\u00fdbavy: LED sv\u011btlomety v\u010detn\u011b asistenta pro automatick\u00e9 ovl\u00e1d\u00e1n\u00ed d\u00e1lkov\u00fdch sv\u011btel (\u201eLight Assist\u201c), zadn\u00edmi LED sv\u00edtilnami, digit\u00e1ln\u00edm panelem sdru\u017een\u00fdch p\u0159\u00edstroj\u016f \u201eDigital Cockpit\u201c, informa\u010dn\u00edm a z\u00e1bavn\u00edm syst\u00e9mem s 13\u201c displejem (v\u010detn\u011b DAB+, Apple CarPlay, Android Auto a online slu\u017eeb), multifunk\u010dn\u00edm volantem, elektronickou parkovac\u00ed brzdou s funkc\u00ed Auto Hold, bezkl\u00ed\u010dkov\u00fdm zapalov\u00e1n\u00edm \u201eKeyless Start\u201c, senzorem de\u0161t\u011b, asistentem pro j\u00edzdu v j\u00edzdn\u00edm pruhu (\u201eLane Assist\u201c), syst\u00e9mem nouzov\u00e9ho brzd\u011bn\u00ed (\u201eFront Assist\u201c) a rozpozn\u00e1v\u00e1n\u00edm dopravn\u00edch zna\u010dek.<\/p>\n<p>Nap\u00e1jen\u00ed elektrick\u00fdch za\u0159\u00edzen\u00ed zaji\u0161\u0165uj\u00ed v modelu Transporter r\u016fzn\u00e1 rozhran\u00ed, mezi n\u011b\u017e pat\u0159\u00ed USB-A, USB-C a 12V elektrick\u00e9 z\u00e1suvky. Na p\u0159\u00e1n\u00ed je mo\u017eno v\u016fz vybavit t\u00e9\u017e a\u017e dv\u011bma 230V z\u00e1suvkami.<\/p>\n<p><b>\u010cesk\u00fd konfigur\u00e1tor s cenami ji\u017e od 699 000 K\u010d bez DPH<\/b><\/p>\n<p><b>\u201e<\/b>Prvn\u00ed vozy Transporter a Caravelle nov\u00e9 generace se objev\u00ed u \u010desk\u00fdch autorizovan\u00fdch prodejc\u016f zna\u010dky Volkswagen U\u017eitkov\u00e9 vozy na p\u0159elomu b\u0159ezna a dubna, z\u00e1kaznick\u00fd konfigur\u00e1tor a p\u0159\u00edjem objedn\u00e1vek byl spu\u0161t\u011bn ji\u017e nyn\u00ed, s\u00a0velk\u00fdm p\u0159edstihem p\u0159ed kv\u011btnov\u00fdm ofici\u00e1ln\u00edm zah\u00e1jen\u00edm prodeje nov\u00e9 modelov\u00e9 \u0159ady Transporter\/Caravelle v\u00a0\u010cesk\u00e9 republice,\u201c \u0159\u00edk\u00e1 Mirka Cimrov\u00e1, vedouc\u00ed zna\u010dky Volkswagen U\u017eitkov\u00e9 vozy v\u00a0\u010cesk\u00e9 republice.<\/p>\n<p>Nejprve jsou k\u00a0dispozici varianty poh\u00e1n\u011bn\u00e9 motory TDI a u sk\u0159\u00ed\u0148ov\u00e9ho vozu i \u010dist\u011b elektrick\u00e9 verze. Vstupn\u00ed cena sk\u0159\u00ed\u0148ov\u00e9ho modelu Transporter s\u00a0kr\u00e1tk\u00fdm rozvorem a jednotkou 2.0 TDI o v\u00fdkonu 81 kW byla stanovena na 699\u00a0000 K\u010d bez DPH, u v\u0161estrann\u00e9 p\u011btim\u00edstn\u00e9 a\u017e dev\u00edtim\u00edstn\u00e9 varianty Transporter Kombi se stejnou d\u00e9lkou karoserie a verz\u00ed pohonu je v \u010desk\u00e9m konfigur\u00e1toru uvedena vstupn\u00ed cena 729\u00a0900 K\u010d bez DPH (883\u00a0179 K\u010d s\u00a0DPH) a v\u00fdhradn\u011b pro osobn\u00ed p\u0159epravu koncipovan\u00fd model Caravelle lze objedn\u00e1vat za ceny ji\u017e od 955\u00a0779 K\u010d s DPH (789\u00a0900 K\u010d bez DPH).<\/p>\n<p>Financov\u00e1n\u00ed s ak\u010dn\u00ed \u00farokovou sazbou je od 1,9 % a servisn\u00edm bal\u00ed\u010dkem na 5 let za pouh\u00fdch 5000 K\u010d v\u010detn\u011b DPH. Volkswagen U\u017eitkov\u00e9 vozy poskytuje na v\u0161echny varianty model\u016f Transporter a Caravelle p\u011btiletou z\u00e1ruku s omezen\u00edm na 200 000 kilometr\u016f.<\/p>\n<p><img loading=\"lazy\" decoding=\"async\" class=\"alignnone size-medium wp-image-11542\" src=\"http:\/\/www.automakers.cz\/wp-content\/uploads\/2025\/03\/Transporter-a-Caravellu-interier-3-900x450.jpg\" alt=\"\" width=\"900\" height=\"450\" srcset=\"https:\/\/www.automakers.cz\/wp-content\/uploads\/2025\/03\/Transporter-a-Caravellu-interier-3-900x450.jpg 900w, https:\/\/www.automakers.cz\/wp-content\/uploads\/2025\/03\/Transporter-a-Caravellu-interier-3-1024x512.jpg 1024w, https:\/\/www.automakers.cz\/wp-content\/uploads\/2025\/03\/Transporter-a-Caravellu-interier-3-768x384.jpg 768w, https:\/\/www.automakers.cz\/wp-content\/uploads\/2025\/03\/Transporter-a-Caravellu-interier-3.jpg 1200w\" sizes=\"auto, (max-width: 900px) 100vw, 900px\" \/><\/p>\n","protected":false},"excerpt":{"rendered":"<p>\u010cesk\u00fd Volkswagen U\u017eitkov\u00e9 vozy spustil konfigur\u00e1tor pro nov\u00fd Transporter a Caravellu. Ikona mezi lehk\u00fdmi u\u017eitkov\u00fdmi&#8230;<\/p>\n","protected":false},"author":2,"featured_media":11539,"comment_status":"closed","ping_status":"closed","sticky":false,"template":"","format":"standard","meta":{"footnotes":""},"categories":[37,17,85],"tags":[],"class_list":["post-11538","post","type-post","status-publish","format-standard","has-post-thumbnail","hentry","category-ceny-novinek","category-dealeri","category-vybava"],"_links":{"self":[{"href":"https:\/\/www.automakers.cz\/index.php?rest_route=\/wp\/v2\/posts\/11538","targetHints":{"allow":["GET"]}}],"collection":[{"href":"https:\/\/www.automakers.cz\/index.php?rest_route=\/wp\/v2\/posts"}],"about":[{"href":"https:\/\/www.automakers.cz\/index.php?rest_route=\/wp\/v2\/types\/post"}],"author":[{"embeddable":true,"href":"https:\/\/www.automakers.cz\/index.php?rest_route=\/wp\/v2\/users\/2"}],"replies":[{"embeddable":true,"href":"https:\/\/www.automakers.cz\/index.php?rest_route=%2Fwp%2Fv2%2Fcomments&post=11538"}],"version-history":[{"count":3,"href":"https:\/\/www.automakers.cz\/index.php?rest_route=\/wp\/v2\/posts\/11538\/revisions"}],"predecessor-version":[{"id":11546,"href":"https:\/\/www.automakers.cz\/index.php?rest_route=\/wp\/v2\/posts\/11538\/revisions\/11546"}],"wp:featuredmedia":[{"embeddable":true,"href":"https:\/\/www.automakers.cz\/index.php?rest_route=\/wp\/v2\/media\/11539"}],"wp:attachment":[{"href":"https:\/\/www.automakers.cz\/index.php?rest_route=%2Fwp%2Fv2%2Fmedia&parent=11538"}],"wp:term":[{"taxonomy":"category","embeddable":true,"href":"https:\/\/www.automakers.cz\/index.php?rest_route=%2Fwp%2Fv2%2Fcategories&post=11538"},{"taxonomy":"post_tag","embeddable":true,"href":"https:\/\/www.automakers.cz\/index.php?rest_route=%2Fwp%2Fv2%2Ftags&post=11538"}],"curies":[{"name":"wp","href":"https:\/\/api.w.org\/{rel}","templated":true}]}}