{"id":11551,"date":"2025-03-11T09:25:11","date_gmt":"2025-03-11T09:25:11","guid":{"rendered":"https:\/\/www.automakers.cz\/?p=11551"},"modified":"2025-03-12T09:38:23","modified_gmt":"2025-03-12T09:38:23","slug":"tesla-se-v-evrope-hrouti-jeji-akcie-padaji","status":"publish","type":"post","link":"https:\/\/www.automakers.cz\/?p=11551","title":{"rendered":"Akcie Tesly strm\u011b padaj\u00ed (Koment\u00e1\u0159 \u010cT 24)"},"content":{"rendered":"<p><strong>Statistiky ukazuj\u00ed, \u017ee <span class=\"highlight-query highlight-E4id0 highlight-E1id4 highlight-E4M highlight-E1M\">Tesla<\/span> utrp\u011bla v\u00fdrazn\u00fd 45procentn\u00ed pokles prodej\u016f na evropsk\u00e9m trhu. V\u00edce ne\u017e t\u0159etinov\u00fd propad zaznamenaly tak\u00e9 akcie automobilky a vymazaly tak lo\u0148sk\u00e9 r\u016fsty. Co zp\u016fsobilo tak rapidn\u00ed zhor\u0161en\u00ed situace?<\/strong><!--more--><\/p>\n<p>V lednu 2025 zaznamenala spole\u010dnost <span class=\"highlight-query highlight-E1id4 highlight-E4id0 highlight-E1M highlight-E4M\">Tesla<\/span> prost\u0159ednictv\u00edm sv\u00fdch registrac\u00ed o 45 % m\u00e9n\u011b evropsk\u00fdch prodej\u016f, kter\u00e9 dos\u00e1hly 9 945 kus\u016f oproti 18 161 kus\u016fm z p\u0159edchoz\u00edho stejn\u00e9ho obdob\u00ed. Tento v\u00fdrazn\u00fd pokles jde proti trendu trhu, proto\u017ee <span class=\"highlight-E0id6 highlight-E0M\">Evropa<\/span> v tomto obdob\u00ed zaznamenala 37% n\u00e1r\u016fst celkov\u00e9ho po\u010dtu elektromobil\u016f.<\/p>\n<p>&#8222;Kdy\u017e se pod\u00edv\u00e1me na graf v\u00fdvoje akci\u00ed automobilky, je\u0161t\u011b loni v listopadu v dob\u011b americk\u00fdch voleb v\u00fdrazn\u011b rostly a dos\u00e1hly sv\u00e9ho historick\u00e9ho vrcholu. Na n\u011bm se dr\u017eely do 20. ledna leto\u0161n\u00edho roku, kdy majitel firmy Elon Musk vstoupil spole\u010dn\u011b s Donaldem Trumpem do B\u00edl\u00e9ho domu. Pak nastal strm\u00fd p\u00e1d. V\u00fdvoj tr\u017en\u00ed hodnoty Tesly tedy pravd\u011bpodobn\u011b souvis\u00ed s americkou politikou,&#8220; uvedl pro \u010cT 24 \u0161\u00e9fredaktor AUTOmakers Erich Handl.<\/p>\n<p><iframe loading=\"lazy\"  id=\"_ytid_73419\"  width=\"640\" height=\"360\"  data-origwidth=\"640\" data-origheight=\"360\" src=\"https:\/\/www.youtube.com\/embed\/aHy2YlyZ5B8?enablejsapi=1&#038;autoplay=0&#038;cc_load_policy=0&#038;cc_lang_pref=&#038;iv_load_policy=1&#038;loop=0&#038;modestbranding=0&#038;rel=1&#038;fs=1&#038;playsinline=0&#038;autohide=2&#038;theme=dark&#038;color=red&#038;controls=1&#038;\" class=\"__youtube_prefs__  epyt-is-override  no-lazyload\" title=\"YouTube player\"  allow=\"accelerometer; autoplay; clipboard-write; encrypted-media; gyroscope; picture-in-picture\" allowfullscreen data-no-lazy=\"1\" data-skipgform_ajax_framebjll=\"\"><\/iframe><\/p>\n<p><strong>Politick\u00e9 zviditeln\u011bn\u00ed <span class=\"highlight-E2id0 highlight-E2M\">Elona<\/span> <span class=\"highlight-E2id0 highlight-E2M\">Muska<\/span> <\/strong><\/p>\n<p>Politick\u00e1 prohl\u00e1\u0161en\u00ed <span class=\"highlight-E2id0 highlight-E2M\">Elona<\/span> <span class=\"highlight-E2id0 highlight-E2M\">Muska z konce ledna a \u00fanora<\/span> a jeho aktivn\u00ed politick\u00e1 role podle v\u0161eho ovlivnily pokles prodej\u016f na evropsk\u00fdch trz\u00edch spole\u010dnosti <span class=\"highlight-query highlight-E4id0 highlight-E1id4 highlight-E4M highlight-E1M\">Tesla<\/span>. Muskovo v\u011bt\u0161\u00ed politick\u00e9 zviditeln\u011bn\u00ed ve <span class=\"highlight-E0id0 highlight-E0M\">Spojen\u00fdch<\/span> <span class=\"highlight-E0id0 highlight-E0M\">st\u00e1tech<\/span> \u00fadajn\u011b vedlo k tomu, \u017ee n\u011bkte\u0159\u00ed evrop\u0161t\u00ed <span class=\"highlight-E5id2 highlight-E5M\">z\u00e1kazn\u00edci<\/span> ztratili z\u00e1jem o n\u00e1kup voz\u016f <span class=\"highlight-query highlight-E4id0 highlight-E1id4 highlight-E4M highlight-E1M\">Tesla<\/span>. Z\u00e1jem <span class=\"highlight-E5id2 highlight-E5M\">z\u00e1kazn\u00edk\u016f<\/span> o spole\u010dnost <span class=\"highlight-query highlight-E4id0 highlight-E1id4 highlight-E4M highlight-E1M\">Tesla<\/span> se sn\u00ed\u017eil, proto\u017ee image jej\u00ed zna\u010dky za\u010dala b\u00fdt negativn\u011b spojov\u00e1na s kontroverzn\u00ed ve\u0159ejnou osobou <span class=\"highlight-E2id0 highlight-E2M\">Elona<\/span> <span class=\"highlight-E2id0 highlight-E2M\">Muska<\/span>.<\/p>\n<p><strong>Konkuren\u010dn\u00ed tlak \u010c\u00edny<\/strong><\/p>\n<p>Zhor\u0161en\u00ed situace Tesly v <span class=\"highlight-E0id6 highlight-E0M\">Evrop\u011b<\/span> ale lze p\u0159i\u010d\u00edst tak\u00e9 \u010d\u00ednsk\u00e9 automobilce BYD a n\u011bkolika evropsk\u00fdm <span class=\"highlight-E5id1 highlight-E5M\">v\u00fdrobc\u016fm<\/span>, kte\u0159\u00ed vstoupili na trh. BYD pos\u00edlila svou pozici na evropsk\u00e9m trhu uveden\u00edm cenov\u011b v\u00fdhodn\u00fdch elektromobil\u016f s pokro\u010dil\u00fdmi technologiemi. Prodejn\u00ed \u010d\u00edsla spole\u010dnosti BYD dramaticky vzrostla o 37 %, co\u017e j\u00ed umo\u017enilo ovl\u00e1dnout 2,3% segment trhu nad spole\u010dnost\u00ed <span class=\"highlight-query highlight-E4id0 highlight-E1id4 highlight-E4M highlight-E1M\">Tesla<\/span>.<\/p>\n<p>Tak\u00e9 Evropsk\u00e9 automobilky roz\u0161\u00ed\u0159ily nab\u00eddku elektromobil\u016f na trhu. Po roz\u0161\u00ed\u0159en\u00ed nab\u00eddky elektromobil\u016f se lednov\u00e1 prodejn\u00ed \u010d\u00edsla spole\u010dnosti <span class=\"highlight-E1id3 highlight-E4id0 highlight-E1M highlight-E4M\">Volkswagen<\/span> zv\u00fd\u0161ila o 14,9 %. <span class=\"highlight-E4id0 highlight-E1id1 highlight-E4M highlight-E1M\">Renault<\/span> a <span class=\"highlight-E1id5 highlight-E4id0 highlight-E1M highlight-E4M\">Toyota<\/span> zlep\u0161ily prodeje pr\u00e9miov\u00e9 \u0159ady <span class=\"highlight-E4id0 highlight-E1id0 highlight-E4id1 highlight-E4M highlight-E1M\">Lexus<\/span>, co\u017e vedlo ke sn\u00ed\u017een\u00ed dostupnosti tr\u017en\u00edho pod\u00edlu pro spole\u010dnost <span class=\"highlight-query highlight-E4id0 highlight-E1id4 highlight-E4M highlight-E1M\">Tesla<\/span>. Konkurence konkuren\u010dn\u00edch <span class=\"highlight-E5id1 highlight-E5M\">v\u00fdrobc\u016f<\/span> elektromobil\u016f vytv\u00e1\u0159\u00ed pro spole\u010dnost <span class=\"highlight-query highlight-E4id0 highlight-E1id4 highlight-E4M highlight-E1M\">Tesla<\/span> probl\u00e9my na \u00farovni cenov\u00e9 konkurence a konkurence zna\u010dek a funkc\u00ed, nebo\u0165 spole\u010dnost <span class=\"highlight-query highlight-E4id0 highlight-E1id4 highlight-E4M highlight-E1M\">Tesla<\/span> se v posledn\u00ed dob\u011b setkala s obchodn\u00edmi p\u0159ek\u00e1\u017ekami.<\/p>\n<p><strong>Zdroj: \u010cT 24<\/strong><\/p>\n","protected":false},"excerpt":{"rendered":"<p>Statistiky ukazuj\u00ed, \u017ee Tesla utrp\u011bla v\u00fdrazn\u00fd 45procentn\u00ed pokles prodej\u016f na evropsk\u00e9m trhu. V\u00edce ne\u017e t\u0159etinov\u00fd&#8230;<\/p>\n","protected":false},"author":1,"featured_media":9469,"comment_status":"closed","ping_status":"closed","sticky":false,"template":"","format":"standard","meta":{"footnotes":""},"categories":[59,14,10,66],"tags":[],"class_list":["post-11551","post","type-post","status-publish","format-standard","has-post-thumbnail","hentry","category-automakers-tv","category-komentar","category-statistika","category-video"],"_links":{"self":[{"href":"https:\/\/www.automakers.cz\/index.php?rest_route=\/wp\/v2\/posts\/11551","targetHints":{"allow":["GET"]}}],"collection":[{"href":"https:\/\/www.automakers.cz\/index.php?rest_route=\/wp\/v2\/posts"}],"about":[{"href":"https:\/\/www.automakers.cz\/index.php?rest_route=\/wp\/v2\/types\/post"}],"author":[{"embeddable":true,"href":"https:\/\/www.automakers.cz\/index.php?rest_route=\/wp\/v2\/users\/1"}],"replies":[{"embeddable":true,"href":"https:\/\/www.automakers.cz\/index.php?rest_route=%2Fwp%2Fv2%2Fcomments&post=11551"}],"version-history":[{"count":5,"href":"https:\/\/www.automakers.cz\/index.php?rest_route=\/wp\/v2\/posts\/11551\/revisions"}],"predecessor-version":[{"id":11598,"href":"https:\/\/www.automakers.cz\/index.php?rest_route=\/wp\/v2\/posts\/11551\/revisions\/11598"}],"wp:featuredmedia":[{"embeddable":true,"href":"https:\/\/www.automakers.cz\/index.php?rest_route=\/wp\/v2\/media\/9469"}],"wp:attachment":[{"href":"https:\/\/www.automakers.cz\/index.php?rest_route=%2Fwp%2Fv2%2Fmedia&parent=11551"}],"wp:term":[{"taxonomy":"category","embeddable":true,"href":"https:\/\/www.automakers.cz\/index.php?rest_route=%2Fwp%2Fv2%2Fcategories&post=11551"},{"taxonomy":"post_tag","embeddable":true,"href":"https:\/\/www.automakers.cz\/index.php?rest_route=%2Fwp%2Fv2%2Ftags&post=11551"}],"curies":[{"name":"wp","href":"https:\/\/api.w.org\/{rel}","templated":true}]}}