{"id":11600,"date":"2025-03-12T10:57:39","date_gmt":"2025-03-12T10:57:39","guid":{"rendered":"https:\/\/www.automakers.cz\/?p=11600"},"modified":"2025-03-13T08:08:32","modified_gmt":"2025-03-13T08:08:32","slug":"vienna-insurance-group-bilancovala-v-ringturmu","status":"publish","type":"post","link":"https:\/\/www.automakers.cz\/?p=11600","title":{"rendered":"Vienna Insurance Group bilancovala v Ringturmu"},"content":{"rendered":"<p><strong>Vienna Insurance Group (VIG) svolala novin\u00e1\u0159e na v\u00fdro\u010dn\u00ed tiskovou konferenci do centr\u00e1ly ve v\u00edde\u0148sk\u00e9m Ringturmu. Jej\u00ed \u0161\u00e9f Hartwig L\u00f6ger se pochlubil dal\u0161\u00edm \u00fasp\u011b\u0161n\u00fdm finan\u010dn\u00edm rokem: objem pojistn\u00e9ho skupiny meziro\u010dn\u011b vzrostl o 10 % na 15,2 mld eur.<\/strong><!--more--><\/p>\n<p><strong>Zisk p\u0159ed zdan\u011bn\u00edm loni vzrostl na 881,8 mil. EUR (+14 %). Hartwig L\u00f6ger, gener\u00e1ln\u00ed \u0159editel a p\u0159edseda p\u0159edstavenstva VIG:<\/strong><\/p>\n<p>&#8222;Siln\u00fd r\u016fst a vysok\u00e1 ziskovost i v roce 2024 potvrdily na\u0161i pozici jasn\u00e9ho l\u00eddra v regionu st\u0159edn\u00ed a v\u00fdchodn\u00ed Evropy. Pokra\u010dujeme tak v \u00fasp\u011b\u0161n\u00e9 cest\u011b, kter\u00e1 stav\u00ed na rozmanitosti na\u0161\u00ed skupiny, nebo\u0165 r\u016fst pojistn\u00e9ho a zisku je v\u00fdsledkem v\u0161ech segment\u016f a odv\u011btv\u00ed. Na z\u00e1klad\u011b tohoto v\u00fdsledku a na\u0161\u00ed siln\u00e9 kapitalizace navrhne\u00a0 p\u0159edstavenstvo VIG \u0159\u00eddic\u00edm org\u00e1n\u016fm zv\u00fd\u0161en\u00ed dividendy na 1,55 EUR na akcii.&#8220;<\/p>\n<p>Povodn\u011b v d\u016fsledku bou\u0159kov\u00e9 fronty Boris zp\u016fsobily VIG \u0161kody ve hrub\u00e9 v\u00fd\u0161i 617 milion\u016f EUR, p\u0159i\u010dem\u017e nejv\u00edce bylo posti\u017eeno Rakousko, \u010cesk\u00e1 republika a Polsko. Peter H\u00f6finger, n\u00e1m\u011bstek gener\u00e1ln\u00edho \u0159editele, odpov\u011bdn\u00fd tak\u00e9 za zaji\u0161t\u011bn\u00ed, uvedl k extr\u00e9mn\u00ed pov\u011btrnostn\u00ed ud\u00e1losti: \u201eT\u00fdmy na\u0161ich lok\u00e1ln\u00edch spole\u010dnost\u00ed prok\u00e1zaly mimo\u0159\u00e1dn\u00e9 nasazen\u00ed p\u0159i rychl\u00e9 a nekomplikovan\u00e9 pomoci klient\u016fm. D\u00edky region\u00e1ln\u00ed diverzifikaci na\u0161\u00ed skupiny a konzervativn\u00ed strategii zaji\u0161t\u011bn\u00ed jsme se z pohledu hospod\u00e1\u0159sk\u00e9ho v\u00fdsledku dok\u00e1zali dob\u0159e vypo\u0159\u00e1dat s n\u00e1sledky t\u00e9to nejv\u011bt\u0161\u00ed \u0161kodn\u00ed ud\u00e1losti v na\u0161\u00ed dvousetlet\u00e9 historii.&#8220;<\/p>\n<p><strong> P\u0159edb\u011b\u017en\u00e9 ukazatele v detailu, P\u0159edepsan\u00e9 pojistn\u00e9<\/strong><br \/>\nN\u00e1r\u016fst pojistn\u00e9ho je v\u00fdsledkem v\u0161ech segment\u016f a odv\u011btv\u00ed. D\u00edky dvoucifern\u00e9mu r\u016fstu p\u0159edepsan\u00e9 pojistn\u00e9 oproti lo\u0148sk\u00e9mu roku v\u00fdrazn\u011b stouplo v segmentech Roz\u0161\u00ed\u0159en\u00e1 st\u0159edn\u00ed a v\u00fdchodn\u00ed Evropa (+10,5 %) a Speci\u00e1ln\u00ed trhy (+59,4 %). Ze zem\u00ed segmentu Roz\u0161\u00ed\u0159en\u00e1 st\u0159edn\u00ed a v\u00fdchodn\u00ed Evropa zaznamenaly obzvl\u00e1\u0161t\u011b dynamick\u00fd r\u016fst pojistn\u00e9ho Rumunsko (+16,3 %), pobaltsk\u00e9 st\u00e1ty (+10,4 %), Slovensko (+7,4 %) a Bulharsko (+14,8 %). V segmentu Speci\u00e1ln\u00edch trh\u016f vyk\u00e1zalo siln\u00fd r\u016fst pojistn\u00e9ho zejm\u00e9na Turecko (+96,7 %). Z hlediska segment\u016f byl dvoucifern\u00fd r\u016fst zaznamen\u00e1n v poji\u0161t\u011bn\u00ed odpov\u011bdnosti z provozu motorov\u00fdch vozidel (+11,6 %), havarijn\u00edm poji\u0161t\u011bn\u00ed (+12,2 %), ostatn\u00edm majetkov\u00e9m poji\u0161t\u011bn\u00ed (+10,3 %) a zdravotn\u00edm poji\u0161t\u011bn\u00ed (+14,2 %). Pojistn\u00e9 v \u017eivotn\u00edm poji\u0161t\u011bn\u00ed vzrostlo o 6 %.<\/p>\n<p>Celkem 26 % p\u0159edepsan\u00e9ho pojistn\u00e9ho bylo nahospoda\u0159eno v Rakousku, 14 % v \u010cesk\u00e9 republice, 10 % v Polsku, 26 % v segmentu Roz\u0161\u00ed\u0159en\u00e1 st\u0159edn\u00ed a v\u00fdchodn\u00ed Evropa a 9 % na Speci\u00e1ln\u00edch trz\u00edch.<\/p>\n<p><strong>Pojistn\u011b technick\u00e9 v\u00fdnosy: 12 138,5 mil. EUR | + 11,1 % <\/strong><br \/>\nTento n\u00e1r\u016fst lze p\u0159i\u010d\u00edst v\u0161em segment\u016fm a zejm\u00e9na r\u016fstu majetkov\u00e9ho a \u00farazov\u00e9ho poji\u0161t\u011bn\u00ed\u00a0 v segmentech Roz\u0161\u00ed\u0159en\u00e1 st\u0159edn\u00ed a v\u00fdchodn\u00ed Evropa a Speci\u00e1ln\u00ed trhy.<\/p>\n<p><strong>Zisk p\u0159ed zdan\u011bn\u00edm: 881,8 mil. EUR | + 14,1 % <\/strong><br \/>\nN\u00e1r\u016fst je zp\u016fsoben p\u0159edev\u0161\u00edm siln\u00fdm r\u016fstem zisku v segmentech Polsko, Roz\u0161\u00ed\u0159en\u00e1 st\u0159edn\u00ed a v\u00fdchodn\u00ed Evropa a Speci\u00e1ln\u00ed trhy. \u010cist\u00fd zisk po zdan\u011bn\u00ed a nekontroln\u00edch pod\u00edlech vzrostl o 15,4 % na 645 mil. EUR.<\/p>\n<p>Nejv\u011bt\u0161\u00ed pod\u00edl na zisku m\u00e1 Rakousko (38 %), n\u00e1sleduje \u010cesk\u00e1 republika (24 %), Polsko (7 %), roz\u0161\u00ed\u0159en\u00e1 st\u0159edn\u00ed a v\u00fdchodn\u00ed Evropa (18 % ), na Speci\u00e1ln\u00ed trhy p\u0159ipad\u00e1 10 %.<\/p>\n<p><strong>Navrhovan\u00e1 dividenda 1,55 EUR na akcii | + 11 % <\/strong><br \/>\nVzhledem k velmi pozitivn\u00edmu v\u00fdvoji hospoda\u0159en\u00ed a velk\u00e9 kapit\u00e1lov\u00e9 s\u00edle navrhne veden\u00ed Vienna Insurance Group \u0159\u00edd\u00edc\u00edm org\u00e1n\u016fm zv\u00fd\u0161en\u00ed dividendy za \u00fa\u010detn\u00ed rok 2024 o 11 % oproti p\u0159edchoz\u00edmu roku z 1,40 EUR na 1,55 EUR. Dividendov\u00fd v\u00fdnos \u010din\u00ed 5,1 %. Zisk na akcii v roce 2024 p\u0159edstavuje 4,98 EUR, co\u017e je zlep\u0161en\u00ed o 15,6 % oproti p\u0159edchoz\u00edmu roku.<\/p>\n<p><strong>P\u0159idan\u00e1 hodnota d\u00edky rozmanitosti <\/strong><br \/>\nS 50 spole\u010dnostmi ve 30 zem\u00edch \u017eije VIG velkou rozmanitost\u00ed, kter\u00e1 v mnoha sm\u011brech vytv\u00e1\u0159\u00ed p\u0159idanou hodnotu. Diverzifikace slou\u017e\u00ed k rozlo\u017een\u00ed region\u00e1ln\u00edch rizik nap\u0159\u00ed\u010d skupinou, sd\u00edlen\u00ed schopnost\u00ed a \u0161irok\u00e9 spektrum odborn\u00fdch znalost\u00ed podporuje dialog mezi zem\u011bmi a spole\u010dnostmi. Nov\u011b z\u0159\u00edzen\u00e1 funkce CO\u00b3 (Communication, Collaboration, Cooperation) podporuje v r\u00e1mci skupiny spolupr\u00e1ci a v\u00fdm\u011bnu odborn\u00fdch znalost\u00ed a inovac\u00ed, vytv\u00e1\u0159\u00ed transparentnost a generuje synergie. Obrovskou \u0161\u00ed\u0159i inovac\u00ed dokl\u00e1d\u00e1 i \u0159ada p\u0159\u00edklad\u016f vyu\u017eit\u00ed um\u011bl\u00e9 inteligence, kde jsou motorem v\u00fdvoje lok\u00e1ln\u00ed spole\u010dnosti.<\/p>\n<p>\u00dazk\u00e1 spolupr\u00e1ce je charakteristick\u00e1 tak\u00e9 pro strategick\u00e9 partnerstv\u00ed se skupinou ERSTE Bank, kter\u00e9 bylo v uplynul\u00e9m roce d\u00e1le roz\u0161\u00ed\u0159eno. Pojistn\u00e9 p\u0159ijat\u00e9 prost\u0159ednictv\u00edm ERSTE Bank dos\u00e1hlo v\u00fd\u0161e 1,4 miliardy EUR a oproti p\u0159edchoz\u00edmu roku se zv\u00fd\u0161ilo o 6 %. Tento n\u00e1r\u016fst lze p\u0159i\u010d\u00edst v\u0161em odv\u011btv\u00edm, p\u0159i\u010dem\u017e v poji\u0161t\u011bn\u00ed dom\u00e1cnost\u00ed\/majetku do\u0161lo k n\u00e1r\u016fstu o 19 %.<\/p>\n<p><strong>Pozitivn\u00ed v\u00fdhled na rok 2025 <\/strong><br \/>\nVIG se dosud dok\u00e1zala velmi dob\u0159e vypo\u0159\u00e1dat s d\u016fsledky n\u00e1ro\u010dn\u00fdch geopolitick\u00fdch a makroekonomick\u00fdch r\u00e1mcov\u00fdch podm\u00ednek a je dob\u0159e p\u0159ipravena na nestabiln\u00ed prost\u0159ed\u00ed. Na z\u00e1klad\u011b toho se o\u010dek\u00e1v\u00e1, \u017ee r\u016fst zisk\u016f bude pokra\u010dovat i ve finan\u010dn\u00edm roce 2025. Liane Hirner, \u010dlenka p\u0159edstavenstva VIG pro oblast financ\u00ed a rizik, k v\u00fdhledu uvedla:<\/p>\n<p>&#8222;Progn\u00f3za r\u016fstu pro region st\u0159edn\u00ed a v\u00fdchodn\u00ed Evropy je v porovn\u00e1n\u00ed s euroz\u00f3nou v\u00edce ne\u017e dvojn\u00e1sobn\u00e1. Na\u0161e diverzifikace trh\u016f a oblast\u00ed podnik\u00e1n\u00ed, zam\u011b\u0159en\u00ed na\u0161ich spole\u010dnost\u00ed na klienty a siln\u00e1 kapit\u00e1lov\u00e1 vybavenost VIG tvo\u0159\u00ed vynikaj\u00edc\u00ed z\u00e1klad pro \u00fasp\u011b\u0161n\u00e9 pokra\u010dov\u00e1n\u00ed v nastoupen\u00e9 cest\u011b. Ambic\u00ed VIG je proto dos\u00e1hnout ve finan\u010dn\u00edm roce 2025 zisku p\u0159ed zdan\u011bn\u00edm v rozmez\u00ed 950 mil. a\u017e 1 mld. EUR.&#8220;<\/p>\n<p><strong>P\u0159edb\u011b\u017en\u00e9 \u00fadaje <\/strong><br \/>\nInformace o finan\u010dn\u00edm roce 2024 uveden\u00e9 v t\u00e9to tiskov\u00e9 zpr\u00e1v\u011b vych\u00e1zej\u00ed z p\u0159edb\u011b\u017en\u00fdch \u00fadaj\u016f. Kone\u010dn\u00e9 \u00fadaje za finan\u010dn\u00ed rok 2024 budou zve\u0159ejn\u011bny spolu s v\u00fdro\u010dn\u00ed zpr\u00e1vou dne 28. dubna 2025.<\/p>\n<p>Vienna Insurance Group (VIG) p\u0159edstavuje skupinu s dlouhou tradic\u00ed, siln\u00fdmi zna\u010dkami a velkou bl\u00edzkost\u00ed ke klient\u016fm Jej\u00ed pracovn\u00edci se ka\u017edodenn\u011b staraj\u00ed o pot\u0159eby zhruba 33 milion\u016f klient\u016f. Akcie VIG jsou od roku 1994 kotov\u00e1ny na V\u00edde\u0148sk\u00e9 burze, od roku 2008 na Pra\u017esk\u00e9 burze a od roku 2022 na Budape\u0161\u0165sk\u00e9 burze.<\/p>\n<p>Skupina VIG vykazuje rating \u201eA+\u201d se stabiln\u00edm v\u00fdhledem mezin\u00e1rodn\u011b uzn\u00e1van\u00e9 ratingov\u00e9 agentury Standard &amp; Poor\u2019s. VIG \u00fazce spolupracuje s Erste Group, nejv\u011bt\u0161\u00ed retailovou bankou ve st\u0159edn\u00ed a v\u00fdchodn\u00ed Evrop\u011b.<\/p>\n<p>Tato tiskov\u00e1 spr\u00e1va obsahuje prohl\u00e1\u0161en\u00ed sm\u011b\u0159uj\u00edc\u00ed do budoucnosti a t\u00fdkaj\u00edc\u00ed se budouc\u00edho v\u00fdvoje Vienna Insurance Group (VIG). Tato prohl\u00e1\u0161en\u00ed vych\u00e1zej\u00ed ze sou\u010dasn\u00fdch odhad\u016f a progn\u00f3z veden\u00ed podniku. Zm\u011bny v\u0161eobecn\u00e9ho hospod\u00e1\u0159sk\u00e9ho v\u00fdvoje, budouc\u00ed tr\u017en\u00ed podm\u00ednky, zm\u011bny na kapit\u00e1lov\u00fdch trz\u00edch a jin\u00e9 okolnosti mohou v\u00e9st k tomu, \u017ee skute\u010dn\u00e9 ud\u00e1losti anebo v\u00fdsledky se budou v\u00fdrazn\u011b odchylovat od prohl\u00e1\u0161en\u00ed, kter\u00e1 v\u00a0 sou\u010dasnosti sm\u011b\u0159uj\u00ed do budoucnosti. VIENNA INSURANCE GROUP AG Wiener Versicherung Gruppe nep\u0159eb\u00edraj\u00ed povinnost tato do budoucnosti sm\u011b\u0159uj\u00edc\u00ed prohl\u00e1\u0161en\u00ed aktualizovat nebo je p\u0159izp\u016fsobovat budouc\u00edm ud\u00e1lostem anebo v\u00fdvoji.<\/p>\n<p><strong>Erich Handl, TK VIG, Ringturm<\/strong><\/p>\n","protected":false},"excerpt":{"rendered":"<p>Vienna Insurance Group (VIG) svolala novin\u00e1\u0159e na v\u00fdro\u010dn\u00ed tiskovou konferenci do centr\u00e1ly ve v\u00edde\u0148sk\u00e9m Ringturmu&#8230;.<\/p>\n","protected":false},"author":1,"featured_media":11601,"comment_status":"closed","ping_status":"closed","sticky":false,"template":"","format":"standard","meta":{"footnotes":""},"categories":[35,20],"tags":[],"class_list":["post-11600","post","type-post","status-publish","format-standard","has-post-thumbnail","hentry","category-pojisteni","category-tiskovky"],"_links":{"self":[{"href":"https:\/\/www.automakers.cz\/index.php?rest_route=\/wp\/v2\/posts\/11600","targetHints":{"allow":["GET"]}}],"collection":[{"href":"https:\/\/www.automakers.cz\/index.php?rest_route=\/wp\/v2\/posts"}],"about":[{"href":"https:\/\/www.automakers.cz\/index.php?rest_route=\/wp\/v2\/types\/post"}],"author":[{"embeddable":true,"href":"https:\/\/www.automakers.cz\/index.php?rest_route=\/wp\/v2\/users\/1"}],"replies":[{"embeddable":true,"href":"https:\/\/www.automakers.cz\/index.php?rest_route=%2Fwp%2Fv2%2Fcomments&post=11600"}],"version-history":[{"count":5,"href":"https:\/\/www.automakers.cz\/index.php?rest_route=\/wp\/v2\/posts\/11600\/revisions"}],"predecessor-version":[{"id":11612,"href":"https:\/\/www.automakers.cz\/index.php?rest_route=\/wp\/v2\/posts\/11600\/revisions\/11612"}],"wp:featuredmedia":[{"embeddable":true,"href":"https:\/\/www.automakers.cz\/index.php?rest_route=\/wp\/v2\/media\/11601"}],"wp:attachment":[{"href":"https:\/\/www.automakers.cz\/index.php?rest_route=%2Fwp%2Fv2%2Fmedia&parent=11600"}],"wp:term":[{"taxonomy":"category","embeddable":true,"href":"https:\/\/www.automakers.cz\/index.php?rest_route=%2Fwp%2Fv2%2Fcategories&post=11600"},{"taxonomy":"post_tag","embeddable":true,"href":"https:\/\/www.automakers.cz\/index.php?rest_route=%2Fwp%2Fv2%2Ftags&post=11600"}],"curies":[{"name":"wp","href":"https:\/\/api.w.org\/{rel}","templated":true}]}}