{"id":11606,"date":"2025-03-12T17:44:48","date_gmt":"2025-03-12T17:44:48","guid":{"rendered":"https:\/\/www.automakers.cz\/?p=11606"},"modified":"2025-03-12T17:44:48","modified_gmt":"2025-03-12T17:44:48","slug":"inspektori-chystaji-kontroly-kamionu","status":"publish","type":"post","link":"https:\/\/www.automakers.cz\/?p=11606","title":{"rendered":"Inspekto\u0159i chystaj\u00ed kontroly kamion\u016f"},"content":{"rendered":"<p class=\"xmprfx_MsoNormal\"><b>Na n\u00e1kladn\u00ed dopravu budou dohl\u00ed\u017eet d\u00e1l mobiln\u00ed expertn\u00ed jednotky, ov\u0161em v\u00a0nov\u00e9m jako Inspekce silni\u010dn\u00ed dopravy (INSID). Umo\u017enila to novela n\u011bkolika silni\u010dn\u00edch, jej\u00ed\u017e n\u00e1vrh schv\u00e1lili poslanci. Ta z\u00e1rove\u0148 zav\u00e1d\u00ed novou formu flexibiln\u00ed ve\u0159ejn\u00e9 dopravy, tzv. popt\u00e1vkovou dopravu. <\/b><!--more--><\/p>\n<p class=\"xmprfx_MsoNormal\"><b>N\u00e1vrh zm\u011bn rovn\u011b\u017e po\u010d\u00edt\u00e1 s\u00a0pravidly pro autonomn\u00ed vozidla nebo doru\u010dov\u00e1n\u00edm \u0159idi\u010dsk\u00fdch pr\u016fkaz\u016f do v\u00fddejn\u00edch m\u00edst \u010di box\u016f.<\/b><\/p>\n<p class=\"xmprfx_MsoNormal\"><i>\u201eExperti z\u00a0Centra pro silni\u010dn\u00ed dopravu vyraz\u00ed od 1. \u010dervence pod nov\u00fdm n\u00e1zvem Inspekce silni\u010dn\u00ed dopravy na kontroly p\u0159edev\u0161\u00edm kamion\u016f, a to bez asistence policie nebo celn\u00ed spr\u00e1vy. Kontrolovat budou povinn\u00e9 p\u0159est\u00e1vky a odpo\u010dinky \u0159idi\u010d\u016f, upevn\u011bn\u00ed n\u00e1kladu, hmotnost n\u00e1kladn\u00edch vozidel a budou tak\u00e9 odhalovat manipulace s\u00a0tachografy,\u201c<\/i>\u00a0\u0159\u00edk\u00e1 ministr dopravy Martin Kupka.<\/p>\n<p class=\"xmprfx_MsoNormal\">Inspekto\u0159i silni\u010dn\u00ed dopravy budou samostatn\u011b vykon\u00e1vat kontroly p\u0159edev\u0161\u00edm p\u0159\u00edmo na silnic\u00edch, ale tak\u00e9 v provozovn\u00e1ch dopravc\u016f. Budou opr\u00e1vn\u011bni zastavovat vozidla a vy\u0159izovat n\u011bkter\u00e9 p\u0159estupky p\u0159\u00edkazem na m\u00edst\u011b, vyb\u00edrat kauce, br\u00e1nit v\u00a0dal\u0161\u00ed j\u00edzd\u011b, odeb\u00edrat doklady nebo tabulky s SPZ.<\/p>\n<p class=\"xmprfx_MsoNormal\">Novela z\u00e1kona tak\u00e9 zefektiv\u0148uje vynucov\u00e1n\u00ed povinnost\u00ed v\u00a0silni\u010dn\u00ed doprav\u011b a navy\u0161uje horn\u00ed hranici pokuty za p\u0159estupek dopravce t\u00fdkaj\u00edc\u00ed se veden\u00ed z\u00e1znam\u016f o dob\u00e1ch \u0159\u00edzen\u00ed \u010di odpo\u010dinku \u0159idi\u010de z\u00a0350\u00a0000 K\u010d na 500\u00a0000 K\u010d.<\/p>\n<p class=\"xmprfx_MsoNormal\"><b>Mikrobus na objedn\u00e1n\u00ed aneb popt\u00e1vkov\u00e1 doprava<\/b><\/p>\n<p class=\"xmprfx_MsoNormal\">Dal\u0161\u00ed d\u016fle\u017eit\u00e1 novinka se t\u00fdk\u00e1 pos\u00edlen\u00ed ve\u0159ejn\u00e9 linkov\u00e9 dopravy zaveden\u00edm tzv. popt\u00e1vkov\u00e9 dopravy. Objedn\u00e1vky budou prob\u00edhat p\u0159es aplikace a p\u0159epravu budou poskytovat p\u0159edev\u0161\u00edm men\u0161\u00ed vozidla. Cestuj\u00edc\u00ed budou moct nastupovat a vystupovat i mimo zast\u00e1vky a podle popt\u00e1vky cestuj\u00edc\u00edho bude mo\u017en\u00e9 upravovat i samotnou trasu linky.<\/p>\n<p class=\"xmprfx_MsoNormal\"><i>&#8222;P\u0159eprava bude prob\u00edhat na z\u00e1klad\u011b objedn\u00e1vek, a to jak mezi b\u011b\u017en\u00fdmi zast\u00e1vkami, tak mezi p\u0159edem ur\u010den\u00fdmi n\u00e1stupn\u00edmi m\u00edsty. Vyu\u017e\u00edv\u00e1na budou vozidla od osobn\u00edch a\u017e po autobusy a licence bude vyd\u00e1v\u00e1na pro ur\u010ditou \u00fazemn\u00ed oblast, nikoliv trasu,&#8220;\u00a0<\/i>vysv\u011btlil ministr dopravy.<i><\/i><\/p>\n<p class=\"xmprfx_MsoNormal\">Popt\u00e1vkov\u00e1 doprava umo\u017en\u00ed jak ekonomick\u00e9, tak velmi \u00fa\u010deln\u00e9 zaji\u0161t\u011bn\u00ed dopravn\u00ed obslu\u017enosti. Z\u00e1rove\u0148 se t\u00edm vytv\u00e1\u0159\u00ed prostor pro vznik nov\u00fdch objedn\u00e1vkov\u00fdch aplikac\u00ed.<\/p>\n<p class=\"xmprfx_MsoNormal\"><b>Automatizovan\u00e1 vozidla budou m\u00edt \u010dernou sk\u0159\u00ed\u0148ku<\/b><\/p>\n<p class=\"xmprfx_MsoNormal\">Novela z\u00e1kona d\u00e1le zohled\u0148uje budouc\u00ed provoz automatizovan\u00fdch vozidel. Kdy\u017e bude vozidlo \u0159\u00eddit samo, nebudou se na \u0159idi\u010de vztahovat pravidla silni\u010dn\u00edho provozu ani jin\u00e9 povinnosti t\u00fdkaj\u00edc\u00ed se \u0159\u00edzen\u00ed, jejich\u017e dodr\u017eov\u00e1n\u00ed v\u00a0tu chv\u00edli automatizovan\u00e9 vozidlo zaji\u0161\u0165uje.<\/p>\n<p class=\"xmprfx_MsoNormal\">\u0158idi\u010d mus\u00ed b\u00fdt nicm\u00e9n\u011b p\u0159ipraven na v\u00fdzvu automatizovan\u00e9ho vozidla \u0159\u00edzen\u00ed bezpe\u010dn\u011b p\u0159evz\u00edt. Provozovatel vozidla nebude odpov\u00eddat za p\u0159estupek sp\u00e1chan\u00fd v dob\u011b, kdy se automatizovan\u00e9 vozidlo \u0159\u00eddilo samo. V\u00a0ka\u017ed\u00e9m takov\u00e9mto vozidle bude tzv. \u010dern\u00e1 sk\u0159\u00ed\u0148ka. V\u00a0p\u0159\u00edpad\u011b pot\u0159eby bude \u0159idi\u010d nebo v\u00fdrobce vozidla povinen policii zp\u0159\u00edstupnit \u00fadaje o \u0159\u00edzen\u00ed samotn\u00fdm vozidlem nebo \u0159idi\u010dem, kter\u00e9 tato \u010dern\u00e1 sk\u0159\u00ed\u0148ka zaznamen\u00e1v\u00e1.<\/p>\n<p class=\"xmprfx_MsoNormal\"><b>\u0158idi\u010dsk\u00fd pr\u016fkaz nebo karta \u0159idi\u010de p\u0159ijdou na v\u00fddejn\u00ed m\u00edsta<\/b><\/p>\n<p class=\"xmprfx_MsoNormal\">Novela d\u00e1le po\u010d\u00edt\u00e1 s\u00a0pokra\u010dov\u00e1n\u00edm digitalizace dopravn\u00ed agendy. Pro nov\u00e9 \u0159idi\u010dsk\u00e9 opr\u00e1vn\u011bn\u00ed, v\u00fdm\u011bnu \u0159idi\u010dsk\u00e9ho pr\u016fkazu nebo kartu \u0159idi\u010de u\u017e nebude nutn\u00e9 chodit osobn\u011b na \u00fa\u0159ad. V\u0161e p\u016fjde vy\u0159e\u0161it p\u0159es Port\u00e1l dopravy a doklad si n\u00e1sledn\u011b vyzvednout na v\u00fddejn\u00edm m\u00edst\u011b nebo ve v\u00fddejn\u00edm\u00a0boxu.<\/p>\n<p class=\"xmprfx_MsoNormal\"><i>\u201eZ\u00e1rove\u0148 osoby, kter\u00fdm bude ud\u011bleno nebo roz\u0161\u00ed\u0159eno \u0159idi\u010dsk\u00e9 opr\u00e1vn\u011bn\u00ed, budou moci \u0159\u00eddit vozidlo ji\u017e od okam\u017eiku z\u00e1pisu tohoto opr\u00e1vn\u011bn\u00ed do registru \u0159idi\u010d\u016f a nebude t\u0159eba \u010dekat a\u017e na p\u0159evzet\u00ed dokladu. Nebude tak\u00e9 nutn\u00e9 odevzd\u00e1vat neplatn\u00fd \u0159idi\u010dsk\u00fd pr\u016fkaz, bude ale povinnost jej zlikvidovat,\u201c<\/i>\u00a0vysv\u011btluje poslanec Ivan Adamec, kter\u00fd tento n\u00e1vrh p\u0159edlo\u017eil.<\/p>\n<p class=\"xmprfx_MsoNormal\"><b>Zm\u011bny t\u00fdkaj\u00edc\u00ed se Stanic technick\u00e9 kontroly a stanic m\u011b\u0159en\u00ed emis\u00ed<\/b><\/p>\n<p class=\"xmprfx_MsoNormal\">Mezi dal\u0161\u00ed zm\u011bny pat\u0159\u00ed prodlou\u017een\u00ed platnosti eviden\u010dn\u00ed kontroly z\u00a0jednoho na dva roky. T\u00edm se srovn\u00e1 d\u00e9lka s\u00a0dobou platnosti pravideln\u00e9 technick\u00e9 prohl\u00eddky.<\/p>\n<p class=\"xmprfx_MsoNormal\"><i>\u201eSn\u00ed\u017e\u00ed se byrokracie p\u0159i z\u00e1pisu zm\u011bny vlastn\u00edka, provozovatele nebo v\u00fdvozu vozidla v registru vozidel. V p\u0159\u00edpad\u011b platn\u00e9 pravideln\u00e9 technick\u00e9 prohl\u00eddky nebude nutn\u00e9 podrobovat vozidlo eviden\u010dn\u00ed kontrole,\u201c<\/i>\u00a0\u0159\u00edk\u00e1 poslanec Stanislav Blaha.<\/p>\n<p class=\"xmprfx_MsoNormal\">Nov\u011b budou evidov\u00e1ny p\u0159estupky provozovatel\u016f stanic technick\u00e9 kontroly a stanic m\u011b\u0159en\u00ed emis\u00ed a kontroln\u00edch technik\u016f v informa\u010dn\u00edm syst\u00e9mu technick\u00fdch prohl\u00eddek, kde bude rovn\u011b\u017e evidence st\u00e1tn\u00edho odborn\u00e9ho dozoru nad jejich \u010dinnost\u00ed. \u00da\u010delem je mo\u017enost odn\u00edm\u00e1n\u00ed p\u0159\u00edslu\u0161n\u00fdch opr\u00e1vn\u011bn\u00ed v p\u0159\u00edpad\u011b opakovan\u00e9ho poru\u0161en\u00ed jejich povinnost\u00ed.<\/p>\n<p class=\"xmprfx_MsoNormal\">Zdroj: <a href=\"https:\/\/md.gov.cz\/\" target=\"_blank\" rel=\"noopener noreferrer\">web Ministerstva dopravy<\/a><\/p>\n","protected":false},"excerpt":{"rendered":"<p>Na n\u00e1kladn\u00ed dopravu budou dohl\u00ed\u017eet d\u00e1l mobiln\u00ed expertn\u00ed jednotky, ov\u0161em v\u00a0nov\u00e9m jako Inspekce silni\u010dn\u00ed dopravy&#8230;<\/p>\n","protected":false},"author":1,"featured_media":10613,"comment_status":"closed","ping_status":"closed","sticky":false,"template":"","format":"standard","meta":{"footnotes":""},"categories":[47,25],"tags":[],"class_list":["post-11606","post","type-post","status-publish","format-standard","has-post-thumbnail","hentry","category-doprava","category-legislativa"],"_links":{"self":[{"href":"https:\/\/www.automakers.cz\/index.php?rest_route=\/wp\/v2\/posts\/11606","targetHints":{"allow":["GET"]}}],"collection":[{"href":"https:\/\/www.automakers.cz\/index.php?rest_route=\/wp\/v2\/posts"}],"about":[{"href":"https:\/\/www.automakers.cz\/index.php?rest_route=\/wp\/v2\/types\/post"}],"author":[{"embeddable":true,"href":"https:\/\/www.automakers.cz\/index.php?rest_route=\/wp\/v2\/users\/1"}],"replies":[{"embeddable":true,"href":"https:\/\/www.automakers.cz\/index.php?rest_route=%2Fwp%2Fv2%2Fcomments&post=11606"}],"version-history":[{"count":1,"href":"https:\/\/www.automakers.cz\/index.php?rest_route=\/wp\/v2\/posts\/11606\/revisions"}],"predecessor-version":[{"id":11607,"href":"https:\/\/www.automakers.cz\/index.php?rest_route=\/wp\/v2\/posts\/11606\/revisions\/11607"}],"wp:featuredmedia":[{"embeddable":true,"href":"https:\/\/www.automakers.cz\/index.php?rest_route=\/wp\/v2\/media\/10613"}],"wp:attachment":[{"href":"https:\/\/www.automakers.cz\/index.php?rest_route=%2Fwp%2Fv2%2Fmedia&parent=11606"}],"wp:term":[{"taxonomy":"category","embeddable":true,"href":"https:\/\/www.automakers.cz\/index.php?rest_route=%2Fwp%2Fv2%2Fcategories&post=11606"},{"taxonomy":"post_tag","embeddable":true,"href":"https:\/\/www.automakers.cz\/index.php?rest_route=%2Fwp%2Fv2%2Ftags&post=11606"}],"curies":[{"name":"wp","href":"https:\/\/api.w.org\/{rel}","templated":true}]}}