{"id":11624,"date":"2025-03-13T14:12:33","date_gmt":"2025-03-13T14:12:33","guid":{"rendered":"https:\/\/www.automakers.cz\/?p=11624"},"modified":"2025-03-13T14:12:33","modified_gmt":"2025-03-13T14:12:33","slug":"krumlov-odstartuje-mistrovstvi-cr-v-ecorally","status":"publish","type":"post","link":"https:\/\/www.automakers.cz\/?p=11624","title":{"rendered":"Krumlov odstartuje Mistrovstv\u00ed \u010cR v ecoRally"},"content":{"rendered":"<p><strong>\u0160estid\u00edln\u00fd seri\u00e1l \u010cEZ Mistrovstv\u00ed \u010cR v ecoRally zah\u00e1j\u00ed leto\u0161n\u00ed sez\u00f3nu o tomto v\u00edkendu presti\u017en\u00edm podnikem \u010cEZ <\/strong><strong><b>Czech New Energies Rallye<\/b><\/strong><strong>. \u010ceskokrumlovsk\u00e1 sout\u011b\u017e je tradi\u010dn\u00edm \u00favodem \u0161ampion\u00e1tu v\u00a0ecoRally a jako jedin\u00e1 v\u00a0\u010cR se m\u016f\u017ee py\u0161nit statusem sv\u011btov\u00e9ho poh\u00e1ru Bridgestone FIA ecoRally cup. <\/strong><!--more--><\/p>\n<p>Na startu se tak na\u0161e pos\u00e1dky setkaj\u00ed s\u00a0po\u010detnou mezin\u00e1rodn\u00ed konkurenc\u00ed. \u00davod \u010dtvrt\u00e9ho ro\u010dn\u00edku \u010cEZ M\u010cR v\u00a0ecoRally bude tedy velmi atraktivn\u00ed. Gener\u00e1ln\u00edm partnerem z\u016fst\u00e1v\u00e1 skupina \u010cEZ.<\/p>\n<p>St\u00e1le se rozv\u00edjej\u00edc\u00ed discipl\u00edna ecoRally je koncipov\u00e1na jako j\u00edzda pravidelnosti pro elektromobily a vozy s ostatn\u00edmi alternativn\u00edmi druhy pohonu. Je ide\u00e1ln\u00ed vstupn\u00ed branou do sv\u011bta automobilov\u00fdch z\u00e1vod\u016f, a krom\u011b toho c\u00edl\u00ed na propagaci elektromobility. \u00da\u010dastn\u00edkem se m\u016f\u017ee st\u00e1t ka\u017ed\u00fd dr\u017eitel \u0159idi\u010dsk\u00e9ho opr\u00e1vn\u011bn\u00ed skupiny B.<\/p>\n<p>Leto\u0161n\u00ed kalend\u00e1\u0159 \u010cEZ M\u010cR v\u00a0ecoRally zahrnuje \u0161est podnik\u016f, technologickou podporu v\u00a0podob\u011b kompletn\u00ed dob\u00edjec\u00ed infrastruktury na jednotliv\u00fdch podnic\u00edch bude zaji\u0161\u0165ovat osv\u011bd\u010den\u00fd partner, spole\u010dnost PHOENIX CONTACT.<\/p>\n<p><strong><em>\u201eJsme na prahu nov\u00e9 motoristick\u00e9 sez\u00f3ny, do kter\u00e9 u\u017e \u010dtvrt\u00fdm rokem pat\u0159\u00ed discipl\u00edna ecorally, kter\u00e1 umo\u017e\u0148uje snadn\u00fd vstup do sv\u011bta automobilov\u00fdch z\u00e1vod\u016f. T\u00edm ale nechci \u0159\u00edci, \u017ee jsou j\u00edzdy pravidelnosti jednoduchou z\u00e1le\u017eitost\u00ed. Na vlastn\u00ed k\u016f\u017ei jsem si ecorally vyzkou\u0161el v\u00a0z\u00e1v\u011bru lo\u0148sk\u00e9ho roku. Odchylky od stanoven\u00e9 pr\u016fm\u011brn\u00e9 rychlosti se m\u011b\u0159\u00ed s\u00a0p\u0159esnost\u00ed na jednu desetinu sekundy a p\u0159edepsan\u00fd pr\u016fm\u011br se m\u016f\u017ee m\u011bnit i n\u011bkolikr\u00e1t b\u011bhem jednoho testu. To vy\u017eaduje perfektn\u00ed spolupr\u00e1ci jezdce a navig\u00e1tora,\u201c <\/em><\/strong>vysv\u011btluje Gener\u00e1ln\u00ed sekret\u00e1\u0159 Autoklubu \u010cesk\u00e9 republiky \u2013 Tom\u00e1\u0161 Kunc a dod\u00e1v\u00e1: <strong><em>\u201eJsem nesm\u00edrn\u011b r\u00e1d, \u017ee se m\u016f\u017eeme pochlubit tak skv\u011bl\u00fdm a siln\u00fdm gener\u00e1ln\u00edm partnerem, kter\u00fdm skupina \u010cEZ, jako provozovatel nejv\u00fdkonn\u011bj\u0161\u00ed s\u00edt\u011b nab\u00edjec\u00edch stanic v\u00a0\u010cesk\u00e9 republice pochopiteln\u011b je. Z\u00e1rove\u0148 m\u011b t\u011b\u0161\u00ed pokra\u010duj\u00edc\u00ed spolupr\u00e1ce se spole\u010dnost\u00ed Phoenix Contact, kter\u00e1 se bude i nad\u00e1le starat o technologickou podporu.\u201c <\/em><\/strong><\/p>\n<p><img loading=\"lazy\" decoding=\"async\" class=\"alignnone size-medium wp-image-11627\" src=\"http:\/\/www.automakers.cz\/wp-content\/uploads\/2025\/03\/Ecorally-Peugeot-900x594.jpg\" alt=\"\" width=\"900\" height=\"594\" \/><\/p>\n<p>Leto\u0161n\u00ed \u010cEZ M\u010cR v\u00a0ecoRally pr\u00e1v\u011b za\u010d\u00edn\u00e1. Po\u0159adatel\u00e9 13. ro\u010dn\u00edku \u010cEZ Czech New Energies Rallye slibuj\u00ed nejn\u00e1ro\u010dn\u011bj\u0161\u00ed tra\u0165 v\u00a0historii, do \u00favodn\u00edho podniku se p\u0159ihl\u00e1silo 37 pos\u00e1dek z\u00a0domova i zahrani\u010d\u00ed, pro kter\u00e9 je p\u0159ipraveno 20 m\u011b\u0159en\u00fdch zkou\u0161ek (366 kilometr\u016f). Celkov\u00e1 kilometr\u00e1\u017e pak \u010d\u00edt\u00e1 bezm\u00e1la 545 kilometr\u016f.<\/p>\n<p><strong>KALEND\u00c1\u0158 \u010cEZ MISTROVSTV\u00cd \u010cR V\u00a0ECORALLY<\/strong><\/p>\n<p>14.-15. b\u0159ezna 2025 &amp;nbsp\u010cEZ Czech New Energies Rallye<\/p>\n<p>16.-17. kv\u011btna 2025&amp;nbsp4. Futures Contproduct Classic Rally Morava<\/p>\n<p>13.-14. \u010dervna 2025&amp;nbsp2. Eco Rallye Beskydy<\/p>\n<p>11.-13. \u010dervence 2025&amp;nbspBohemia Eco Energy Regularity<\/p>\n<p>26.-27. z\u00e1\u0159\u00ed 2025&amp;nbspWettern Classic Rally<\/p>\n<p>14.-16. listopadu 2025&amp;nbspNew Energies Rallye \u017delezn\u00e9 hory<\/p>\n<p><strong>Zdroj: Jan Koudelka, media a komunikace pro motorsport, #autoklubcr<\/strong><\/p>\n<p><img loading=\"lazy\" decoding=\"async\" class=\"alignnone size-medium wp-image-2399\" src=\"http:\/\/www.automakers.cz\/wp-content\/uploads\/2024\/02\/Autoklub-ceny-ecoRally-675x900.jpg\" alt=\"\" width=\"675\" height=\"900\" srcset=\"https:\/\/www.automakers.cz\/wp-content\/uploads\/2024\/02\/Autoklub-ceny-ecoRally-675x900.jpg 675w, https:\/\/www.automakers.cz\/wp-content\/uploads\/2024\/02\/Autoklub-ceny-ecoRally-768x1024.jpg 768w, https:\/\/www.automakers.cz\/wp-content\/uploads\/2024\/02\/Autoklub-ceny-ecoRally-1152x1536.jpg 1152w, https:\/\/www.automakers.cz\/wp-content\/uploads\/2024\/02\/Autoklub-ceny-ecoRally-1024x1365.jpg 1024w, https:\/\/www.automakers.cz\/wp-content\/uploads\/2024\/02\/Autoklub-ceny-ecoRally-rotated.jpg 1512w\" sizes=\"auto, (max-width: 675px) 100vw, 675px\" \/><\/p>\n","protected":false},"excerpt":{"rendered":"<p>\u0160estid\u00edln\u00fd seri\u00e1l \u010cEZ Mistrovstv\u00ed \u010cR v ecoRally zah\u00e1j\u00ed leto\u0161n\u00ed sez\u00f3nu o tomto v\u00edkendu presti\u017en\u00edm podnikem&#8230;<\/p>\n","protected":false},"author":1,"featured_media":11626,"comment_status":"closed","ping_status":"closed","sticky":false,"template":"","format":"standard","meta":{"footnotes":""},"categories":[9,19],"tags":[],"class_list":["post-11624","post","type-post","status-publish","format-standard","has-post-thumbnail","hentry","category-elektromobily","category-motorsport"],"_links":{"self":[{"href":"https:\/\/www.automakers.cz\/index.php?rest_route=\/wp\/v2\/posts\/11624","targetHints":{"allow":["GET"]}}],"collection":[{"href":"https:\/\/www.automakers.cz\/index.php?rest_route=\/wp\/v2\/posts"}],"about":[{"href":"https:\/\/www.automakers.cz\/index.php?rest_route=\/wp\/v2\/types\/post"}],"author":[{"embeddable":true,"href":"https:\/\/www.automakers.cz\/index.php?rest_route=\/wp\/v2\/users\/1"}],"replies":[{"embeddable":true,"href":"https:\/\/www.automakers.cz\/index.php?rest_route=%2Fwp%2Fv2%2Fcomments&post=11624"}],"version-history":[{"count":2,"href":"https:\/\/www.automakers.cz\/index.php?rest_route=\/wp\/v2\/posts\/11624\/revisions"}],"predecessor-version":[{"id":11628,"href":"https:\/\/www.automakers.cz\/index.php?rest_route=\/wp\/v2\/posts\/11624\/revisions\/11628"}],"wp:featuredmedia":[{"embeddable":true,"href":"https:\/\/www.automakers.cz\/index.php?rest_route=\/wp\/v2\/media\/11626"}],"wp:attachment":[{"href":"https:\/\/www.automakers.cz\/index.php?rest_route=%2Fwp%2Fv2%2Fmedia&parent=11624"}],"wp:term":[{"taxonomy":"category","embeddable":true,"href":"https:\/\/www.automakers.cz\/index.php?rest_route=%2Fwp%2Fv2%2Fcategories&post=11624"},{"taxonomy":"post_tag","embeddable":true,"href":"https:\/\/www.automakers.cz\/index.php?rest_route=%2Fwp%2Fv2%2Ftags&post=11624"}],"curies":[{"name":"wp","href":"https:\/\/api.w.org\/{rel}","templated":true}]}}