{"id":11659,"date":"2025-03-19T09:16:39","date_gmt":"2025-03-19T09:16:39","guid":{"rendered":"https:\/\/www.automakers.cz\/?p=11659"},"modified":"2025-03-19T09:16:39","modified_gmt":"2025-03-19T09:16:39","slug":"bara-holicka-ambasadorkou-citroenu","status":"publish","type":"post","link":"https:\/\/www.automakers.cz\/?p=11659","title":{"rendered":"B\u00e1ra Holick\u00e1 ambasadorkou Citro\u00ebnu"},"content":{"rendered":"<p><strong>Zna\u010dka Citro\u00ebn z\u00edskala novou ambasadorku, stala se j\u00ed Barbora Holick\u00e1. Tato odhodlan\u00e1 z\u00e1vodnice se proslavila spole\u010dn\u011b se svou spolujezdkyn\u00ed Luci\u00ed Engovou a jejich Duckar t\u00fdmem dv\u011bma \u00fasp\u011b\u0161n\u00fdmi \u00fa\u010dastmi v z\u00e1vodu Dakar Classic. <\/strong><!--more--><\/p>\n<p>Nov\u00fd v\u016fz Citro\u00ebn C3 MAX TURBO 100 S&amp;S MAN6, kter\u00fd bude v r\u00e1mci partnerstv\u00ed se zna\u010dkou Citro\u00ebn pou\u017e\u00edvat, si B\u00e1ra p\u0159evzala p\u0159i p\u0159\u00edle\u017eitosti tiskov\u00e9 konference k z\u00e1vodu Dakar Classic 2025. Konference se konala 25. \u00fanora v pra\u017esk\u00e9m showroomu Herbadent, kam za B\u00e1rou dorazily des\u00edtky nad\u0161en\u00fdch fanou\u0161k\u016f, aby si poslechli barvit\u00e9 vypr\u00e1v\u011bn\u00ed z tohoto neopakovateln\u00e9ho dobrodru\u017estv\u00ed a sou\u010dasn\u011b se tak osobn\u011b setkali se skute\u010dnou \u017eenskou ikonou dakarsk\u00e9 rallye.<\/p>\n<figure id=\"attachment_10020\" aria-describedby=\"caption-attachment-10020\" style=\"width: 900px\" class=\"wp-caption alignnone\"><img loading=\"lazy\" decoding=\"async\" class=\"size-medium wp-image-10020\" src=\"http:\/\/www.automakers.cz\/wp-content\/uploads\/2025\/01\/Dakar_Duckar-prezident-900x675.jpg\" alt=\"\" width=\"900\" height=\"675\" \/><figcaption id=\"caption-attachment-10020\" class=\"wp-caption-text\">Foto. B. Holick\u00e1<\/figcaption><\/figure>\n<p>\u201eKa\u017ed\u00e9 setk\u00e1n\u00ed s fanou\u0161ky, p\u0159\u00e1teli, \u201ekach\u0148\u00e1ky\u201c mi p\u0159ipom\u00edn\u00e1, \u017ee jsem se na za\u010d\u00e1tku, kdy jsem dostala \u0161anci od Ollie Rou\u010dkov\u00e9 se Dakaru Classic z\u00fa\u010dastnit v jej\u00edm t\u00fdmu, rozhodla spr\u00e1vn\u011b. Zvolila jsem si zna\u010dku Citro\u00ebn, kter\u00e1 m\u011b prov\u00e1z\u00ed z\u00e1vodn\u00ed kari\u00e9rou od m\u00fdch za\u010d\u00e1tk\u016f. A to, \u017ee jsem si n\u00e1sledn\u011b vybrala model 2CV neboli \u201ckachnu\u201c, kter\u00e1 na takov\u00fd z\u00e1vod byla asi nejm\u00e9n\u011b vhodn\u00e1, je osud. \u0160\u0165astn\u00fd osud. Dal mi skv\u011blou spolupr\u00e1ci se zna\u010dkou Citro\u00ebn, a p\u0159edev\u0161\u00edm obrovsk\u00e9 fanou\u0161kovsk\u00e9 z\u00e1zem\u00ed t\u00e9to zna\u010dky i jej\u00edho modelu 2CV, a to nap\u0159\u00ed\u010d \u010ceskem i cel\u00fdm sv\u011btem. Komunita p\u0159\u00edznivc\u016f Citro\u00ebnu je neuv\u011b\u0159iteln\u011b soudr\u017en\u00e1 a p\u0159\u00e1telsk\u00e1 a miluje p\u016fvodn\u00ed i nov\u00e9 technologie t\u00e9to automobilky. Je mi ct\u00ed b\u00fdt ambasadorkou nejen Citro\u00ebnu, ale i cel\u00e9 t\u00e9to komunity,\u201c \u0159\u00edk\u00e1 B\u00e1ra Holick\u00e1.<\/p>\n<p><img loading=\"lazy\" decoding=\"async\" class=\"alignnone size-medium wp-image-11661\" src=\"http:\/\/www.automakers.cz\/wp-content\/uploads\/2025\/03\/Bara-Holicka-ambasadorka03-small-900x600.jpg\" alt=\"\" width=\"900\" height=\"600\" srcset=\"https:\/\/www.automakers.cz\/wp-content\/uploads\/2025\/03\/Bara-Holicka-ambasadorka03-small-900x600.jpg 900w, https:\/\/www.automakers.cz\/wp-content\/uploads\/2025\/03\/Bara-Holicka-ambasadorka03-small-1024x683.jpg 1024w, https:\/\/www.automakers.cz\/wp-content\/uploads\/2025\/03\/Bara-Holicka-ambasadorka03-small-768x512.jpg 768w, https:\/\/www.automakers.cz\/wp-content\/uploads\/2025\/03\/Bara-Holicka-ambasadorka03-small-1536x1024.jpg 1536w, https:\/\/www.automakers.cz\/wp-content\/uploads\/2025\/03\/Bara-Holicka-ambasadorka03-small-2048x1365.jpg 2048w\" sizes=\"auto, (max-width: 900px) 100vw, 900px\" \/><\/p>\n<p>\u201eB\u00e1ra m\u00e1 jedine\u010dn\u00fd charakter, sr\u0161\u00ed energi\u00ed, nezlomnou odhodlanost\u00ed a obrovskou touhou v\u00edt\u011bzit. Nav\u00edc je dlouholetou nad\u0161enou fanynkou Citro\u00ebnu. Lep\u0161\u00ed osobnost pro reprezentaci sv\u011b\u017e\u00ed a dynamick\u00e9 image nov\u00e9ho modelu C3 bychom hledali jen st\u011b\u017e\u00ed. B\u00e1ra a C3 tvo\u0159\u00ed skv\u011blou dvojku, a proto m\u011b toto partnerstv\u00ed opravdu t\u011b\u0161\u00ed,\u201c prohl\u00e1sila Lenka Martinov\u00e1, marketingov\u00e1 \u0159editelka zna\u010dky Citro\u00ebn v \u010cR.<\/p>\n<p>Barbora Holick\u00e1 bude sv\u016fj nov\u00fd Citro\u00ebn C3 vyu\u017e\u00edvat v ka\u017edodenn\u00edm \u017eivot\u011b. Nav\u00edc od Citro\u00ebnu dostala \u201ezelenou\u201c k personalizaci designu vozu, co\u017e j\u00ed umo\u017enilo p\u0159izp\u016fsobit ho sv\u00e9mu stylu. A jak jinak ne\u017e v duchu Dakaru! B\u00e1ra d\u00e1 vozu nep\u0159ehl\u00e9dnuteln\u00fd dakarsk\u00fd p\u0159evlek. Ten bude identick\u00fd s designem dvoumotorov\u00e9 2CV Sahara, se kterou t\u00fdm Duckar absolvoval leto\u0161n\u00ed z\u00e1vod, a ka\u017ed\u00fd den tak B\u00e1\u0159e bude p\u0159ipom\u00ednat nezapomenuteln\u00e9 z\u00e1\u017eitky v jedn\u00e9 z nejn\u00e1ro\u010dn\u011bj\u0161\u00edch a z\u00e1rove\u0148 nejp\u0159ita\u017eliv\u011bj\u0161\u00edch rallye sv\u011bta. Tato spolupr\u00e1ce je d\u016fkazem propojen\u00ed mezi zna\u010dkou Citro\u00ebn a lidmi, kte\u0159\u00ed sd\u00edlej\u00ed jej\u00ed hodnoty \u2013 odvahu, kreativitu a smysl pro v\u00fdzvy.<\/p>\n<p>\u201eNa novou C3 je ohromn\u011b t\u011b\u0161\u00edm. Je to kompaktn\u00ed a svi\u017en\u00e9 auto, a sou\u010dasn\u011b pohodln\u00e9 i na dlouh\u00e9 cesty. A to j\u00e1 pot\u0159ebuji, proto\u017ee \u010dasto jezd\u00edm dlouh\u00e9 trasy typu Praha-Ostrava-Praha v jednom dni. A je\u0161t\u011b v\u00edc m\u011b t\u011b\u0161\u00ed, \u017ee C3 dostane kab\u00e1t Duckarky, Dakarsk\u00e9 2CV, z leto\u0161n\u00edho Dakaru, designu Josefa Rataje,\u201c dod\u00e1v\u00e1 B\u00e1ra Holick\u00e1.<\/p>\n<p><strong>O B\u00e1\u0159e Holick\u00e9:<\/strong><\/p>\n<p>Ji\u017e p\u0159es 10 let ve\u0161ker\u00fd voln\u00fd \u010das a finance vkl\u00e1d\u00e1 do sv\u00e9ho obl\u00edben\u00e9ho sportu &#8211; automobilov\u00fdch z\u00e1vod\u016f. Do sv\u011bta motosportu vstoupila po \u00fa\u010dasti v projektu Citro\u00ebn Women Talent, kde skon\u010dila na 4. m\u00edst\u011b. N\u00e1sledn\u011b si koupila z\u00e1vodn\u00ed v\u016fz \u2013 speci\u00e1ln\u00ed rallye v\u016fz Citro\u00ebn DS3 R1, se kter\u00fdm z\u00e1vodila p\u0159es 10 sez\u00f3n v Mistrovstv\u00ed \u010cR v rally. B\u011bhem t\u00e9to doby do jej\u00edho vozov\u00e9ho parku p\u0159ibyl i v\u016fz Citro\u00ebn Saxo, upraven\u00fd pro z\u00e1vody do vrchu. A nyn\u00ed je hrdou majitelkou nov\u00e9ho u\u017eitkov\u00e9ho vozu Citro\u00ebn JUMPER s p\u0159estavbou v NEO-RETRO designu na TYP-H a dvou Citro\u00ebn\u016f 2CV, kter\u00e9 se \u00fasp\u011b\u0161n\u011b \u00fa\u010dastnily Dakar Classic rally.<\/p>\n<p><img loading=\"lazy\" decoding=\"async\" class=\"alignnone size-medium wp-image-11662\" src=\"http:\/\/www.automakers.cz\/wp-content\/uploads\/2025\/03\/Bara-Holicka-ambasadorka02-small-3-900x600.jpg\" alt=\"\" width=\"900\" height=\"600\" srcset=\"https:\/\/www.automakers.cz\/wp-content\/uploads\/2025\/03\/Bara-Holicka-ambasadorka02-small-3-900x600.jpg 900w, https:\/\/www.automakers.cz\/wp-content\/uploads\/2025\/03\/Bara-Holicka-ambasadorka02-small-3-1024x683.jpg 1024w, https:\/\/www.automakers.cz\/wp-content\/uploads\/2025\/03\/Bara-Holicka-ambasadorka02-small-3-768x512.jpg 768w, https:\/\/www.automakers.cz\/wp-content\/uploads\/2025\/03\/Bara-Holicka-ambasadorka02-small-3-1536x1024.jpg 1536w, https:\/\/www.automakers.cz\/wp-content\/uploads\/2025\/03\/Bara-Holicka-ambasadorka02-small-3-2048x1365.jpg 2048w\" sizes=\"auto, (max-width: 900px) 100vw, 900px\" \/><\/p>\n","protected":false},"excerpt":{"rendered":"<p>Zna\u010dka Citro\u00ebn z\u00edskala novou ambasadorku, stala se j\u00ed Barbora Holick\u00e1. Tato odhodlan\u00e1 z\u00e1vodnice se proslavila&#8230;<\/p>\n","protected":false},"author":2,"featured_media":11660,"comment_status":"closed","ping_status":"closed","sticky":false,"template":"","format":"standard","meta":{"footnotes":""},"categories":[36,19],"tags":[],"class_list":["post-11659","post","type-post","status-publish","format-standard","has-post-thumbnail","hentry","category-marketing","category-motorsport"],"_links":{"self":[{"href":"https:\/\/www.automakers.cz\/index.php?rest_route=\/wp\/v2\/posts\/11659","targetHints":{"allow":["GET"]}}],"collection":[{"href":"https:\/\/www.automakers.cz\/index.php?rest_route=\/wp\/v2\/posts"}],"about":[{"href":"https:\/\/www.automakers.cz\/index.php?rest_route=\/wp\/v2\/types\/post"}],"author":[{"embeddable":true,"href":"https:\/\/www.automakers.cz\/index.php?rest_route=\/wp\/v2\/users\/2"}],"replies":[{"embeddable":true,"href":"https:\/\/www.automakers.cz\/index.php?rest_route=%2Fwp%2Fv2%2Fcomments&post=11659"}],"version-history":[{"count":3,"href":"https:\/\/www.automakers.cz\/index.php?rest_route=\/wp\/v2\/posts\/11659\/revisions"}],"predecessor-version":[{"id":11757,"href":"https:\/\/www.automakers.cz\/index.php?rest_route=\/wp\/v2\/posts\/11659\/revisions\/11757"}],"wp:featuredmedia":[{"embeddable":true,"href":"https:\/\/www.automakers.cz\/index.php?rest_route=\/wp\/v2\/media\/11660"}],"wp:attachment":[{"href":"https:\/\/www.automakers.cz\/index.php?rest_route=%2Fwp%2Fv2%2Fmedia&parent=11659"}],"wp:term":[{"taxonomy":"category","embeddable":true,"href":"https:\/\/www.automakers.cz\/index.php?rest_route=%2Fwp%2Fv2%2Fcategories&post=11659"},{"taxonomy":"post_tag","embeddable":true,"href":"https:\/\/www.automakers.cz\/index.php?rest_route=%2Fwp%2Fv2%2Ftags&post=11659"}],"curies":[{"name":"wp","href":"https:\/\/api.w.org\/{rel}","templated":true}]}}