{"id":11667,"date":"2025-03-17T08:16:25","date_gmt":"2025-03-17T08:16:25","guid":{"rendered":"https:\/\/www.automakers.cz\/?p=11667"},"modified":"2025-03-17T08:16:25","modified_gmt":"2025-03-17T08:16:25","slug":"ford-rozsiruje-evropskou-nabidku-elektromobilu","status":"publish","type":"post","link":"https:\/\/www.automakers.cz\/?p=11667","title":{"rendered":"Ford roz\u0161i\u0159uje evropskou nab\u00eddku elektromobil\u016f"},"content":{"rendered":"<p><strong>Ford zah\u00e1jil evropskou s\u00e9riovou v\u00fdrobu t\u0159\u00ed nov\u00fdch elektromobil\u016f &#8211; Puma Gen-E, E-Tourneo Courier a E-Transit Courier. Dod\u00e1 je do showroom\u016f po cel\u00e9 Evrop\u011b.<\/strong><!--more--><\/p>\n<p>Ka\u017ed\u00fd nov\u00fd v\u016fz, kter\u00fd nyn\u00ed m\u00ed\u0159\u00ed k z\u00e1kazn\u00edk\u016fm a do showroom\u016f otev\u00edr\u00e1 v\u00fdhody elektrick\u00e9 mobility je\u0161t\u011b v\u011bt\u0161\u00edmu po\u010dtu lid\u00ed v Evrop\u011b:<\/p>\n<ul>\n<li><strong>Puma Gen-E<\/strong><sup>\u00a0<\/sup>&#8211; kompaktn\u00ed crossover p\u0159in\u00e1\u0161\u00ed do nejprod\u00e1van\u011bj\u0161\u00edho vozu zna\u010dky Ford v Evrop\u011b j\u00edzdu s nulov\u00fdmi emisemi a<sup>\u00a0<\/sup>o\u017eivuje j\u00edzdn\u00ed charakter a design exteri\u00e9ru<\/li>\n<\/ul>\n<ul>\n<li><strong>E-Tourneo Courier<\/strong><sup>\u00a0<\/sup>&#8211; multifunk\u010dn\u00ed v\u016fz pom\u016f\u017ee z\u00e1kazn\u00edk\u016fm vyt\u011b\u017eit ze \u017eivota maximum d\u00edky prostorn\u00e9mu interi\u00e9ru a inteligentn\u00edm propojen\u00fdm technologi\u00edm v\u010detn\u011b inteligentn\u00edho adaptivn\u00edho tempomatu<\/li>\n<\/ul>\n<ul>\n<li><strong>E-Transit Courier<\/strong><sup>\u00a0<\/sup>&#8211; kompaktn\u00ed dod\u00e1vka nab\u00edz\u00ed dojezd a\u017e 300 km, u\u017eite\u010dn\u00e9 zat\u00ed\u017een\u00ed a\u017e 700 kg<sup>\u00a0<\/sup>a o 25 % v\u011bt\u0161\u00ed n\u00e1kladov\u00fd prostor ne\u017e p\u0159edchoz\u00ed generace Transitu Courier, tak\u017ee m\u016f\u017ee p\u0159ev\u00e1\u017eet dv\u011b europalety<\/li>\n<\/ul>\n<p><img loading=\"lazy\" decoding=\"async\" class=\"alignnone size-medium wp-image-11669\" src=\"http:\/\/www.automakers.cz\/wp-content\/uploads\/2025\/03\/2025_FORD_ELECTRIC_VEHICLES_7-2-900x600.jpg\" alt=\"\" width=\"900\" height=\"600\" srcset=\"https:\/\/www.automakers.cz\/wp-content\/uploads\/2025\/03\/2025_FORD_ELECTRIC_VEHICLES_7-2-900x600.jpg 900w, https:\/\/www.automakers.cz\/wp-content\/uploads\/2025\/03\/2025_FORD_ELECTRIC_VEHICLES_7-2-1024x683.jpg 1024w, https:\/\/www.automakers.cz\/wp-content\/uploads\/2025\/03\/2025_FORD_ELECTRIC_VEHICLES_7-2-768x512.jpg 768w, https:\/\/www.automakers.cz\/wp-content\/uploads\/2025\/03\/2025_FORD_ELECTRIC_VEHICLES_7-2-1536x1024.jpg 1536w, https:\/\/www.automakers.cz\/wp-content\/uploads\/2025\/03\/2025_FORD_ELECTRIC_VEHICLES_7-2-2048x1365.jpg 2048w\" sizes=\"auto, (max-width: 900px) 100vw, 900px\" \/><\/p>\n<p>Puma Gen-E a E-Tourneo Courier roz\u0161i\u0159uj\u00ed nab\u00eddku osobn\u00edch elektromobil\u016f Ford v Evrop\u011b a p\u0159ipojuj\u00ed se k model\u016fm Ford Explorer, Capri a Mustang Mach-E v evropsk\u00fdch showroomech. V segmentu u\u017eitkov\u00fdch vozidel dopl\u0148uje E-Transit Courier nab\u00eddku Ford Pro, kter\u00e1 zahrnuje modely E-Transit, E-Transit Custom a E-Tourneo Custom.<\/p>\n<p>&#8222;Ford pro\u0161el cestou od p\u0159edstaven\u00ed prvn\u00edho elektromobilu v Evrop\u011b, Mustangu Mach-E, a\u017e po nab\u00eddku \u0161irok\u00e9 \u0161k\u00e1ly elektromobil\u016f a u\u017eitkov\u00fdch voz\u016f b\u011bhem n\u011bkolika m\u00e1lo let,&#8220; \u0159ekl Jon Williams, gener\u00e1ln\u00ed \u0159editel Ford Blue a Model e v Evrop\u011b. &#8222;Puma Gen-E, E-Tourneo Courier a E-Transit Courier d\u00e1le roz\u0161i\u0159uj\u00ed na\u0161i st\u00e1vaj\u00edc\u00ed nab\u00eddku elektromobil\u016f, tak\u017ee m\u00e1me na v\u00fdb\u011br vozidla, kter\u00e1 vyhovuj\u00ed jak soukrom\u00fdm, tak firemn\u00edm z\u00e1kazn\u00edk\u016fm, a otev\u00edraj\u00ed tak v\u00fdhody elektromobility je\u0161t\u011b \u0161ir\u0161\u00edmu okruhu z\u00e1kazn\u00edk\u016f.&#8220;<\/p>\n<p>&#8222;Ve spole\u010dnosti Ford Otosan jsme hrd\u00ed na to, \u017ee m\u016f\u017eeme p\u0159isp\u011bt k \u00fasp\u011bchu Fordu v Evrop\u011b nov\u00fdmi modely, kter\u00e9 d\u00e1le pos\u00edl\u00ed jeho portfolio elektromobil\u016f. Tyto nov\u00e9 elektrick\u00e9 modely, vyr\u00e1b\u011bn\u00e9 v na\u0161em nejmodern\u011bj\u0161\u00edm z\u00e1vod\u011b v Craiov\u011b, jsou uk\u00e1zkou na\u0161ich zku\u0161enost\u00ed s dod\u00e1v\u00e1n\u00edm inovativn\u00edch a mimo\u0159\u00e1dn\u011b kvalitn\u00edch vozidel, kter\u00e1 z\u00e1kazn\u00edk\u016fm zna\u010dky Ford p\u0159in\u00e1\u0161ej\u00ed nov\u00fd pohled na \u0159\u00edzen\u00ed,&#8220; \u0159ekl G\u00fcven \u00d6zyurt, gener\u00e1ln\u00ed \u0159editel spole\u010dnosti Ford Otosan.<\/p>\n<p><img loading=\"lazy\" decoding=\"async\" class=\"alignnone size-medium wp-image-11670\" src=\"http:\/\/www.automakers.cz\/wp-content\/uploads\/2025\/03\/2025_FORD_ELECTRIC_VEHICLES_8-3-900x600.jpg\" alt=\"\" width=\"900\" height=\"600\" srcset=\"https:\/\/www.automakers.cz\/wp-content\/uploads\/2025\/03\/2025_FORD_ELECTRIC_VEHICLES_8-3-900x600.jpg 900w, https:\/\/www.automakers.cz\/wp-content\/uploads\/2025\/03\/2025_FORD_ELECTRIC_VEHICLES_8-3-1024x683.jpg 1024w, https:\/\/www.automakers.cz\/wp-content\/uploads\/2025\/03\/2025_FORD_ELECTRIC_VEHICLES_8-3-768x512.jpg 768w, https:\/\/www.automakers.cz\/wp-content\/uploads\/2025\/03\/2025_FORD_ELECTRIC_VEHICLES_8-3-1536x1024.jpg 1536w, https:\/\/www.automakers.cz\/wp-content\/uploads\/2025\/03\/2025_FORD_ELECTRIC_VEHICLES_8-3-2048x1365.jpg 2048w\" sizes=\"auto, (max-width: 900px) 100vw, 900px\" \/><\/p>\n<p><strong>Partnerstv\u00ed v oblasti v\u00fdrobn\u00ed kvality<\/strong><\/p>\n<p>V\u0161echny t\u0159i vozy se vyr\u00e1b\u011bj\u00ed v mont\u00e1\u017en\u00edm z\u00e1vod\u011b spole\u010dnosti Ford Otosan v rumunsk\u00e9 Craiov\u011b. Ka\u017ed\u00fd z nich vyu\u017e\u00edv\u00e1 elektrick\u00e9 pohonn\u00e9 jednotky vyroben\u00e9 v z\u00e1vod\u011b Ford v Halewoodu ve Velk\u00e9 Brit\u00e1nii a d\u00edly vyroben\u00e9 v z\u00e1vod\u011b na v\u00fdrobu komponent\u016f Ford v Kol\u00edn\u011b nad R\u00fdnem, co\u017e dokazuje z\u00e1vazek spole\u010dnosti Ford k inovac\u00edm a udr\u017eitelnosti v cel\u00e9m v\u00fdrobn\u00edm procesu.<\/p>\n<p>Tov\u00e1rna v Craiov\u011b je jen jedn\u00edm z p\u0159\u00edklad\u016f snahy o udr\u017eitelnost ve v\u00fdrobn\u00edch z\u00e1vodech spole\u010dnosti Ford v Evrop\u011b &#8211; ned\u00e1vn\u00e1 instalace fotovoltaick\u00fdch panel\u016f a spu\u0161t\u011bn\u00ed efektivn\u011bj\u0161\u00edho logistick\u00e9ho centra vedly k v\u00fdrazn\u00e9mu sn\u00ed\u017een\u00ed emis\u00ed\u00a0<sub>CO2.\u00a0<\/sub>Spole\u010dn\u00fd podnik\u00a0<a href=\"http:\/\/postman.mynewsdesk.com\/ls\/click?upn=u001.KUIo4HYG9QxYtY3lf6Ia6VAcbhZFzz0u1oB-2Byf06T78SpUtH2CjiQDHv3dai9DYUoFHF_xTGmunRNw-2F2WETpHLfr6wNMTy7ecyQYJ7FCxuHOikNkaNMoWJfHjXSFGo75UT6a9qpxb7BkY31OxU8yfsX3TJUNc3m9MRTD5QSGbVknAzH-2FLYdzYyShBF1z-2B4UfSH-2BKaXGhA2Tu73-2FcLu4VHYsFcFp-2F3hL97cHyeFI2Ax2EHtvEBjnK-2FN0tAotY1VLcFi-2BLerCK3a7K1S5zbYtGwSu-2FJxt62-2FYd7c7qnYDA1nUplG1KGIynxwhebEayTPWe3xPQYJgztszqN1Uo8ILzwCZXLn8oRns62MXHe84IhMkDcsu-2FzQwtlh03ymIU-2FL4ubzHQRnGqRlwr5XBbhozH7-2BJ9InFyvXvXQCU8K452CVinJBSVnxOQM0SsY1JFd9Rb-2FvMMya6xYQcOwbBgW-2Bf5pUjnTpQ-3D-3D\" target=\"_blank\" rel=\"noopener\">Ford Otosan\u00a0<\/a><a href=\"http:\/\/postman.mynewsdesk.com\/ls\/click?upn=u001.KUIo4HYG9QxYtY3lf6Ia6UPMef5MfMjzwIfhWGa7-2Fvo-3D7acn_xTGmunRNw-2F2WETpHLfr6wNMTy7ecyQYJ7FCxuHOikNkaNMoWJfHjXSFGo75UT6a9qpxb7BkY31OxU8yfsX3TJUNc3m9MRTD5QSGbVknAzH-2FLYdzYyShBF1z-2B4UfSH-2BKaXGhA2Tu73-2FcLu4VHYsFcFp-2F3hL97cHyeFI2Ax2EHtvEBjnK-2FN0tAotY1VLcFi-2BLerCK3a7K1S5zbYtGwSu-2FJxph5ORupK7awbTcgBUYpvvdQAysUNiODYy8unou00VqcwOlLZrWQiCCNfc7weoFdBay5mSKRWMR2nT2QX-2BkRU2vzeFbYC9DN29Z9uf29P22HTssu8xfGrGacIkZkvcsNJMlou-2FxJj8bkBuMt4aye34G-2FAMKE7ocIdpYcLrban5NPc5CgZBi15iUR-2B3c1IQnF8A-3D-3D\" target=\"_blank\" rel=\"noopener\">spole\u010dnost\u00ed Ford Motor Company\u00a0<\/a>a\u00a0<a href=\"http:\/\/postman.mynewsdesk.com\/ls\/click?upn=u001.KUIo4HYG9QxYtY3lf6Ia6S9vTop16yKl9zedEKTUcPBxGiqwU-2BfO5FFPWFk8HyxV4xZC_xTGmunRNw-2F2WETpHLfr6wNMTy7ecyQYJ7FCxuHOikNkaNMoWJfHjXSFGo75UT6a9qpxb7BkY31OxU8yfsX3TJUNc3m9MRTD5QSGbVknAzH-2FLYdzYyShBF1z-2B4UfSH-2BKaXGhA2Tu73-2FcLu4VHYsFcFp-2F3hL97cHyeFI2Ax2EHtvEBjnK-2FN0tAotY1VLcFi-2BLerCK3a7K1S5zbYtGwSu-2FJxlhRnGwIQRfZB1-2Fcf0HE4TwmRUw-2F0QnlmTu0HFH7Arbdip2dCVYpJmtEuYl2YqoCyHZ6cZaOnIyzxwtPGkNjHSXXzEzf4rfhbz3716rh-2B8AUzTQLFKLY3Bl3o8TODH38rGmg3eGs3sNtF38bGbks1u0TNM8Y9uLI7Usyhrvri5cjOr1-2BNmEvOM5tcGgP8CihBA-3D-3D\" target=\"_blank\" rel=\"noopener\">Ko\u00e7 Holdings\u00a0<\/a>byl zalo\u017een v roce 1997, je hnac\u00ed silou inovac\u00ed a buduje odkaz kvality v automobilov\u00e9m pr\u016fmyslu po t\u00e9m\u011b\u0159 sto let vz\u00e1jemn\u00e9ho \u00fasp\u011b\u0161n\u00e9ho p\u016fsoben\u00ed.<\/p>\n<p><img loading=\"lazy\" decoding=\"async\" class=\"alignnone size-medium wp-image-11671\" src=\"http:\/\/www.automakers.cz\/wp-content\/uploads\/2025\/03\/2025_FORD_ELECTRIC_VEHICLES_9-4-900x600.jpg\" alt=\"\" width=\"900\" height=\"600\" srcset=\"https:\/\/www.automakers.cz\/wp-content\/uploads\/2025\/03\/2025_FORD_ELECTRIC_VEHICLES_9-4-900x600.jpg 900w, https:\/\/www.automakers.cz\/wp-content\/uploads\/2025\/03\/2025_FORD_ELECTRIC_VEHICLES_9-4-1024x682.jpg 1024w, https:\/\/www.automakers.cz\/wp-content\/uploads\/2025\/03\/2025_FORD_ELECTRIC_VEHICLES_9-4-768x512.jpg 768w, https:\/\/www.automakers.cz\/wp-content\/uploads\/2025\/03\/2025_FORD_ELECTRIC_VEHICLES_9-4-1536x1024.jpg 1536w, https:\/\/www.automakers.cz\/wp-content\/uploads\/2025\/03\/2025_FORD_ELECTRIC_VEHICLES_9-4-2048x1365.jpg 2048w\" sizes=\"auto, (max-width: 900px) 100vw, 900px\" \/><\/p>\n","protected":false},"excerpt":{"rendered":"<p>Ford zah\u00e1jil evropskou s\u00e9riovou v\u00fdrobu t\u0159\u00ed nov\u00fdch elektromobil\u016f &#8211; Puma Gen-E, E-Tourneo Courier a E-Transit&#8230;<\/p>\n","protected":false},"author":2,"featured_media":11668,"comment_status":"closed","ping_status":"closed","sticky":false,"template":"","format":"standard","meta":{"footnotes":""},"categories":[9,57,18],"tags":[],"class_list":["post-11667","post","type-post","status-publish","format-standard","has-post-thumbnail","hentry","category-elektromobily","category-emise","category-vyroba"],"_links":{"self":[{"href":"https:\/\/www.automakers.cz\/index.php?rest_route=\/wp\/v2\/posts\/11667","targetHints":{"allow":["GET"]}}],"collection":[{"href":"https:\/\/www.automakers.cz\/index.php?rest_route=\/wp\/v2\/posts"}],"about":[{"href":"https:\/\/www.automakers.cz\/index.php?rest_route=\/wp\/v2\/types\/post"}],"author":[{"embeddable":true,"href":"https:\/\/www.automakers.cz\/index.php?rest_route=\/wp\/v2\/users\/2"}],"replies":[{"embeddable":true,"href":"https:\/\/www.automakers.cz\/index.php?rest_route=%2Fwp%2Fv2%2Fcomments&post=11667"}],"version-history":[{"count":4,"href":"https:\/\/www.automakers.cz\/index.php?rest_route=\/wp\/v2\/posts\/11667\/revisions"}],"predecessor-version":[{"id":11675,"href":"https:\/\/www.automakers.cz\/index.php?rest_route=\/wp\/v2\/posts\/11667\/revisions\/11675"}],"wp:featuredmedia":[{"embeddable":true,"href":"https:\/\/www.automakers.cz\/index.php?rest_route=\/wp\/v2\/media\/11668"}],"wp:attachment":[{"href":"https:\/\/www.automakers.cz\/index.php?rest_route=%2Fwp%2Fv2%2Fmedia&parent=11667"}],"wp:term":[{"taxonomy":"category","embeddable":true,"href":"https:\/\/www.automakers.cz\/index.php?rest_route=%2Fwp%2Fv2%2Fcategories&post=11667"},{"taxonomy":"post_tag","embeddable":true,"href":"https:\/\/www.automakers.cz\/index.php?rest_route=%2Fwp%2Fv2%2Ftags&post=11667"}],"curies":[{"name":"wp","href":"https:\/\/api.w.org\/{rel}","templated":true}]}}