{"id":11714,"date":"2025-03-17T14:53:09","date_gmt":"2025-03-17T14:53:09","guid":{"rendered":"https:\/\/www.automakers.cz\/?p=11714"},"modified":"2025-03-17T14:56:57","modified_gmt":"2025-03-17T14:56:57","slug":"karel-repa-sepsal-knihu-o-rallye-vltava","status":"publish","type":"post","link":"https:\/\/www.automakers.cz\/?p=11714","title":{"rendered":"Karel \u0158epa sepsal knihu o Rallye Vltava"},"content":{"rendered":"<p><strong>P\u0159\u00edznivce historie automobilov\u00fdch sout\u011b\u017e\u00ed pot\u011b\u0161\u00ed neuv\u011b\u0159iteln\u011b obs\u00e1hl\u00e1 kniha od Karla \u0158epy, v\u011bnovan\u00e1 legend\u00e1rn\u00ed Rallye Vltava, jej\u00ed\u017e prvn\u00ed ro\u010dn\u00edk se jel u\u017e p\u0159ed 65 lety.<\/strong><!--more--><\/p>\n<p>Reprezentativn\u00ed publikace o sout\u011b\u017ei, kter\u00e1 je mezi \u010desk\u00fdmi p\u0159\u00edznivci rallye naz\u00fdv\u00e1na tak\u00e9 matkou \u010deskoslovensk\u00fdch automobilov\u00fdch sout\u011b\u017e\u00ed, m\u00e1 v\u00edce ne\u017e tis\u00edc stran a v\u00e1\u017e\u00ed \u00factyhodn\u00e9 t\u0159i kilogramy. Kniha, na n\u00ed\u017e autor pracoval t\u0159i des\u00edtky let, mapuje d\u011bjiny t\u00e9to d\u0159\u00edve tak slavn\u00e9, ale zanikl\u00e9 sout\u011b\u017ee.<\/p>\n<p>Stovky nad\u0161en\u011b zpracovan\u00fdch p\u0159\u00edb\u011bh\u016f a tis\u00edce shrom\u00e1\u017ed\u011bn\u00fdch dobov\u00fdch fotografi\u00ed, pln\u00fdch nostalgie, p\u0159ipom\u00ednaj\u00ed n\u011bkdej\u0161\u00ed sl\u00e1vu a \u010dasy, kter\u00e9 u\u017e zapadaj\u00ed prachem zapomn\u011bn\u00ed. Z\u00e1slu\u017en\u00e1 a obdivuhodn\u00e1 kniha stoj\u00ed 2990 K\u010d, ale zd\u00e1nliv\u011b vy\u0161\u0161\u00ed cena zdaleka nevyva\u017euje vynalo\u017een\u00e9 \u00fasil\u00ed autora, ani opravdovou hodnotu tohoto veled\u00edla. Knihu lze z\u00edskat u Vydavatele a v\u00fdhradn\u00edho prodejce.<\/p>\n<p><strong>Knihu distribuuje:<\/strong><\/p>\n<p>Autoklub Rallye Vltava v A\u010cR, P.O. box 16, Po\u0161ta 618, 163 00 Praha 6<\/p>\n<p>Zdroj: <a href=\"http:\/\/www.rallye-vltava.cz\/\">www.rallye-vltava.cz, <\/a>pop\u0159. na facebook rallye vltava<\/p>\n<p><img loading=\"lazy\" decoding=\"async\" class=\"alignnone size-medium wp-image-11716\" src=\"http:\/\/www.automakers.cz\/wp-content\/uploads\/2025\/03\/Rallye-Vltava-kniha-scaled-e1742223167724-900x675.jpg\" alt=\"\" width=\"900\" height=\"675\" srcset=\"https:\/\/www.automakers.cz\/wp-content\/uploads\/2025\/03\/Rallye-Vltava-kniha-scaled-e1742223167724-900x675.jpg 900w, https:\/\/www.automakers.cz\/wp-content\/uploads\/2025\/03\/Rallye-Vltava-kniha-scaled-e1742223167724-1024x768.jpg 1024w, https:\/\/www.automakers.cz\/wp-content\/uploads\/2025\/03\/Rallye-Vltava-kniha-scaled-e1742223167724-768x576.jpg 768w, https:\/\/www.automakers.cz\/wp-content\/uploads\/2025\/03\/Rallye-Vltava-kniha-scaled-e1742223167724-1536x1152.jpg 1536w, https:\/\/www.automakers.cz\/wp-content\/uploads\/2025\/03\/Rallye-Vltava-kniha-scaled-e1742223167724-2048x1536.jpg 2048w\" sizes=\"auto, (max-width: 900px) 100vw, 900px\" \/><\/p>\n","protected":false},"excerpt":{"rendered":"<p>P\u0159\u00edznivce historie automobilov\u00fdch sout\u011b\u017e\u00ed pot\u011b\u0161\u00ed neuv\u011b\u0159iteln\u011b obs\u00e1hl\u00e1 kniha od Karla \u0158epy, v\u011bnovan\u00e1 legend\u00e1rn\u00ed Rallye Vltava,&#8230;<\/p>\n","protected":false},"author":1,"featured_media":11715,"comment_status":"closed","ping_status":"closed","sticky":false,"template":"","format":"standard","meta":{"footnotes":""},"categories":[30,19,31],"tags":[],"class_list":["post-11714","post","type-post","status-publish","format-standard","has-post-thumbnail","hentry","category-historie","category-motorsport","category-news"],"_links":{"self":[{"href":"https:\/\/www.automakers.cz\/index.php?rest_route=\/wp\/v2\/posts\/11714","targetHints":{"allow":["GET"]}}],"collection":[{"href":"https:\/\/www.automakers.cz\/index.php?rest_route=\/wp\/v2\/posts"}],"about":[{"href":"https:\/\/www.automakers.cz\/index.php?rest_route=\/wp\/v2\/types\/post"}],"author":[{"embeddable":true,"href":"https:\/\/www.automakers.cz\/index.php?rest_route=\/wp\/v2\/users\/1"}],"replies":[{"embeddable":true,"href":"https:\/\/www.automakers.cz\/index.php?rest_route=%2Fwp%2Fv2%2Fcomments&post=11714"}],"version-history":[{"count":3,"href":"https:\/\/www.automakers.cz\/index.php?rest_route=\/wp\/v2\/posts\/11714\/revisions"}],"predecessor-version":[{"id":11719,"href":"https:\/\/www.automakers.cz\/index.php?rest_route=\/wp\/v2\/posts\/11714\/revisions\/11719"}],"wp:featuredmedia":[{"embeddable":true,"href":"https:\/\/www.automakers.cz\/index.php?rest_route=\/wp\/v2\/media\/11715"}],"wp:attachment":[{"href":"https:\/\/www.automakers.cz\/index.php?rest_route=%2Fwp%2Fv2%2Fmedia&parent=11714"}],"wp:term":[{"taxonomy":"category","embeddable":true,"href":"https:\/\/www.automakers.cz\/index.php?rest_route=%2Fwp%2Fv2%2Fcategories&post=11714"},{"taxonomy":"post_tag","embeddable":true,"href":"https:\/\/www.automakers.cz\/index.php?rest_route=%2Fwp%2Fv2%2Ftags&post=11714"}],"curies":[{"name":"wp","href":"https:\/\/api.w.org\/{rel}","templated":true}]}}