{"id":11765,"date":"2025-03-19T09:35:24","date_gmt":"2025-03-19T09:35:24","guid":{"rendered":"https:\/\/www.automakers.cz\/?p=11765"},"modified":"2025-03-19T09:35:24","modified_gmt":"2025-03-19T09:35:24","slug":"mg-roadshow-2025-dorazila-do-brna","status":"publish","type":"post","link":"https:\/\/www.automakers.cz\/?p=11765","title":{"rendered":"MG Roadshow 2025 dorazila do Brna"},"content":{"rendered":"<p><strong>MG Motor Czech spustila kr\u00e1tce po zah\u00e1jen\u00ed prodej\u016f nov\u00fdch model\u016f MG3 a ZS s benz\u00ednov\u00fdmi motory jednu z nejv\u011bt\u0161\u00edch akc\u00ed leto\u0161n\u00edho roku \u2013 MG ROADSHOW 2025. Tento t\u00fdden je akce v Brn\u011b. Hlavn\u00ed hv\u011bzdou je unik\u00e1tn\u00ed elektrick\u00fd roadster Cybester.<\/strong><!--more--><\/p>\n<p>MG Roadshow nav\u0161t\u00edv\u00ed mezi b\u0159eznem a kv\u011btnem 2025 celkem 17 \u010desk\u00fdch m\u011bst. V dnech 19. &#8211; 20, b\u0159ezna je v Brn\u011b.<\/p>\n<p>\u201eJde n\u00e1m hlavn\u011b o osobn\u00ed zku\u0161enost na\u0161ich z\u00e1kazn\u00edk\u016f. Cel\u00e1 Roadshow i kampa\u0148, kter\u00e1 ji prov\u00e1z\u00ed, je zam\u011b\u0159en\u00e1 na pozv\u00e1n\u00ed na\u0161ich sou\u010dasn\u00fdch i potenci\u00e1ln\u00edch z\u00e1kazn\u00edk\u016f k jednotliv\u00fdm dealer\u016fm, umo\u017enit jim testovac\u00ed j\u00edzdy se v\u0161emi modely v\u010detn\u011b Cybersteru a p\u0159itom se pobavit v p\u011bkn\u00e9m prost\u0159ed\u00ed t\u0159eba i s celou rodinou. Z hlediska marketingu jde o komplexn\u00ed akci, kter\u00e1 neza\u010d\u00edn\u00e1 samotnou Roadshow, ale celost\u00e1tn\u00ed kampan\u00ed, lok\u00e1ln\u00edmi komunikacemi dealer\u016f a pak samotnou interakc\u00ed na prodejn\u011b. K Roadshow jsme p\u0159ipravili speci\u00e1ln\u00ed webovou str\u00e1nku, prost\u0159ednictv\u00edm kter\u00e9 je mo\u017en\u00e9 z\u00edskat v\u00edce informac\u00ed o aktivit\u00e1ch zna\u010dky MG, nebo se klidn\u011b rovnou zaregistrovat na testovac\u00ed j\u00edzdu s n\u011bkterou z novinek MG.\u201c \u0159\u00edk\u00e1 Dominika Beranov\u00e1, Brand Mana\u017eerka MG.<\/p>\n<p><img loading=\"lazy\" decoding=\"async\" class=\"alignnone size-medium wp-image-6384\" src=\"http:\/\/www.automakers.cz\/wp-content\/uploads\/2024\/08\/MG-trojice-Hostivar-Vodicka-Dominika-900x705.jpg\" alt=\"\" width=\"900\" height=\"705\" srcset=\"https:\/\/www.automakers.cz\/wp-content\/uploads\/2024\/08\/MG-trojice-Hostivar-Vodicka-Dominika-900x705.jpg 900w, https:\/\/www.automakers.cz\/wp-content\/uploads\/2024\/08\/MG-trojice-Hostivar-Vodicka-Dominika-768x602.jpg 768w, https:\/\/www.automakers.cz\/wp-content\/uploads\/2024\/08\/MG-trojice-Hostivar-Vodicka-Dominika.jpg 1024w\" sizes=\"auto, (max-width: 900px) 100vw, 900px\" \/><\/p>\n<p>Zdroj:<\/p>\n<p><a href=\"http:\/\/www.mgroadshow.cz\"><u>www.mgroadshow.cz<\/u><\/a><\/p>\n<p>&nbsp;<\/p>\n<p>&nbsp;<\/p>\n","protected":false},"excerpt":{"rendered":"<p>MG Motor Czech spustila kr\u00e1tce po zah\u00e1jen\u00ed prodej\u016f nov\u00fdch model\u016f MG3 a ZS s benz\u00ednov\u00fdmi&#8230;<\/p>\n","protected":false},"author":1,"featured_media":4364,"comment_status":"closed","ping_status":"closed","sticky":false,"template":"","format":"standard","meta":{"footnotes":""},"categories":[24,36],"tags":[],"class_list":["post-11765","post","type-post","status-publish","format-standard","has-post-thumbnail","hentry","category-akce","category-marketing"],"_links":{"self":[{"href":"https:\/\/www.automakers.cz\/index.php?rest_route=\/wp\/v2\/posts\/11765","targetHints":{"allow":["GET"]}}],"collection":[{"href":"https:\/\/www.automakers.cz\/index.php?rest_route=\/wp\/v2\/posts"}],"about":[{"href":"https:\/\/www.automakers.cz\/index.php?rest_route=\/wp\/v2\/types\/post"}],"author":[{"embeddable":true,"href":"https:\/\/www.automakers.cz\/index.php?rest_route=\/wp\/v2\/users\/1"}],"replies":[{"embeddable":true,"href":"https:\/\/www.automakers.cz\/index.php?rest_route=%2Fwp%2Fv2%2Fcomments&post=11765"}],"version-history":[{"count":2,"href":"https:\/\/www.automakers.cz\/index.php?rest_route=\/wp\/v2\/posts\/11765\/revisions"}],"predecessor-version":[{"id":11767,"href":"https:\/\/www.automakers.cz\/index.php?rest_route=\/wp\/v2\/posts\/11765\/revisions\/11767"}],"wp:featuredmedia":[{"embeddable":true,"href":"https:\/\/www.automakers.cz\/index.php?rest_route=\/wp\/v2\/media\/4364"}],"wp:attachment":[{"href":"https:\/\/www.automakers.cz\/index.php?rest_route=%2Fwp%2Fv2%2Fmedia&parent=11765"}],"wp:term":[{"taxonomy":"category","embeddable":true,"href":"https:\/\/www.automakers.cz\/index.php?rest_route=%2Fwp%2Fv2%2Fcategories&post=11765"},{"taxonomy":"post_tag","embeddable":true,"href":"https:\/\/www.automakers.cz\/index.php?rest_route=%2Fwp%2Fv2%2Ftags&post=11765"}],"curies":[{"name":"wp","href":"https:\/\/api.w.org\/{rel}","templated":true}]}}