{"id":11796,"date":"2025-03-20T07:41:40","date_gmt":"2025-03-20T07:41:40","guid":{"rendered":"https:\/\/www.automakers.cz\/?p=11796"},"modified":"2025-03-20T07:41:50","modified_gmt":"2025-03-20T07:41:50","slug":"doosan-skoda-power-sponzorem-prazskeho-jara","status":"publish","type":"post","link":"https:\/\/www.automakers.cz\/?p=11796","title":{"rendered":"Doosan \u0160koda Power sponzorem Pra\u017esk\u00e9ho jara"},"content":{"rendered":"<p><strong>V\u00fdrobce turb\u00edn Doosan \u0160koda Power je nov\u00fdm Hlavn\u00edm partnerem Mezin\u00e1rodn\u00edho hudebn\u00edho festivalu Pra\u017esk\u00e9 jaro. Svou zna\u010dku spoj\u00ed u\u017e s jubilejn\u00edm 80. ro\u010dn\u00edkem Pra\u017esk\u00e9ho jara, kter\u00fd za\u010dne 12. kv\u011btna a potrv\u00e1 do 3. \u010dervna 2025.<\/strong><!--more--><\/p>\n<p>Nejpresti\u017en\u011bj\u0161\u00ed ud\u00e1lost klasick\u00e9 hudby v\u00a0\u010cesk\u00e9 republice se op\u00edr\u00e1 o dlouhou tradici a vyzna\u010duje se \u0161irok\u00fdm dramaturgick\u00fdm z\u00e1b\u011brem. Je nositelem siln\u00e9 zna\u010dky s\u00a0historickou hodnotou, a to je pr\u00e1v\u011b to, co mezin\u00e1rodn\u00ed sv\u00e1tek hudby a p\u0159edn\u00ed stroj\u00edrenskou spole\u010dnost spojuje.<\/p>\n<p>\u201e<em><i>Turb\u00edny z\u00a0plze\u0148sk\u00e9ho z\u00e1vodu znaj\u00ed cel\u00e9 generace in\u017een\u00fdr\u016f po cel\u00e9m sv\u011bt\u011b<\/i><\/em>. <em><i>U\u017e v\u00edce ne\u017e 120 let d\u00e1v\u00e1me do pohybu energii pro pr\u016fmysl i dom\u00e1cnosti. Stejn\u011b jako hudba d\u00e1v\u00e1 impuls na\u0161im \u017eivot\u016fm. Sv\u011btov\u00fd zvuk Pra\u017esk\u00e9ho jara stoj\u00ed na z\u00e1kladech \u010desk\u00e9 kultury. Je pro n\u00e1s nesm\u00edrnou ct\u00ed b\u00fdt hlavn\u00edm partnerem a jsme r\u00e1di, \u017ee m\u016f\u017eeme sv\u011btu uk\u00e1zat to, co \u010cesko um\u00ed nejl\u00e9pe,<\/i><\/em>\u201c uvedl <strong><b>Youngki Lim, p\u0159edseda p\u0159edstavenstva a gener\u00e1ln\u00ed \u0159editel spole\u010dnosti Doosan \u0160koda Power<\/b><\/strong>.<\/p>\n<p>V\u00fdrobce turb\u00edn a souvisej\u00edc\u00edch technologick\u00fdch za\u0159\u00edzen\u00ed je pokra\u010dovatelem n\u011bkdej\u0161\u00edch \u0160kodov\u00fdch z\u00e1vod\u016f a dnes je sou\u010d\u00e1st\u00ed siln\u00e9 korejsk\u00e9 skupiny Doosan Group.<\/p>\n<p>Doosan \u0160koda Power<strong><b>\u00a0<\/b><\/strong>se z\u00e1rove\u0148 st\u00e1v\u00e1 partnerem koncertu Boston Symphony Orchestra 14. kv\u011btna v\u00a0Obecn\u00edm dom\u011b a koncertu renomovan\u00e9ho souboru historick\u00fdch n\u00e1stroj\u016f Concentus Musicus Wien 24. kv\u011btna v\u00a0Rudolfinu.<\/p>\n<p>Sou\u010dasnou partnerskou strukturu festivalu tvo\u0159\u00ed Ministerstvo kultury \u010cesk\u00e9 republiky, Hl. m. Praha, gener\u00e1ln\u00ed partner Skupina \u010cEZ, hlavn\u00ed partner Doosan \u0160koda Power, partner festivalu innogy, technologick\u00fd partner CETIN, partne\u0159i koncert\u016f Allianz poji\u0161\u0165ovna, ABB, Philip Morris \u010cR,gener\u00e1ln\u00ed medi\u00e1ln\u00ed partner \u010cesk\u00e1 televize, hlavn\u00ed medi\u00e1ln\u00ed partner \u010cesk\u00fd rozhlas, medi\u00e1ln\u00ed partner Hospod\u00e1\u0159sk\u00e9 noviny a ofici\u00e1ln\u00ed v\u016fz Mercedes-Benz \u010cesk\u00e1 republika.<\/p>\n<p><strong><b>DOOSAN \u0160KODA POWER<\/b><\/strong><\/p>\n<p>Doosan \u0160koda Power je sou\u010d\u00e1st\u00ed siln\u00e9 skupiny spole\u010dnost\u00ed sjednocen\u00fdch pod Doosan Group, kter\u00e1 sv\u00fdm z\u00e1kazn\u00edk\u016fm po cel\u00e9m sv\u011bt\u011b dod\u00e1v\u00e1 technologie a slu\u017eby vysok\u00e9 kvality a hodnoty.<\/p>\n<p>Doosan \u0160koda Power je p\u0159edn\u00edm sv\u011btov\u00fdm v\u00fdrobcem a dodavatelem za\u0159\u00edzen\u00ed pro elektr\u00e1rny, zejm\u00e9na pak soustroj\u00ed parn\u00ed turb\u00edna \u2013 gener\u00e1tor ve v\u00fdkonov\u00e9m rozsahu 3 a\u017e 1 300 MW. Firma m\u00e1 bohat\u00e9 zku\u0161enosti a reference v aplikac\u00edch pro paroplynov\u00e9 a fosiln\u00ed elektr\u00e1rny, CHP, jadern\u00e9 elektr\u00e1rny a sol\u00e1rn\u00ed elektr\u00e1rny (CSP), spalovny biomasy atd. V oblasti servisu spole\u010dnost nab\u00edz\u00ed gener\u00e1ln\u00ed opravy s v\u00fdm\u011bnou opot\u0159eben\u00fdch komponent, dlouhodob\u00fd poz\u00e1ru\u010dn\u00ed servis nebo retrofit \u010di modernizaci parn\u00ed turb\u00edny vlastn\u00ed i ciz\u00ed v\u00fdroby. Ka\u017edoro\u010dn\u00ed investice do v\u00fdzkumu a v\u00fdvoje zaji\u0161\u0165uj\u00ed nab\u00eddku produkt\u016f, kter\u00e9 spl\u0148uj\u00ed specifick\u00e9 po\u017eadavky z\u00e1kazn\u00edk\u016f.<\/p>\n<p><strong>Zdroj: Doosan \u0160koda Power<\/strong><\/p>\n","protected":false},"excerpt":{"rendered":"<p>V\u00fdrobce turb\u00edn Doosan \u0160koda Power je nov\u00fdm Hlavn\u00edm partnerem Mezin\u00e1rodn\u00edho hudebn\u00edho festivalu Pra\u017esk\u00e9 jaro. Svou&#8230;<\/p>\n","protected":false},"author":1,"featured_media":11797,"comment_status":"closed","ping_status":"closed","sticky":false,"template":"","format":"standard","meta":{"footnotes":""},"categories":[36,29],"tags":[],"class_list":["post-11796","post","type-post","status-publish","format-standard","has-post-thumbnail","hentry","category-marketing","category-sponzoring"],"_links":{"self":[{"href":"https:\/\/www.automakers.cz\/index.php?rest_route=\/wp\/v2\/posts\/11796","targetHints":{"allow":["GET"]}}],"collection":[{"href":"https:\/\/www.automakers.cz\/index.php?rest_route=\/wp\/v2\/posts"}],"about":[{"href":"https:\/\/www.automakers.cz\/index.php?rest_route=\/wp\/v2\/types\/post"}],"author":[{"embeddable":true,"href":"https:\/\/www.automakers.cz\/index.php?rest_route=\/wp\/v2\/users\/1"}],"replies":[{"embeddable":true,"href":"https:\/\/www.automakers.cz\/index.php?rest_route=%2Fwp%2Fv2%2Fcomments&post=11796"}],"version-history":[{"count":2,"href":"https:\/\/www.automakers.cz\/index.php?rest_route=\/wp\/v2\/posts\/11796\/revisions"}],"predecessor-version":[{"id":11799,"href":"https:\/\/www.automakers.cz\/index.php?rest_route=\/wp\/v2\/posts\/11796\/revisions\/11799"}],"wp:featuredmedia":[{"embeddable":true,"href":"https:\/\/www.automakers.cz\/index.php?rest_route=\/wp\/v2\/media\/11797"}],"wp:attachment":[{"href":"https:\/\/www.automakers.cz\/index.php?rest_route=%2Fwp%2Fv2%2Fmedia&parent=11796"}],"wp:term":[{"taxonomy":"category","embeddable":true,"href":"https:\/\/www.automakers.cz\/index.php?rest_route=%2Fwp%2Fv2%2Fcategories&post=11796"},{"taxonomy":"post_tag","embeddable":true,"href":"https:\/\/www.automakers.cz\/index.php?rest_route=%2Fwp%2Fv2%2Ftags&post=11796"}],"curies":[{"name":"wp","href":"https:\/\/api.w.org\/{rel}","templated":true}]}}