{"id":11800,"date":"2025-03-20T06:48:23","date_gmt":"2025-03-20T06:48:23","guid":{"rendered":"https:\/\/www.automakers.cz\/?p=11800"},"modified":"2025-03-20T08:17:35","modified_gmt":"2025-03-20T08:17:35","slug":"zbrojovky-maji-v-hledacku-uzavrene-automobilky","status":"publish","type":"post","link":"https:\/\/www.automakers.cz\/?p=11800","title":{"rendered":"Zbrojovky maj\u00ed v hled\u00e1\u010dku uzav\u0159en\u00e9 automobilky"},"content":{"rendered":"<p><strong><span class=\"highlight-E1id3 highlight-E1M\">Evropsk\u00e1<\/span> <span class=\"highlight-E1id3 highlight-E1M\">unie<\/span> chce zbrojit a v\u011bt\u0161inu zbran\u00ed se chyst\u00e1 nakoupit v <span class=\"highlight-E0id3 highlight-E0M\">Evrop\u011b<\/span>. Tento z\u00e1m\u011br zve\u0159ejnila <span class=\"highlight-E1id4 highlight-E1M\">Evropsk\u00e1<\/span> <span class=\"highlight-E1id4 highlight-E1M\">komise<\/span> v pl\u00e1nu obrany. I proto cht\u011bj\u00ed zbrojovky roz\u0161\u00ed\u0159it v\u00fdrobu a p\u0159evz\u00edt n\u011bkter\u00e9 uzav\u0159en\u00e9 tov\u00e1rny na automobily.<\/strong><!--more--><\/p>\n<p>N\u011bmeck\u00e9mu gigantovi na v\u00fdrobu zbran\u00ed Rheinmetallu se hromad\u00ed zak\u00e1zky. Jeho akcie za posledn\u00ed m\u011bs\u00edc vzrostly o 50 procent. Podobn\u011b jsou na tom i dal\u0161\u00ed zbrojovky.<\/p>\n<p>Oproti tomu n\u011bmeck\u00e9 automobilky, kv\u016fli konkurenci z <span class=\"highlight-E0id0 highlight-E0M\">\u010c\u00edny<\/span> a n\u00edzk\u00fdm prodej\u016fm, zastavuj\u00ed jeden z\u00e1vod za druh\u00fdm. Zbroja\u0159i proto nab\u00edzej\u00ed, \u017ee n\u011bkter\u00e9 uzav\u0159en\u00e9 tov\u00e1rny p\u0159evezmou. M\u00edsto osobn\u00edch voz\u016f by tov\u00e1rny u\u017e brzy mohly vyr\u00e1b\u011bt ty vojensk\u00e9. To je p\u0159\u00edpad i uzav\u0159en\u00e9ho are\u00e1lu na v\u00fdrobu luxusn\u00edch voz\u016f zna\u010dky <span class=\"highlight-E1id1 highlight-E4id0 highlight-E1M highlight-E4M\">Audi<\/span> na p\u0159edm\u011bst\u00ed <span class=\"highlight-E0id4 highlight-E0M\">Bruselu<\/span>. Ob\u0159\u00ed tov\u00e1rna vyr\u00e1b\u011bla auta 75 let. Koncem \u00fanora si ale jej\u00edch p\u011bt tis\u00edc <span class=\"highlight-E5id4 highlight-E5M\">zam\u011bstnanc\u016f<\/span> odp\u00edchlo naposledy. <span class=\"highlight-E1id2 highlight-E1M\">Belgick\u00e1<\/span> <span class=\"highlight-E1id2 highlight-E1M\">vl\u00e1da<\/span> chce provoz udr\u017eet a v r\u00e1mci zv\u00fd\u0161en\u00ed obranyschopnosti zem\u011b sem nal\u00e1kat zbroja\u0159e. To se ale nel\u00edb\u00ed n\u011bkter\u00fdm m\u00edstn\u00edm obyvatel\u016fm.<\/p>\n<p>&#8218;Mysl\u00edm, \u017ee to je velmi \u0161patn\u00fd n\u00e1pad. Pot\u0159ebujeme tady pr\u00e1ci, ale ne zbrojovku,&#8216; \u0159ekla jedna z obyvatelek bruselsk\u00e9 \u010d\u00e1sti Forest. &#8218;Z\u00e1le\u017eelo by na tom, jak\u00e9 zbran\u011b. \u017d\u00e1dn\u00e9 v\u00fdbu\u0161niny nebo chemick\u00e9 zbran\u011b bych tu necht\u011bl,&#8216; \u0159ekl dal\u0161\u00ed. Nesouhlas\u00ed ani <span class=\"highlight-E5id2 highlight-E5M\">starosta<\/span> bruselsk\u00e9 \u010d\u00e1sti Forest Charles Spapens. &#8218;V okol\u00ed \u017eije 1,2 milionu obyvatel. Jako <span class=\"highlight-E5id2 highlight-E5M\">starosta<\/span> m\u00e1m za n\u011b zodpov\u011bdnost. Nebezpe\u010dn\u00fd materi\u00e1l tu nechceme,&#8216; prohl\u00e1sil.<\/p>\n<p>Podle <span class=\"highlight-E5id3 highlight-E5M\">odborn\u00edk\u016f<\/span> by ale tov\u00e1rny p\u0159estav\u011bn\u00e9 z automobilek v\u011bt\u0161inou pokra\u010dovaly ve strojn\u00ed v\u00fdrob\u011b. &#8218;Vyr\u00e1b\u011bly by vojensk\u00e9 n\u00e1kla\u010f\u00e1ky nebo obrn\u011bn\u00e9 transport\u00e9ry, ale ur\u010dit\u011b ne munici. Americk\u00e1 vojensk\u00e1 podpora u\u017e nen\u00ed zaru\u010den\u00e1 a podobnou tov\u00e1rnu m\u016f\u017eete p\u0159estav\u011bt velmi rychle,&#8216; uvedl bezpe\u010dnostn\u00ed <span class=\"highlight-E5id3 highlight-E5M\">expert<\/span> Roger Housen.<\/p>\n<p><strong>P\u0159echod na zbroj\u00ed v\u00fdrobu i v \u010cesku<\/strong><\/p>\n<p>P\u0159eorientovat se na zbrojn\u00ed pr\u016fmysl m\u00e1 u\u017e ale v pl\u00e1nu i \u0159ada <span class=\"highlight-E5id0 highlight-E5M\">v\u00fdrobc\u016f<\/span> <span class=\"highlight-query\">automobilov\u00fdch<\/span> d\u00edl\u016f z <span class=\"highlight-E0id2 highlight-E0M\">\u010ceska<\/span>. &#8218;A\u0165 u\u017e kovoobr\u00e1b\u011bn\u00ed, lit\u00ed, nebo plastov\u00e9 vst\u0159ikov\u00e1n\u00ed m\u00e1 z\u00e1jem orientovat se z <span class=\"highlight-query\">automobilov\u00e9ho<\/span> pr\u016fmyslu na zbrojn\u00ed pr\u016fmysl. Je to samoz\u0159ejm\u011b proto, \u017ee <span class=\"highlight-query\">automobilov\u00fd<\/span> pr\u016fmysl jde bohu\u017eel dol\u016f,&#8216; \u0159ekl <span class=\"highlight-E2id0 highlight-E2M\">Ji\u0159\u00ed<\/span> <span class=\"highlight-E2id0 highlight-E2M\">Hynek<\/span>, <span class=\"highlight-E5id1 highlight-E5M\">prezident<\/span> <span class=\"highlight-E1id0 highlight-E1M\">Asociace<\/span> <span class=\"highlight-E1id0 highlight-E1M\">obrann\u00e9ho<\/span> <span class=\"highlight-E1id0 highlight-E1M\">a<\/span> <span class=\"highlight-E1id0 highlight-E1M\">bezpe\u010dnostn\u00edho<\/span> <span class=\"highlight-E1id0 highlight-E1M\">pr\u016fmyslu<\/span> <span class=\"highlight-E1id0 highlight-E1M\">\u010cR<\/span>.<\/p>\n<p>Krom\u011b v\u00fdroby zbran\u00ed v <span class=\"highlight-E0id3 highlight-E0M\">Evrop\u011b<\/span> po\u010d\u00edt\u00e1 obrann\u00fd pl\u00e1n se spole\u010dn\u00fdmi n\u00e1kupy, v\u00fdhodn\u011bj\u0161\u00edmi p\u016fj\u010dkami a podporou <span class=\"highlight-E0id1 highlight-E0M\">Ukrajiny<\/span>. K tomu m\u00e1 dopomoci i revize jednomysln\u00e9ho hlasov\u00e1n\u00ed v <span class=\"highlight-E1id5 highlight-E1M\">Evropsk\u00e9<\/span> <span class=\"highlight-E1id5 highlight-E1M\">rad\u011b<\/span>. Nov\u011b by tak v ot\u00e1zk\u00e1ch obrany nemusel b\u00fdt pot\u0159eba souhlas <span class=\"highlight-E0id5 highlight-E0M\">Ma\u010farska<\/span>.<\/p>\n<p><strong>Zdroj: tn.cz<\/strong><\/p>\n","protected":false},"excerpt":{"rendered":"<p>Evropsk\u00e1 unie chce zbrojit a v\u011bt\u0161inu zbran\u00ed se chyst\u00e1 nakoupit v Evrop\u011b. Tento z\u00e1m\u011br zve\u0159ejnila&#8230;<\/p>\n","protected":false},"author":1,"featured_media":639,"comment_status":"closed","ping_status":"closed","sticky":false,"template":"","format":"standard","meta":{"footnotes":""},"categories":[18],"tags":[],"class_list":["post-11800","post","type-post","status-publish","format-standard","has-post-thumbnail","hentry","category-vyroba"],"_links":{"self":[{"href":"https:\/\/www.automakers.cz\/index.php?rest_route=\/wp\/v2\/posts\/11800","targetHints":{"allow":["GET"]}}],"collection":[{"href":"https:\/\/www.automakers.cz\/index.php?rest_route=\/wp\/v2\/posts"}],"about":[{"href":"https:\/\/www.automakers.cz\/index.php?rest_route=\/wp\/v2\/types\/post"}],"author":[{"embeddable":true,"href":"https:\/\/www.automakers.cz\/index.php?rest_route=\/wp\/v2\/users\/1"}],"replies":[{"embeddable":true,"href":"https:\/\/www.automakers.cz\/index.php?rest_route=%2Fwp%2Fv2%2Fcomments&post=11800"}],"version-history":[{"count":2,"href":"https:\/\/www.automakers.cz\/index.php?rest_route=\/wp\/v2\/posts\/11800\/revisions"}],"predecessor-version":[{"id":11802,"href":"https:\/\/www.automakers.cz\/index.php?rest_route=\/wp\/v2\/posts\/11800\/revisions\/11802"}],"wp:featuredmedia":[{"embeddable":true,"href":"https:\/\/www.automakers.cz\/index.php?rest_route=\/wp\/v2\/media\/639"}],"wp:attachment":[{"href":"https:\/\/www.automakers.cz\/index.php?rest_route=%2Fwp%2Fv2%2Fmedia&parent=11800"}],"wp:term":[{"taxonomy":"category","embeddable":true,"href":"https:\/\/www.automakers.cz\/index.php?rest_route=%2Fwp%2Fv2%2Fcategories&post=11800"},{"taxonomy":"post_tag","embeddable":true,"href":"https:\/\/www.automakers.cz\/index.php?rest_route=%2Fwp%2Fv2%2Ftags&post=11800"}],"curies":[{"name":"wp","href":"https:\/\/api.w.org\/{rel}","templated":true}]}}