{"id":11803,"date":"2025-03-20T08:08:28","date_gmt":"2025-03-20T08:08:28","guid":{"rendered":"https:\/\/www.automakers.cz\/?p=11803"},"modified":"2025-03-20T14:29:23","modified_gmt":"2025-03-20T14:29:23","slug":"volvo-predvedlo-es90-ve-voderadkach","status":"publish","type":"post","link":"https:\/\/www.automakers.cz\/?p=11803","title":{"rendered":"Volvo p\u0159edvedlo ES90 ve Vod\u011br\u00e1dk\u00e1ch"},"content":{"rendered":"<p><span style=\"font-family: Times New Roman, serif;\"><span style=\"font-size: medium;\"><strong><span style=\"color: #000000;\">Zna\u010dka <\/span><span style=\"color: #000000;\">Volvo <\/span><span style=\"color: #000000;\">p\u0159edvedla v \u010cesku <\/span><span style=\"color: #000000;\">elektr<\/span><span style=\"color: #000000;\">omobil<\/span> <span style=\"color: #000000;\">ES90, <\/span><span style=\"color: #000000;\">v\u016fz si odbyl svoji n\u00e1rodn\u00ed premi\u00e9ru <\/span><span style=\"color: #000000;\">na za\u010d\u00e1tku b\u0159ezna <\/span><\/strong><span style=\"color: #000000;\"><strong>ve Vod\u011br\u00e1dk\u00e1ch u \u0158\u00ed\u010dan. Novin\u00e1\u0159i nejprve absolvovali &#8222;Digital Launch Event&#8220;, pak pohovo\u0159ili mana\u017ee\u0159i importu. \u00a0<\/strong><br \/>\n<\/span><\/span><\/span><!--more--><\/p>\n<p>Volvo pou\u017eilo pro medi\u00e1ln\u00ed prezentaci sv\u016fj tradi\u010dn\u00ed mustr, kdy je nejprve novinka odprezentov\u00e1na online ze \u0160v\u00e9dska v r\u00e1mci <strong>&#8222;Digital Launch Event&#8220;<\/strong>, pot\u00e9 se vysv\u011btlov\u00e1n\u00ed detail\u016f ujmou lok\u00e1ln\u00ed mana\u017ee\u0159i.<\/p>\n<p><img loading=\"lazy\" decoding=\"async\" class=\"alignnone size-medium wp-image-11811\" src=\"http:\/\/www.automakers.cz\/wp-content\/uploads\/2025\/03\/Volvo-Heyna-Mazari-Voderadky-900x506.jpg\" alt=\"\" width=\"900\" height=\"506\" srcset=\"https:\/\/www.automakers.cz\/wp-content\/uploads\/2025\/03\/Volvo-Heyna-Mazari-Voderadky-900x506.jpg 900w, https:\/\/www.automakers.cz\/wp-content\/uploads\/2025\/03\/Volvo-Heyna-Mazari-Voderadky-1024x576.jpg 1024w, https:\/\/www.automakers.cz\/wp-content\/uploads\/2025\/03\/Volvo-Heyna-Mazari-Voderadky-768x432.jpg 768w, https:\/\/www.automakers.cz\/wp-content\/uploads\/2025\/03\/Volvo-Heyna-Mazari-Voderadky-1536x864.jpg 1536w, https:\/\/www.automakers.cz\/wp-content\/uploads\/2025\/03\/Volvo-Heyna-Mazari-Voderadky-1280x720.jpg 1280w, https:\/\/www.automakers.cz\/wp-content\/uploads\/2025\/03\/Volvo-Heyna-Mazari-Voderadky.jpg 2040w\" sizes=\"auto, (max-width: 900px) 100vw, 900px\" \/><strong>Novinku uvedla na trh \u0159editelka importu \u0160\u00e1rka Heyna Fuchsov\u00e1, pak nastoupil specialista zna\u010dky Martin Mazari.<\/strong><\/p>\n<p><img loading=\"lazy\" decoding=\"async\" class=\"alignnone size-medium wp-image-11806\" src=\"http:\/\/www.automakers.cz\/wp-content\/uploads\/2025\/03\/Volvo-ES-90-Digital-Launch-Event-900x506.jpg\" alt=\"\" width=\"900\" height=\"506\" srcset=\"https:\/\/www.automakers.cz\/wp-content\/uploads\/2025\/03\/Volvo-ES-90-Digital-Launch-Event-900x506.jpg 900w, https:\/\/www.automakers.cz\/wp-content\/uploads\/2025\/03\/Volvo-ES-90-Digital-Launch-Event-1024x576.jpg 1024w, https:\/\/www.automakers.cz\/wp-content\/uploads\/2025\/03\/Volvo-ES-90-Digital-Launch-Event-768x432.jpg 768w, https:\/\/www.automakers.cz\/wp-content\/uploads\/2025\/03\/Volvo-ES-90-Digital-Launch-Event-1536x864.jpg 1536w, https:\/\/www.automakers.cz\/wp-content\/uploads\/2025\/03\/Volvo-ES-90-Digital-Launch-Event-1280x720.jpg 1280w, https:\/\/www.automakers.cz\/wp-content\/uploads\/2025\/03\/Volvo-ES-90-Digital-Launch-Event.jpg 2040w\" sizes=\"auto, (max-width: 900px) 100vw, 900px\" \/><\/p>\n<p><span style=\"font-family: Times New Roman, serif;\"><span style=\"font-size: medium;\"><span style=\"color: #000000;\"><strong>Model ES 90<\/strong> je kombinac\u00ed sedanu, SUV a fastbacku, <\/span><span style=\"color: #000000;\">v\u00fdrobce slibuje <\/span><span style=\"color: #000000;\">del\u0161\u00ed dojezd a rychlej\u0161\u00ed nab\u00edjen\u00ed ne\u017e <\/span><span style=\"color: #000000;\">u <\/span><span style=\"color: #000000;\">kter<\/span><span style=\"color: #000000;\">\u00e9hokoli<\/span> <span style=\"color: #000000;\">p<\/span><span style=\"color: #000000;\">\u0159edchoz\u00ed<\/span><span style=\"color: #000000;\">ho<\/span><span style=\"color: #000000;\"> elektr<\/span><span style=\"color: #000000;\">omobilu zna\u010dky. <\/span><\/span><\/span>Vod\u011br\u00e1dky nab\u00eddly novin\u00e1\u0159\u016fm p\u011btikilometrov\u00fd<strong> testovac\u00ed okruh<\/strong> pro zku\u0161ebn\u00ed j\u00edzdu.<\/p>\n<p><img loading=\"lazy\" decoding=\"async\" class=\"alignnone size-medium wp-image-11807\" src=\"http:\/\/www.automakers.cz\/wp-content\/uploads\/2025\/03\/Volvo-ES90-Voderadky-stan-teepee-900x506.jpg\" alt=\"\" width=\"900\" height=\"506\" srcset=\"https:\/\/www.automakers.cz\/wp-content\/uploads\/2025\/03\/Volvo-ES90-Voderadky-stan-teepee-900x506.jpg 900w, https:\/\/www.automakers.cz\/wp-content\/uploads\/2025\/03\/Volvo-ES90-Voderadky-stan-teepee-1024x576.jpg 1024w, https:\/\/www.automakers.cz\/wp-content\/uploads\/2025\/03\/Volvo-ES90-Voderadky-stan-teepee-768x432.jpg 768w, https:\/\/www.automakers.cz\/wp-content\/uploads\/2025\/03\/Volvo-ES90-Voderadky-stan-teepee-1536x864.jpg 1536w, https:\/\/www.automakers.cz\/wp-content\/uploads\/2025\/03\/Volvo-ES90-Voderadky-stan-teepee-1280x720.jpg 1280w, https:\/\/www.automakers.cz\/wp-content\/uploads\/2025\/03\/Volvo-ES90-Voderadky-stan-teepee.jpg 2040w\" sizes=\"auto, (max-width: 900px) 100vw, 900px\" \/><span style=\"font-family: Times New Roman, serif;\"><span style=\"font-size: medium;\"><span style=\"color: #000000;\">\u201eP\u0159i nab\u00edjen\u00ed na stanic\u00edch pro rychl\u00e9 nab\u00edjen\u00ed v\u00fdkonem 350 kW m\u016f\u017ee ES90 z\u00edskat dal\u0161\u00edch 300 km dojezdu b\u011bhem 10 minut, p\u0159i\u010dem\u017e nab\u00edz\u00ed v souladu s testov\u00e1n\u00edm dle metodiky WLTP dojezd a\u017e 700 kilometr\u016f,\u201c <\/span><span style=\"color: #000000;\">uvedl Martin Mazari.<\/span><\/span><\/span><\/p>\n<p><span style=\"font-family: Times New Roman, serif;\"><span style=\"font-size: medium;\"><span style=\"color: #000000;\">Zaj\u00edmavost\u00ed je \u010dty\u0159z\u00f3nov\u00e1 klimatizace s pokro\u010dil\u00fdm \u010di\u0161t\u011bn\u00edm vzduchu s certifikac\u00ed pro astmatiky a alergiky. Tento syst\u00e9m \u00fadajn\u011b dok\u00e1\u017ee zabr\u00e1nit prostoupen\u00ed a\u017e 95 procent zdrav\u00ed \u0161kodliv\u00fdch \u010d\u00e1ste\u010dek a sou\u010dasn\u011b odstranit ze vzduchu nas\u00e1van\u00e9ho do kabiny a\u017e 99,9 procent alergen\u016f, trav, strom\u016f a pyl\u016f. <\/span><\/span><\/span><\/p>\n<p><span style=\"font-family: Times New Roman, serif;\"><span style=\"font-size: medium;\"><span style=\"color: #000000;\"><strong>Cen\u00edk vozu<\/strong> je ale tak\u00e9 pr\u00e9miov\u00fd, za\u010d\u00edn\u00e1 na 1769 900 korun\u00e1ch, za nabitou verzi je t\u0159eba zaplatit kolem 2 milion\u016f korun.<\/span><\/span><\/span><\/p>\n<p><strong>Erich Handl, Vod\u011br\u00e1dky, FOTO: autor<\/strong><\/p>\n<p><img loading=\"lazy\" decoding=\"async\" class=\"alignnone size-medium wp-image-11805\" src=\"http:\/\/www.automakers.cz\/wp-content\/uploads\/2025\/03\/Volvo-ES-90-Voderadky-parkoviste-900x506.jpg\" alt=\"\" width=\"900\" height=\"506\" srcset=\"https:\/\/www.automakers.cz\/wp-content\/uploads\/2025\/03\/Volvo-ES-90-Voderadky-parkoviste-900x506.jpg 900w, https:\/\/www.automakers.cz\/wp-content\/uploads\/2025\/03\/Volvo-ES-90-Voderadky-parkoviste-1024x576.jpg 1024w, https:\/\/www.automakers.cz\/wp-content\/uploads\/2025\/03\/Volvo-ES-90-Voderadky-parkoviste-768x432.jpg 768w, https:\/\/www.automakers.cz\/wp-content\/uploads\/2025\/03\/Volvo-ES-90-Voderadky-parkoviste-1536x864.jpg 1536w, https:\/\/www.automakers.cz\/wp-content\/uploads\/2025\/03\/Volvo-ES-90-Voderadky-parkoviste-1280x720.jpg 1280w, https:\/\/www.automakers.cz\/wp-content\/uploads\/2025\/03\/Volvo-ES-90-Voderadky-parkoviste.jpg 2040w\" sizes=\"auto, (max-width: 900px) 100vw, 900px\" \/><\/p>\n","protected":false},"excerpt":{"rendered":"<p>Zna\u010dka Volvo p\u0159edvedla v \u010cesku elektromobil ES90, v\u016fz si odbyl svoji n\u00e1rodn\u00ed premi\u00e9ru na za\u010d\u00e1tku&#8230;<\/p>\n","protected":false},"author":1,"featured_media":11517,"comment_status":"closed","ping_status":"closed","sticky":false,"template":"","format":"standard","meta":{"footnotes":""},"categories":[9,12,20],"tags":[],"class_list":["post-11803","post","type-post","status-publish","format-standard","has-post-thumbnail","hentry","category-elektromobily","category-premiery","category-tiskovky"],"_links":{"self":[{"href":"https:\/\/www.automakers.cz\/index.php?rest_route=\/wp\/v2\/posts\/11803","targetHints":{"allow":["GET"]}}],"collection":[{"href":"https:\/\/www.automakers.cz\/index.php?rest_route=\/wp\/v2\/posts"}],"about":[{"href":"https:\/\/www.automakers.cz\/index.php?rest_route=\/wp\/v2\/types\/post"}],"author":[{"embeddable":true,"href":"https:\/\/www.automakers.cz\/index.php?rest_route=\/wp\/v2\/users\/1"}],"replies":[{"embeddable":true,"href":"https:\/\/www.automakers.cz\/index.php?rest_route=%2Fwp%2Fv2%2Fcomments&post=11803"}],"version-history":[{"count":8,"href":"https:\/\/www.automakers.cz\/index.php?rest_route=\/wp\/v2\/posts\/11803\/revisions"}],"predecessor-version":[{"id":11836,"href":"https:\/\/www.automakers.cz\/index.php?rest_route=\/wp\/v2\/posts\/11803\/revisions\/11836"}],"wp:featuredmedia":[{"embeddable":true,"href":"https:\/\/www.automakers.cz\/index.php?rest_route=\/wp\/v2\/media\/11517"}],"wp:attachment":[{"href":"https:\/\/www.automakers.cz\/index.php?rest_route=%2Fwp%2Fv2%2Fmedia&parent=11803"}],"wp:term":[{"taxonomy":"category","embeddable":true,"href":"https:\/\/www.automakers.cz\/index.php?rest_route=%2Fwp%2Fv2%2Fcategories&post=11803"},{"taxonomy":"post_tag","embeddable":true,"href":"https:\/\/www.automakers.cz\/index.php?rest_route=%2Fwp%2Fv2%2Ftags&post=11803"}],"curies":[{"name":"wp","href":"https:\/\/api.w.org\/{rel}","templated":true}]}}