{"id":11818,"date":"2025-03-20T10:38:39","date_gmt":"2025-03-20T10:38:39","guid":{"rendered":"https:\/\/www.automakers.cz\/?p=11818"},"modified":"2025-03-20T10:40:03","modified_gmt":"2025-03-20T10:40:03","slug":"brose-si-pronajalo-halu-v-ostrava-airport-parku","status":"publish","type":"post","link":"https:\/\/www.automakers.cz\/?p=11818","title":{"rendered":"Brose naj\u00edm\u00e1 halu v Ostrava Airport Parku"},"content":{"rendered":"<p><strong>D<span class=\"highlight-E5id1 highlight-E5M\">odavatel<\/span> pro autopr\u016fmysl <span class=\"highlight-query\">Brose<\/span> si v r\u00e1mci druh\u00e9 etapy v\u00fdstavby <span class=\"highlight-E0id10 highlight-E0M\">Ostrava<\/span> <span class=\"highlight-E3id0 highlight-E3M\">Airport<\/span> Multimodal Park (OAMP) u Leti\u0161t\u011b <span class=\"highlight-E2id0 highlight-E2M\">Leo\u0161e<\/span> <span class=\"highlight-E2id0 highlight-E2M\">Jan\u00e1\u010dka<\/span> v <span class=\"highlight-E0id6 highlight-E0M\">Mo\u0161nov\u011b<\/span> pronajal halu D. Jedn\u00e1 se o 12 000 metr\u016f \u010dtvere\u010dn\u00edch industri\u00e1ln\u00edch prostor a 1500 metr\u016f \u010dtvere\u010dn\u00edch kancel\u00e1\u0159\u00ed.<\/strong><!--more--><\/p>\n<p><span class=\"highlight-query\">Brose<\/span> bude ve sv\u00e9m nov\u00e9m z\u00e1vod\u011b v <span class=\"highlight-E0id6 highlight-E0M\">Mo\u0161nov\u011b<\/span> vyr\u00e1b\u011bt konstrukce sedadel pro r\u016fzn\u00e9 <span class=\"highlight-E5id3 highlight-E5M\">v\u00fdrobce<\/span> automobil\u016f od z\u00e1\u0159\u00ed leto\u0161n\u00edho roku, p\u00ed\u0161e Filip Hubi\u010dka na port\u00e1le Syst\u00e9my logistiky.<\/p>\n<p>\u201e V <span class=\"highlight-E0id1 highlight-E0M\">\u010cesk\u00e9<\/span> <span class=\"highlight-E0id1 highlight-E0M\">republice<\/span> p\u016fsob\u00edme ji\u017e v\u00edce ne\u017e 20 let a v na\u0161ich z\u00e1vodech v <span class=\"highlight-E0id11 highlight-E0M\">Kop\u0159ivnici<\/span> a <span class=\"highlight-E0id4 highlight-E0M\">Ro\u017enov\u011b<\/span> a v ostravsk\u00e9 pobo\u010dce zam\u011bstn\u00e1v\u00e1me p\u0159ibli\u017en\u011b 2990 <span class=\"highlight-E5id0 highlight-E5M\">lid\u00ed<\/span>. Jsem r\u00e1d, \u017ee nyn\u00ed op\u011bt roz\u0161i\u0159ujeme na\u0161e kapacity a nad\u00e1le vyu\u017e\u00edv\u00e1me v\u00fdhod ostravsk\u00e9ho regionu. Sou\u010d\u00e1st\u00ed z\u00e1vodu v <span class=\"highlight-E0id6 highlight-E0M\">Mo\u0161nov\u011b<\/span> bude nejen rozs\u00e1hl\u00e9 v\u00fdrobn\u00ed z\u00e1zem\u00ed, ale tak\u00e9 testovac\u00ed a v\u00fdvojov\u00e9 odd\u011blen\u00ed a soci\u00e1ln\u00ed z\u00e1zem\u00ed pro na\u0161e <span class=\"highlight-E5id5 highlight-E5M\">zam\u011bstnance<\/span>, \u201c vysv\u011btluje Niclas Pf\u00fcller, <span class=\"highlight-E5id6 highlight-E5M\">jednatel<\/span> <span class=\"highlight-query\">Brose<\/span> <span class=\"highlight-E0id1 highlight-E0M\">\u010cesk\u00e1<\/span> <span class=\"highlight-E0id1 highlight-E0M\">republika<\/span>.<\/p>\n<p><strong>Multimod\u00e1ln\u00ed park u leti\u0161t\u011b i d\u00e1lnic<\/strong><\/p>\n<p><span class=\"highlight-E0id10 highlight-E0M\">Ostrava<\/span> <span class=\"highlight-E3id0 highlight-E3M\">Airport<\/span> Multimodal Park (OAMP) se nach\u00e1z\u00ed v t\u011bsn\u00e9 bl\u00edzkosti Leti\u0161t\u011b <span class=\"highlight-E2id0 highlight-E2M\">Leo\u0161e<\/span> <span class=\"highlight-E2id0 highlight-E2M\">Jan\u00e1\u010dka<\/span> a soukrom\u00e9 \u017eelezni\u010dn\u00ed vle\u010dky. M\u00e1 tak\u00e9 napojen\u00ed na <span class=\"highlight-E0id8 highlight-E0M\">d\u00e1lnice<\/span> <span class=\"highlight-E0id8 highlight-E0M\">D1<\/span>, <span class=\"highlight-E0id7 highlight-E0M\">D48<\/span> a <span class=\"highlight-E0id3 highlight-E0M\">D56<\/span>.<\/p>\n<p>\u201e Na\u0161i n\u00e1jemci oce\u0148uj\u00ed p\u0159edev\u0161\u00edm kombinaci dopravn\u00edho spojen\u00ed \u2013 leteck\u00e9, \u017eelezni\u010dn\u00ed a silni\u010dn\u00ed dopravy. Je tomu tak i v p\u0159\u00edpad\u011b <span class=\"highlight-query\">Brose<\/span>, kter\u00e9 bude z <span class=\"highlight-E0id11 highlight-E0M\">Kop\u0159ivnice<\/span> a z <span class=\"highlight-E0id6 highlight-E0M\">Mo\u0161nova<\/span> z\u00e1sobovat automobilky p\u016fsob\u00edc\u00ed jak v <span class=\"highlight-E0id1 highlight-E0M\">\u010cech\u00e1ch<\/span>, tak na <span class=\"highlight-E0id0 highlight-E0M\">Slovensku<\/span>, \u0159\u00edk\u00e1 Tom\u00e1\u0161 Novotn\u00fd, <span class=\"highlight-E5id2 highlight-E5M\">v\u00fdkonn\u00fd<\/span> <span class=\"highlight-E5id2 highlight-E5M\">\u0159editel<\/span> developersk\u00e9 firmy <span class=\"highlight-E1id0 highlight-E1M\">Concens<\/span> <span class=\"highlight-E1id0 highlight-E1M\">Investments<\/span>, podle n\u011bho\u017e je are\u00e1l OAMP vhodn\u00fd pro v\u00fdrobn\u00ed spole\u010dnosti s vysok\u00fdmi po\u017eadavky na technickou odbornost <span class=\"highlight-E5id5 highlight-E5M\">zam\u011bstnanc\u016f<\/span>.<\/p>\n<p>Prob\u00edhaj\u00edc\u00ed v\u00fdstavba druh\u00e1 f\u00e1ze v\u00fdstavby pr\u016fmyslov\u00e9ho parku OAMP zahrnuje \u010dty\u0159i haly vhodn\u00e9 pro logistiku a lehkou v\u00fdrobu. Are\u00e1l c\u00edl\u00ed na z\u00edsk\u00e1n\u00ed mezin\u00e1rodn\u00ed environment\u00e1ln\u00ed certifikace BREEAM na \u00farovni Very <span class=\"highlight-E1id3 highlight-E1M\">Good<\/span>. Velk\u00fd d\u016fraz je kladen na energetickou efektivitu provozu komer\u010dn\u00edch nemovitost\u00ed, a tak jejich sou\u010d\u00e1st\u00ed bude instalace st\u0159e\u0161n\u00edch fotovoltaick\u00fdch panel\u016f, LED osv\u011btlen\u00ed v interi\u00e9ru a diskutuj\u00ed se tak\u00e9 alternativn\u00ed zdroje vyt\u00e1p\u011bn\u00ed v podob\u011b p\u0159\u00edpravy pro tepeln\u00e1 \u010derpadla, kter\u00e1 by mohla nahradit b\u011b\u017en\u00e9 plynov\u00e9 vyt\u00e1p\u011bn\u00ed.<\/p>\n<p>P\u016fsoben\u00ed <span class=\"highlight-E1id0 highlight-E1M\">Concens<\/span> <span class=\"highlight-E1id0 highlight-E1M\">Investments<\/span> v <span class=\"highlight-E0id6 highlight-E0M\">Mo\u0161nov\u011b<\/span> lze rozd\u011blit do \u010dty\u0159ech etap: 1. etapa \u2013 realizovan\u00e1 v\u00fdstavba (\u010dty\u0159i haly) Urbanity Campus <span class=\"highlight-E0id5 highlight-E0M\">Tachov<\/span> obdr\u017eel cenu <span class=\"highlight-E1id1 highlight-E1M\">Ministerstva<\/span> <span class=\"highlight-E1id1 highlight-E1M\">pr\u016fmyslu<\/span> <span class=\"highlight-E1id1 highlight-E1M\">a<\/span> <span class=\"highlight-E1id1 highlight-E1M\">obchodu<\/span> <span class=\"highlight-E1id1 highlight-E1M\">\u010cR<\/span> <span class=\"highlight-E5id4 highlight-E5M\">Developer<\/span> zah\u00e1jil v roce 2018 v\u00fdstavbu <span class=\"highlight-E0id10 highlight-E0M\">Ostrava<\/span> <span class=\"highlight-E3id0 highlight-E3M\">Airport<\/span> Multimodal Park v <span class=\"highlight-E0id10 highlight-E0M\">Ostrav\u011b<\/span> <span class=\"highlight-E0id6 highlight-E0M\">Mo\u0161nov\u011b<\/span>, kter\u00fd dnes \u010d\u00edt\u00e1 138 000 metr\u016f \u010dtvere\u010dn\u00edch industri\u00e1ln\u00edch nemovitost\u00ed a kter\u00e9 jsou pronajaty p\u0159edn\u00edm logistick\u00fdm a v\u00fdrobn\u00edm spole\u010dnostem. V roce 2021 byla \u010d\u00e1st tohoto are\u00e1lu spolu s v\u00fdrobn\u00edm parkem v <span class=\"highlight-E0id9 highlight-E0M\">No\u0161ovic\u00edch<\/span> prod\u00e1na americk\u00e9mu realitn\u00edmu investi\u010dn\u00edmu fondu EQT <span class=\"highlight-E0id2 highlight-E0M\">Exeter<\/span>. 2. etapa \u2013 prob\u00edhaj\u00edc\u00ed v\u00fdstavba (\u010dty\u0159i haly) V\u00fdstavba haly D \u2013 stav v \u00fanoru 2025.<\/p>\n<p>Na ja\u0159e roku 2024 zah\u00e1jila <span class=\"highlight-E1id0 highlight-E1M\">Concens<\/span> <span class=\"highlight-E1id0 highlight-E1M\">Investments<\/span> v <span class=\"highlight-E0id6 highlight-E0M\">Mo\u0161nov\u011b<\/span> v\u00fdstavbu II. f\u00e1ze <span class=\"highlight-E0id10 highlight-E0M\">Ostrava<\/span> <span class=\"highlight-E3id0 highlight-E3M\">Airport<\/span> Multimodal <span class=\"highlight-E3id1 highlight-E3M\">Parku<\/span>, kter\u00e1 zahrnuje 120 000 metr\u016f \u010dtvere\u010dn\u00edch komer\u010dn\u00edch ploch t\u0159\u00eddy A. Jedn\u00e1 se o \u010dty\u0159i haly vhodn\u00e9 pro logistiku a lehkou v\u00fdrobu. 3. etapa \u2013 ned\u00e1vno zah\u00e1jen\u00e1 v\u00fdstavba (t\u0159i haly pro <span class=\"highlight-E1id2 highlight-E4id0 highlight-E1M highlight-E4M\">BMW<\/span> <span class=\"highlight-E4id0 highlight-E1id2 highlight-E4M highlight-E1M\">Group<\/span>) Sou\u010d\u00e1st\u00ed projektu je vybudov\u00e1n\u00ed ve\u0161ker\u00fdch p\u0159\u00edstupov\u00fdch komunikac\u00ed ke stavebn\u00edmu pozemku a \u017eelezni\u010dn\u00edho termin\u00e1lu. 4. etapa \u2013 p\u0159ipravovan\u00e1 v\u00fdstavba (jedna hala) Na pozemku o rozloze 155 000 metr\u016f \u010dtvere\u010dn\u00edch je pl\u00e1nov\u00e1na v\u00fdstavba industri\u00e1ln\u00ed haly o plo\u0161e 97 500 metr\u016f \u010dtvere\u010dn\u00edch, kter\u00e1 m\u00e1 stavebn\u00ed povolen\u00ed k realizaci. Celkov\u00e1 plocha are\u00e1lu <span class=\"highlight-E0id10 highlight-E0M\">Ostrava<\/span> <span class=\"highlight-E3id0 highlight-E3M\">Airport<\/span> Multimodal Park m\u016f\u017ee v nejbli\u017e\u0161\u00edch letech p\u0159es\u00e1hnout rozlohu 550 000 metr\u016f \u010dtvere\u010dn\u00edch pronaj\u00edmateln\u00fdch komer\u010dn\u00edch ploch.<\/p>\n<p><strong>Zdroj: Filip Hubi\u010dka Foto: <span class=\"highlight-E1id0 highlight-E1M\">Concens<\/span> <span class=\"highlight-E1id0 highlight-E1M\">Investments<\/span><\/strong><\/p>\n","protected":false},"excerpt":{"rendered":"<p>Dodavatel pro autopr\u016fmysl Brose si v r\u00e1mci druh\u00e9 etapy v\u00fdstavby Ostrava Airport Multimodal Park (OAMP)&#8230;<\/p>\n","protected":false},"author":1,"featured_media":11819,"comment_status":"closed","ping_status":"closed","sticky":false,"template":"","format":"standard","meta":{"footnotes":""},"categories":[23,43],"tags":[],"class_list":["post-11818","post","type-post","status-publish","format-standard","has-post-thumbnail","hentry","category-dodavatele","category-logistika"],"_links":{"self":[{"href":"https:\/\/www.automakers.cz\/index.php?rest_route=\/wp\/v2\/posts\/11818","targetHints":{"allow":["GET"]}}],"collection":[{"href":"https:\/\/www.automakers.cz\/index.php?rest_route=\/wp\/v2\/posts"}],"about":[{"href":"https:\/\/www.automakers.cz\/index.php?rest_route=\/wp\/v2\/types\/post"}],"author":[{"embeddable":true,"href":"https:\/\/www.automakers.cz\/index.php?rest_route=\/wp\/v2\/users\/1"}],"replies":[{"embeddable":true,"href":"https:\/\/www.automakers.cz\/index.php?rest_route=%2Fwp%2Fv2%2Fcomments&post=11818"}],"version-history":[{"count":5,"href":"https:\/\/www.automakers.cz\/index.php?rest_route=\/wp\/v2\/posts\/11818\/revisions"}],"predecessor-version":[{"id":11824,"href":"https:\/\/www.automakers.cz\/index.php?rest_route=\/wp\/v2\/posts\/11818\/revisions\/11824"}],"wp:featuredmedia":[{"embeddable":true,"href":"https:\/\/www.automakers.cz\/index.php?rest_route=\/wp\/v2\/media\/11819"}],"wp:attachment":[{"href":"https:\/\/www.automakers.cz\/index.php?rest_route=%2Fwp%2Fv2%2Fmedia&parent=11818"}],"wp:term":[{"taxonomy":"category","embeddable":true,"href":"https:\/\/www.automakers.cz\/index.php?rest_route=%2Fwp%2Fv2%2Fcategories&post=11818"},{"taxonomy":"post_tag","embeddable":true,"href":"https:\/\/www.automakers.cz\/index.php?rest_route=%2Fwp%2Fv2%2Ftags&post=11818"}],"curies":[{"name":"wp","href":"https:\/\/api.w.org\/{rel}","templated":true}]}}