{"id":1183,"date":"2024-01-02T10:44:06","date_gmt":"2024-01-02T10:44:06","guid":{"rendered":"https:\/\/www.automakers.cz\/?p=1183"},"modified":"2024-01-02T10:44:06","modified_gmt":"2024-01-02T10:44:06","slug":"cinsky-byd-postavi-v-madarsku-tovarnu","status":"publish","type":"post","link":"https:\/\/www.automakers.cz\/?p=1183","title":{"rendered":"\u010c\u00ednsk\u00fd BYD\u00a0postav\u00ed v\u00a0Ma\u010farsku tov\u00e1rnu"},"content":{"rendered":"<p><strong><span style=\"font-family: Times New Roman, serif;\">\u010c\u00ednsk\u00fd v\u00fdrobce elektromobil\u016f BYD postav\u00ed v Ma\u010farsku svou prvn\u00ed evropskou tov\u00e1rnu na osobn\u00ed vozy. Z\u00e1vod ve m\u011bst\u011b Szeged by m\u011bl vytvo\u0159it tis\u00edce nov\u00fdch pracovn\u00edch m\u00edst.<\/span><\/strong><!--more--><\/p>\n<p><span style=\"font-family: Times New Roman, serif;\"> <span style=\"color: #000000;\"><span style=\"font-size: medium;\">\u00dadaj o hodnot\u011b investice automobilka ve sv\u00e9 zpr\u00e1v\u011b neposkytla. Ma\u010farsk\u00fd <\/span><\/span>ministr zahrani\u010d\u00ed P\u00e9ter Szijj\u00e1rt\u00f3 <span style=\"color: #000000;\"><span style=\"font-size: medium;\">projekt ozna\u010dil za jednu z nejv\u011bt\u0161\u00edch investic v historii ma\u010farsk\u00e9 ekonomiky. <\/span><\/span><\/span><\/p>\n<p><span style=\"font-family: Times New Roman, serif;\"><span style=\"color: #000000;\"><span style=\"font-size: medium;\">Dodal, \u017ee <\/span><\/span>ma\u010farsk\u00e1 vl\u00e1da <span style=\"color: #000000;\"><span style=\"font-size: medium;\">poskytne \u010d\u00ednsk\u00e9 firm\u011b finan\u010dn\u00ed pob\u00eddky pro v\u00fdstavbu tov\u00e1rny, o kter\u00fdch kabinet zve\u0159ejn\u00ed podrobnosti pozd\u011bji.<\/span><\/span> <\/span><\/p>\n","protected":false},"excerpt":{"rendered":"<p>\u010c\u00ednsk\u00fd v\u00fdrobce elektromobil\u016f BYD postav\u00ed v Ma\u010farsku svou prvn\u00ed evropskou tov\u00e1rnu na osobn\u00ed vozy. Z\u00e1vod&#8230;<\/p>\n","protected":false},"author":1,"featured_media":1037,"comment_status":"open","ping_status":"open","sticky":false,"template":"","format":"standard","meta":{"footnotes":""},"categories":[9,3],"tags":[],"class_list":["post-1183","post","type-post","status-publish","format-standard","has-post-thumbnail","hentry","category-elektromobily","category-investice"],"_links":{"self":[{"href":"https:\/\/www.automakers.cz\/index.php?rest_route=\/wp\/v2\/posts\/1183","targetHints":{"allow":["GET"]}}],"collection":[{"href":"https:\/\/www.automakers.cz\/index.php?rest_route=\/wp\/v2\/posts"}],"about":[{"href":"https:\/\/www.automakers.cz\/index.php?rest_route=\/wp\/v2\/types\/post"}],"author":[{"embeddable":true,"href":"https:\/\/www.automakers.cz\/index.php?rest_route=\/wp\/v2\/users\/1"}],"replies":[{"embeddable":true,"href":"https:\/\/www.automakers.cz\/index.php?rest_route=%2Fwp%2Fv2%2Fcomments&post=1183"}],"version-history":[{"count":1,"href":"https:\/\/www.automakers.cz\/index.php?rest_route=\/wp\/v2\/posts\/1183\/revisions"}],"predecessor-version":[{"id":1184,"href":"https:\/\/www.automakers.cz\/index.php?rest_route=\/wp\/v2\/posts\/1183\/revisions\/1184"}],"wp:featuredmedia":[{"embeddable":true,"href":"https:\/\/www.automakers.cz\/index.php?rest_route=\/wp\/v2\/media\/1037"}],"wp:attachment":[{"href":"https:\/\/www.automakers.cz\/index.php?rest_route=%2Fwp%2Fv2%2Fmedia&parent=1183"}],"wp:term":[{"taxonomy":"category","embeddable":true,"href":"https:\/\/www.automakers.cz\/index.php?rest_route=%2Fwp%2Fv2%2Fcategories&post=1183"},{"taxonomy":"post_tag","embeddable":true,"href":"https:\/\/www.automakers.cz\/index.php?rest_route=%2Fwp%2Fv2%2Ftags&post=1183"}],"curies":[{"name":"wp","href":"https:\/\/api.w.org\/{rel}","templated":true}]}}