{"id":11876,"date":"2025-03-24T08:02:01","date_gmt":"2025-03-24T08:02:01","guid":{"rendered":"https:\/\/www.automakers.cz\/?p=11876"},"modified":"2025-03-24T08:02:52","modified_gmt":"2025-03-24T08:02:52","slug":"kupka-predvedl-system-chytre-dopravy-c-its","status":"publish","type":"post","link":"https:\/\/www.automakers.cz\/?p=11876","title":{"rendered":"Kupka p\u0159edvedl v Rudn\u00e9 syst\u00e9m chytr\u00e9 dopravy C-ITS"},"content":{"rendered":"<p class=\"v1MsoNormal\"><strong>Za \u00fa\u010dasti ministra dopravy \u010cR, Martina Kupky a gener\u00e1ln\u00edho \u0159editele \u0158SD, Radka M\u00e1tla prob\u011bhla v p\u00e1tek 21. b\u0159ezna v prostor\u00e1ch \u0158editelstv\u00ed silnic a d\u00e1lnic v Rudn\u00e9 u Prahy<i>\u00a0<\/i>tiskov\u00e1 konference, v\u011bnovan\u00e1 budoucnosti dopravy na \u010desk\u00fdch silnic\u00edch a vyu\u017e\u00edv\u00e1n\u00ed syst\u00e9m\u016f C-ITS.<\/strong><!--more--><\/p>\n<p class=\"v1MsoNormal\">Za zkratkou C-ITS (Cooperative Intelligent Transport Systems),<b>\u00a0<\/b>se skr\u00fdv\u00e1 ozna\u010den\u00ed pro Kooperativn\u00ed inteligentn\u00ed dopravn\u00ed syst\u00e9my, kter\u00e9 jsou zalo\u017eeny na\u00a0vz\u00e1jemn\u00e9 komunikaci\u00a0(V2X), tj. mezi\u00a0vozidlem a infrastrukturou\u00a0(V2I), pop\u0159. mezi\u00a0vozidly navz\u00e1jem\u00a0(V2V). V r\u00e1mci t\u00e9to komunikace doch\u00e1z\u00ed k\u00a0obousm\u011brn\u00e9 v\u00fdm\u011bn\u011b dat\u00a0za \u00fa\u010delem zv\u00fd\u0161en\u00ed bezpe\u010dnosti a plynulosti dopravy, a sou\u010dasn\u011b sni\u017eov\u00e1n\u00ed jej\u00edch negativn\u00edch vliv\u016f na \u017eivotn\u00ed prost\u0159ed\u00ed.<\/p>\n<p class=\"v1MsoNormal\"><b>Vz\u00e1jemn\u00e1 komunikace vozidel<\/b><\/p>\n<p class=\"v1MsoNormal\">V\u00a0praxi se jedn\u00e1 se o mezin\u00e1rodn\u011b standardizovanou technologii, t\u00fdkaj\u00edc\u00ed se obsahu zpr\u00e1v i slu\u017eeb, kter\u00e9 p\u0159edstavuj\u00ed \u201echytrou\u201c dopravu budoucnosti, funguj\u00edc\u00ed u\u017e dnes na n\u011bkter\u00fdch \u010desk\u00fdch d\u00e1lnic\u00edch. O kooperativn\u00edch syst\u00e9mech se v \u010cesku za\u010dalo hovo\u0159it u\u017e v roce 2015 v r\u00e1mci evropsk\u00e9 iniciativy C-Roads Platform, kter\u00e1 se zam\u011b\u0159uje na sjednocen\u00ed standard\u016f a p\u0159enositelnost C-ITS slu\u017eeb v cel\u00e9 EU.<\/p>\n<p class=\"v1MsoNormal\"><b>Krok k\u00a0autonomn\u00ed mobilit\u011b<\/b><\/p>\n<p class=\"v1MsoNormal\">C-ITS p\u0159edstavuje nejen nezbytn\u00fd krok k\u00a0autonomn\u00ed mobilit\u011b, ale u\u017e dnes p\u0159in\u00e1\u0161\u00ed v\u00fdhody pro \u0159idi\u010de i\u00a0spr\u00e1vce silnic. Je nesporn\u00e9, \u017ee jeho v\u00fdznam v\u00a0doprav\u011b roste v\u00a0cel\u00e9 Evrop\u011b a bude r\u016fst i u n\u00e1s. N\u00e1rodn\u00ed koordin\u00e1tor, Ministerstvo dopravy \u010cR, je aktivn\u00edm \u010dlenem t\u00e9to platformy a pod\u00edl\u00ed se na rozvoji a zav\u00e1d\u011bn\u00ed t\u011bchto inovativn\u00edch technologi\u00ed v \u010cesku. \u010cesk\u00e1 republika se zapojila do projekt\u016f C-Roads Czech Republic, C-Roads Austria a C-Roads Extended, v jejich\u017e r\u00e1mci postupn\u011b realizuje a testuje d\u00edl\u010d\u00ed projekty na \u010desk\u00fdch silnic\u00edch i \u017eeleznic\u00edch.<\/p>\n<p class=\"v1MsoNormal\">Syst\u00e9m C-ITS, kter\u00fd rozvij\u00ed Ministerstvo dopravy \u010cR ve spolupr\u00e1ci s \u0158editelstv\u00edm silnic a d\u00e1lnic a projektov\u00fdmi partnery, nyn\u00ed vstupuje do dal\u0161\u00ed kl\u00ed\u010dov\u00e9 f\u00e1ze, kter\u00e1 p\u0159ibl\u00ed\u017e\u00ed jeho pln\u00e9 nasazen\u00ed do praxe, d\u00edky n\u00ed\u017e se \u010cesk\u00e1 republika st\u00e1v\u00e1 sou\u010d\u00e1st\u00ed modern\u00ed dopravn\u00ed s\u00edt\u011b, kter\u00e1 chr\u00e1n\u00ed \u017eivoty, ale tak\u00e9 zaji\u0161\u0165uje plynulej\u0161\u00ed provoz a\u00a0lep\u0161\u00ed vyu\u017eit\u00ed dopravn\u00ed infrastruktury.<\/p>\n<p class=\"v1MsoNormal\"><i>\u201eChytr\u00e9 technologie v doprav\u011b nejsou hudbou budoucnosti, ale realitou, kter\u00e1 u\u017e dnes pom\u00e1h\u00e1 zachra\u0148ovat \u017eivoty. Syst\u00e9m C-ITS p\u0159in\u00e1\u0161\u00ed \u010desk\u00fdm \u0159idi\u010d\u016fm v\u010dasn\u00e1 varov\u00e1n\u00ed o nebezpe\u010dn\u00fdch situac\u00edch, co\u017e p\u0159isp\u00edv\u00e1 ke sn\u00ed\u017een\u00ed nehodovosti. Chceme, aby se \u010cesk\u00e1 republika stala l\u00eddrem v zav\u00e1d\u011bn\u00ed t\u011bchto inovac\u00ed a nab\u00edzela \u0159idi\u010d\u016fm bezpe\u010dn\u011bj\u0161\u00ed a plynulej\u0161\u00ed cestov\u00e1n\u00ed,\u201c<\/i>\u00a0uvedl p\u0159i prezentaci syst\u00e9mu ministr dopravy Martin Kupka.<\/p>\n<p class=\"v1MsoNormal\"><b>Spole\u010dn\u00fd projekt<\/b><\/p>\n<p class=\"v1MsoNormal\">Partnery projektu jsou krom\u011b Ministerstva dopravy a \u0158editelstv\u00ed silnic a d\u00e1lnic, tak\u00e9 Hasi\u010dsk\u00fd z\u00e1chrann\u00fd syst\u00e9m \u010cR, spole\u010dnost Intens Corporation, p\u016fsob\u00edc\u00ed na poli dopravn\u00ed telematiky, \u0159e\u0161en\u00ed koncepc\u00ed rozvoje ITS a v\u00a0neposledn\u00ed \u0159ad\u011b tak\u00e9 import voz\u016f Volkswagen, u jeho\u017e model\u016f jsou integrov\u00e1ny technologie C-ITS. U\u017e nyn\u00ed jsou vybaveny syst\u00e9mem Car2X, kter\u00fd umo\u017e\u0148uje v\u00fdm\u011bnu dat mezi vozidly a infrastrukturou v re\u00e1ln\u00e9m \u010dase modely ID.3, ID.4, ID.7, Golf 8, Passat, Tiguan, Tayron, Multivan a ID. Buzz.<\/p>\n<p class=\"v1MsoNormal\"><b>Dal\u0161\u00ed kroky pro budoucnost\u00a0<\/b><\/p>\n<p class=\"v1MsoNormal\">Technologie C-ITS je postupn\u011b zav\u00e1d\u011bna na kl\u00ed\u010dov\u00fdch dopravn\u00edch tepn\u00e1ch. \u0158SD j\u00ed vybavuje jak infrastrukturu, ale tak\u00e9 cel\u00fd sv\u016fj vozov\u00fd park, a\u00a0to nejen automobily, ale nap\u0159. i\u00a0mobiln\u00ed v\u00fdstra\u017en\u00e1 vozidla. Syst\u00e9m je aplikov\u00e1n na kl\u00ed\u010dov\u00fdch d\u00e1lnic\u00edch D0, D1, D2, D5, D8, D10 a\u00a0D11, stejn\u011b jako se postupn\u011b zav\u00e1d\u00ed i\u00a0do m\u011bst, jako jsou Brno, Mlad\u00e1 Boleslav, Karlovy Vary, Hradec Kr\u00e1lov\u00e9 a\u00a0Plze\u0148.<\/p>\n<p class=\"v1MsoNormal\">Slu\u017ebu s podporou Car2X si mohou aktivovat v infotainmentu zat\u00edm jen u\u017eivatel\u00e9 vybran\u00fdch voz\u016f. Jakmile je aktivov\u00e1na, syst\u00e9m za\u010dne zobrazovat varovn\u00e9 zpr\u00e1vy na displeji \u2013 a\u0165 u\u017e vizu\u00e1ln\u011b, nebo akusticky. U adaptivn\u00edho tempomatu m\u016f\u017ee syst\u00e9m dokonce automaticky upravit rychlost j\u00edzdy v p\u0159\u00edpad\u011b nebezpe\u010d\u00ed. D\u00edky t\u00e9to inovaci se \u010cesk\u00e1 republika st\u00e1v\u00e1 sou\u010d\u00e1st\u00ed modern\u00ed dopravn\u00ed s\u00edt\u011b, kter\u00e1 nejen\u017ee chr\u00e1n\u00ed \u017eivoty, ale tak\u00e9 zaji\u0161\u0165uje plynulej\u0161\u00ed provoz a lep\u0161\u00ed vyu\u017eit\u00ed dopravn\u00ed infrastruktury.<\/p>\n<p class=\"v1MsoNormal\"><strong>Karel Ber\u00e1nek, Rudn\u00e1<\/strong><\/p>\n<p><strong>Hlavn\u00ed slovo p\u0159ednesl ministr dopravy \u010cR, Martin Kupka, vlevo od n\u011bj je n\u00e1m\u011bstek G\u0158 HZS \u010cR, Petr Oslej\u0161ka, vpravo pak gener\u00e1ln\u00ed \u0159editel \u0158SD, Radek M\u00e1tl, Martin Voln\u00fd, \u0159editele Intens Corporation a Du\u0161an Klimka z\u00a0E-mobility Porsche \u010cR<\/strong><\/p>\n<p><img loading=\"lazy\" decoding=\"async\" class=\"alignnone size-medium wp-image-11879\" src=\"http:\/\/www.automakers.cz\/wp-content\/uploads\/2025\/03\/Kupka_RSD_TK_1-900x583.jpg\" alt=\"\" width=\"900\" height=\"583\" \/><\/p>\n","protected":false},"excerpt":{"rendered":"<p>Za \u00fa\u010dasti ministra dopravy \u010cR, Martina Kupky a gener\u00e1ln\u00edho \u0159editele \u0158SD, Radka M\u00e1tla prob\u011bhla v&#8230;<\/p>\n","protected":false},"author":1,"featured_media":11878,"comment_status":"closed","ping_status":"closed","sticky":false,"template":"","format":"standard","meta":{"footnotes":""},"categories":[47,40,20],"tags":[],"class_list":["post-11876","post","type-post","status-publish","format-standard","has-post-thumbnail","hentry","category-doprava","category-technologie","category-tiskovky"],"_links":{"self":[{"href":"https:\/\/www.automakers.cz\/index.php?rest_route=\/wp\/v2\/posts\/11876","targetHints":{"allow":["GET"]}}],"collection":[{"href":"https:\/\/www.automakers.cz\/index.php?rest_route=\/wp\/v2\/posts"}],"about":[{"href":"https:\/\/www.automakers.cz\/index.php?rest_route=\/wp\/v2\/types\/post"}],"author":[{"embeddable":true,"href":"https:\/\/www.automakers.cz\/index.php?rest_route=\/wp\/v2\/users\/1"}],"replies":[{"embeddable":true,"href":"https:\/\/www.automakers.cz\/index.php?rest_route=%2Fwp%2Fv2%2Fcomments&post=11876"}],"version-history":[{"count":6,"href":"https:\/\/www.automakers.cz\/index.php?rest_route=\/wp\/v2\/posts\/11876\/revisions"}],"predecessor-version":[{"id":11881,"href":"https:\/\/www.automakers.cz\/index.php?rest_route=\/wp\/v2\/posts\/11876\/revisions\/11881"}],"wp:featuredmedia":[{"embeddable":true,"href":"https:\/\/www.automakers.cz\/index.php?rest_route=\/wp\/v2\/media\/11878"}],"wp:attachment":[{"href":"https:\/\/www.automakers.cz\/index.php?rest_route=%2Fwp%2Fv2%2Fmedia&parent=11876"}],"wp:term":[{"taxonomy":"category","embeddable":true,"href":"https:\/\/www.automakers.cz\/index.php?rest_route=%2Fwp%2Fv2%2Fcategories&post=11876"},{"taxonomy":"post_tag","embeddable":true,"href":"https:\/\/www.automakers.cz\/index.php?rest_route=%2Fwp%2Fv2%2Ftags&post=11876"}],"curies":[{"name":"wp","href":"https:\/\/api.w.org\/{rel}","templated":true}]}}