{"id":11918,"date":"2025-03-25T07:45:02","date_gmt":"2025-03-25T07:45:02","guid":{"rendered":"https:\/\/www.automakers.cz\/?p=11918"},"modified":"2025-03-25T10:53:24","modified_gmt":"2025-03-25T10:53:24","slug":"praha-elektromobily-zdarma-asi-az-do-voleb","status":"publish","type":"post","link":"https:\/\/www.automakers.cz\/?p=11918","title":{"rendered":"Praha: elektromobily zdarma a\u017e do voleb?"},"content":{"rendered":"<p><strong>Pra\u017esk\u00fdm <span class=\"highlight-E5id4 highlight-E5M\">radn\u00edm<\/span> se st\u00e1le neda\u0159\u00ed dohodnout na zm\u011bn\u00e1ch v parkovac\u00edm sch\u00e9matu, a tak je <span class=\"highlight-query\">parkov\u00e1n\u00ed<\/span> zdarma pro <span class=\"highlight-query\">elektromobily<\/span> v pra\u017esk\u00fdch ulic\u00edch prodlou\u017eeno do \u010dervna. Na podzim se konaj\u00ed volby do Poslaneck\u00e9 sn\u011bmovny, a i proto se mnoz\u00ed domn\u00edvaj\u00ed, \u017ee tento stav se bude pokra\u010dovat cel\u00fd rok 2025.<\/strong><!--more--><\/p>\n<p>&#8222;SDA je pot\u0161en rozhodnut\u00edm Rady prodlou\u017eit parkov\u00e1n\u00ed elektromobil\u016f zdarma, nejistota ohledn\u011b dal\u0161\u00edho v\u00fdvoje ale trv\u00e1,&#8220; potvrdil n\u00e1m mluv\u010d\u00ed SDA<strong> Petr Hor\u00e1<\/strong>k. Svaz se \u00fa\u010dastn\u00ed zased\u00e1n\u00ed odborn\u00fdch komis\u00ed p\u0159i odboru dopravy.<\/p>\n<p>P\u0159edseda jeho v\u00fdkonn\u00e9ho v\u00fdboru <strong>Martin Saitz<\/strong> situaci up\u0159esnil: &#8222;V sou\u010dasnosti nen\u00ed na zpoplatn\u011bn\u00ed parkov\u00e1n\u00ed elektromobil\u016f shoda. Jedin\u00e9 na \u010dem zat\u00edm politici dohodli, je vyjmut\u00ed plug-in hybrid\u016f z bezplatn\u00e9ho re\u017eimu. O budoucnosti \u010dist\u00fdch elektromobil\u016f se jedn\u00e1, m\u016f\u017ee se st\u00e1t, \u017ee jejich parkov\u00e1n\u00ed nebude zpoplatn\u011bno a\u017e do konce leto\u0161n\u00edho roku.&#8220;<\/p>\n<figure id=\"attachment_10067\" aria-describedby=\"caption-attachment-10067\" style=\"width: 900px\" class=\"wp-caption alignnone\"><img loading=\"lazy\" decoding=\"async\" class=\"size-medium wp-image-10067\" src=\"http:\/\/www.automakers.cz\/wp-content\/uploads\/2025\/01\/SDA-TK-leden-2025-Pokorny-Saitz-900x506.jpg\" alt=\"\" width=\"900\" height=\"506\" srcset=\"https:\/\/www.automakers.cz\/wp-content\/uploads\/2025\/01\/SDA-TK-leden-2025-Pokorny-Saitz-900x506.jpg 900w, https:\/\/www.automakers.cz\/wp-content\/uploads\/2025\/01\/SDA-TK-leden-2025-Pokorny-Saitz-1024x576.jpg 1024w, https:\/\/www.automakers.cz\/wp-content\/uploads\/2025\/01\/SDA-TK-leden-2025-Pokorny-Saitz-768x432.jpg 768w, https:\/\/www.automakers.cz\/wp-content\/uploads\/2025\/01\/SDA-TK-leden-2025-Pokorny-Saitz-1536x864.jpg 1536w, https:\/\/www.automakers.cz\/wp-content\/uploads\/2025\/01\/SDA-TK-leden-2025-Pokorny-Saitz-1280x720.jpg 1280w, https:\/\/www.automakers.cz\/wp-content\/uploads\/2025\/01\/SDA-TK-leden-2025-Pokorny-Saitz.jpg 2040w\" sizes=\"auto, (max-width: 900px) 100vw, 900px\" \/><figcaption id=\"caption-attachment-10067\" class=\"wp-caption-text\">Leto\u0161n\u00ed lednov\u00e1 bilan\u010dn\u00ed TK SDA<\/figcaption><\/figure>\n<p>\u0158ada <span class=\"highlight-E5id0 highlight-E5M\">politik\u016f<\/span> v <span class=\"highlight-query highlight-E0id1 highlight-E0M\">Praze<\/span> je toho n\u00e1zoru, \u017ee z d\u016fvodu podpory ekologie je t\u0159eba rozmach <span class=\"highlight-E4id0 highlight-E4M\">elektromobility<\/span> v <span class=\"highlight-query highlight-E0id1 highlight-E0M\">Praze<\/span> nad\u00e1le vyzdvihovat. Zat\u00edm ale nen\u00ed \u00fapln\u011b jasn\u00e9, jak konkr\u00e9tn\u011b bude tato podpora po ukon\u010den\u00ed <span class=\"highlight-query\">parkov\u00e1n\u00ed<\/span> zdarma vypadat.<\/p>\n<p>Ka\u017ed\u00fd rok vybere <span class=\"highlight-query highlight-E0id1 highlight-E0M\">Praha<\/span> na parkovn\u00e9m p\u016fl miliardy korun D\u016fvod zpoplatn\u011bn\u00ed <span class=\"highlight-query\">parkov\u00e1n\u00ed<\/span> pro <span class=\"highlight-E5id3 highlight-E5M\">majitele<\/span> <span class=\"highlight-query\">elektromobil\u016f<\/span> m\u00e1 pom\u011brn\u011b jasnou finan\u010dn\u00ed motivaci. Na <span class=\"highlight-E0id2 highlight-E0M\">z\u00f3n\u00e1ch<\/span> <span class=\"highlight-E0id2 highlight-E0M\">placen\u00e9ho<\/span> <span class=\"highlight-E0id2 highlight-E0M\">st\u00e1n\u00ed<\/span> toti\u017e m\u011bsto dlouhodob\u011b vyd\u011bl\u00e1v\u00e1 . Ka\u017ed\u00fd rok vybere <span class=\"highlight-query highlight-E0id1 highlight-E0M\">Praha<\/span> na parkovn\u00e9m asi p\u016fl miliardy korun . <span class=\"highlight-E0id2 highlight-E0M\">Z\u00f3ny<\/span> <span class=\"highlight-E0id2 highlight-E0M\">placen\u00e9ho<\/span> <span class=\"highlight-E0id2 highlight-E0M\">st\u00e1n\u00ed<\/span> se v <span class=\"highlight-query highlight-E0id1 highlight-E0M\">Praze<\/span> poprv\u00e9 objevily u\u017e v roce , a to tehdy konkr\u00e9tn\u011b v \u010d\u00e1sti <span class=\"highlight-query highlight-E0id5 highlight-E0M\">Prahy<\/span> <span class=\"highlight-E0id5 highlight-E0M\">1<\/span>. N\u00e1sledn\u011b se ale rychle roz\u0161\u00ed\u0159ily i do dal\u0161\u00edch oblast\u00ed.<\/p>\n<p>Dal\u0161\u00ed p\u0159\u00ed\u010dina mo\u017en\u00e9ho zpoplatn\u011bn\u00ed <span class=\"highlight-query\">parkov\u00e1n\u00ed<\/span> v pra\u017esk\u00fdch ulic\u00edch souvis\u00ed i s argumentem, \u017ee <span class=\"highlight-query\">elektromobily<\/span> v ulic\u00edch zab\u00edraj\u00ed stejn\u00fd prostor jako klasick\u00e1 auta se spalovac\u00edm motorem. A jak\u00e1 konkr\u00e9tn\u00ed pravidla pro <span class=\"highlight-query\">parkov\u00e1n\u00ed<\/span> <span class=\"highlight-query\">elektromobil\u016f<\/span> v pra\u017esk\u00fdch ulic\u00edch vlastn\u011b plat\u00ed? Mo\u017enost <span class=\"highlight-query\">parkov\u00e1n\u00ed<\/span> zdarma maj\u00ed <span class=\"highlight-query\">elektromobily<\/span> v <span class=\"highlight-query highlight-E0id1 highlight-E0M\">Praze<\/span> na modr\u00fdch a <span class=\"highlight-E0id2 highlight-E0M\">fialov\u00fdch<\/span> <span class=\"highlight-E0id2 highlight-E0M\">z\u00f3n\u00e1ch<\/span> . Sta\u010d\u00ed k tomu registra\u010dn\u00ed zna\u010dka, kter\u00e1 za\u010d\u00edn\u00e1 p\u00edsmeny EL. Krom\u011b <span class=\"highlight-query\">elektromobil\u016f<\/span> se tak v <span class=\"highlight-E5id5 highlight-E5M\">praxi<\/span> jedn\u00e1 tak\u00e9 t\u0159eba o plug-in hybridy.<\/p>\n<figure id=\"attachment_736\" aria-describedby=\"caption-attachment-736\" style=\"width: 900px\" class=\"wp-caption alignnone\"><img loading=\"lazy\" decoding=\"async\" class=\"size-medium wp-image-736\" src=\"http:\/\/www.automakers.cz\/wp-content\/uploads\/2023\/12\/Praha-znacka-parking-zona-ERich-Handl-900x675.jpg\" alt=\"\" width=\"900\" height=\"675\" \/><figcaption id=\"caption-attachment-736\" class=\"wp-caption-text\">FOTO: Erich Handl<\/figcaption><\/figure>\n<p><strong>Zat\u00edm s jistotou do \u010dervna<\/strong><\/p>\n<p>Zat\u00edm je tedy jasn\u00e9, \u017ee <span class=\"highlight-query\">parkov\u00e1n\u00ed<\/span> zdarma pro auta, jejich\u017e pozn\u00e1vac\u00ed zna\u010dka za\u010d\u00edn\u00e1 p\u00edsmeny EL, bude v <span class=\"highlight-query highlight-E0id1 highlight-E0M\">Praze<\/span> platn\u00e9 minim\u00e1ln\u011b do konce leto\u0161n\u00edho \u010dervna. Z\u00e1rove\u0148 to ale vypad\u00e1, \u017ee ur\u010dit\u00e9 zv\u00fdhodn\u011bn\u00ed \u010dist\u00fdm <span class=\"highlight-query\">elektromobil\u016fm<\/span> z\u016fstane. Hovo\u0159\u00ed se t\u0159eba o pades\u00e1tiprocentn\u00ed slev\u011b na n\u00e1v\u0161t\u011bvnick\u00e9 <span class=\"highlight-query\">parkov\u00e1n\u00ed<\/span> ve fialov\u00fdch a oran\u017eov\u00fdch z\u00f3n\u00e1ch. Ur\u010dit\u00e9 zm\u011bny ale koncem roku 2024 skute\u010dn\u011b nastaly. Poci\u0165uj\u00ed je kup\u0159\u00edkladu pra\u017esk\u00e9 hotely \u010di penziony. Ty u\u017e od roku 2025 nemaj\u00ed mo\u017enost vyu\u017e\u00edvat takzvan\u00e1 p\u0159enosn\u00e1 parkovac\u00ed opr\u00e1vn\u011bn\u00ed , kter\u00e1 nejsou v\u00e1z\u00e1na na konkr\u00e9tn\u00ed registra\u010dn\u00ed zna\u010dku. Veden\u00ed m\u011bsta se dlouhodob\u011b sna\u017e\u00ed dot\u00e1hnout i p\u0159ijet\u00ed takzvan\u00e9 celom\u011bstsk\u00e9 parkovac\u00ed karty pro <span class=\"highlight-E5id2 highlight-E5M\">n\u00e1v\u0161t\u011bvn\u00edky<\/span>, co\u017e se ale za posledn\u00edch n\u011bkolik let st\u00e1le nepovedlo. Stejn\u011b je tomu v p\u0159\u00edpad\u011b i zvl\u00e1\u0161tn\u00edho povolen\u00ed pro z\u00e1sobov\u00e1n\u00ed \u010di pe\u010dovatele. P\u0159\u00edli\u0161 se v \u010dase neposouv\u00e1 ani debata ohledn\u011b zv\u00fd\u0161en\u00ed j\u00edzdn\u00e9ho MHD \u010di zpoplatn\u011bn\u00ed vjezdu automobil\u016f na <span class=\"highlight-E0id4 highlight-E0M\">Malou<\/span> <span class=\"highlight-E0id4 highlight-E0M\">Stranu<\/span> a <span class=\"highlight-E0id3 highlight-E0M\">Smetanovo<\/span> <span class=\"highlight-E0id3 highlight-E0M\">n\u00e1b\u0159e\u017e\u00ed<\/span>.<\/p>\n<p><strong>Zdroj: SDA, portalridice.cz<\/strong><\/p>\n<p><a href=\"https:\/\/www.sda-cia.cz\/portal\/clanek.php?id=7449&amp;v=m\">SDA je pot\u011b\u0161en rozhodnut\u00edm Rady hlavn\u00edho m\u011bsta Prahy prodlou\u017eit parkov\u00e1n\u00ed elektromobil\u016f zdarma<\/a><\/p>\n","protected":false},"excerpt":{"rendered":"<p>Pra\u017esk\u00fdm radn\u00edm se st\u00e1le neda\u0159\u00ed dohodnout na zm\u011bn\u00e1ch v parkovac\u00edm sch\u00e9matu, a tak je parkov\u00e1n\u00ed&#8230;<\/p>\n","protected":false},"author":1,"featured_media":732,"comment_status":"closed","ping_status":"closed","sticky":false,"template":"","format":"standard","meta":{"footnotes":""},"categories":[47,9],"tags":[],"class_list":["post-11918","post","type-post","status-publish","format-standard","has-post-thumbnail","hentry","category-doprava","category-elektromobily"],"_links":{"self":[{"href":"https:\/\/www.automakers.cz\/index.php?rest_route=\/wp\/v2\/posts\/11918","targetHints":{"allow":["GET"]}}],"collection":[{"href":"https:\/\/www.automakers.cz\/index.php?rest_route=\/wp\/v2\/posts"}],"about":[{"href":"https:\/\/www.automakers.cz\/index.php?rest_route=\/wp\/v2\/types\/post"}],"author":[{"embeddable":true,"href":"https:\/\/www.automakers.cz\/index.php?rest_route=\/wp\/v2\/users\/1"}],"replies":[{"embeddable":true,"href":"https:\/\/www.automakers.cz\/index.php?rest_route=%2Fwp%2Fv2%2Fcomments&post=11918"}],"version-history":[{"count":7,"href":"https:\/\/www.automakers.cz\/index.php?rest_route=\/wp\/v2\/posts\/11918\/revisions"}],"predecessor-version":[{"id":11926,"href":"https:\/\/www.automakers.cz\/index.php?rest_route=\/wp\/v2\/posts\/11918\/revisions\/11926"}],"wp:featuredmedia":[{"embeddable":true,"href":"https:\/\/www.automakers.cz\/index.php?rest_route=\/wp\/v2\/media\/732"}],"wp:attachment":[{"href":"https:\/\/www.automakers.cz\/index.php?rest_route=%2Fwp%2Fv2%2Fmedia&parent=11918"}],"wp:term":[{"taxonomy":"category","embeddable":true,"href":"https:\/\/www.automakers.cz\/index.php?rest_route=%2Fwp%2Fv2%2Fcategories&post=11918"},{"taxonomy":"post_tag","embeddable":true,"href":"https:\/\/www.automakers.cz\/index.php?rest_route=%2Fwp%2Fv2%2Ftags&post=11918"}],"curies":[{"name":"wp","href":"https:\/\/api.w.org\/{rel}","templated":true}]}}