{"id":11950,"date":"2025-03-27T07:38:08","date_gmt":"2025-03-27T07:38:08","guid":{"rendered":"https:\/\/www.automakers.cz\/?p=11950"},"modified":"2025-03-27T12:27:14","modified_gmt":"2025-03-27T12:27:14","slug":"znacky-omoda-a-jaecoo-se-blyskly-v-cubexu","status":"publish","type":"post","link":"https:\/\/www.automakers.cz\/?p=11950","title":{"rendered":"\u010c\u00ednsk\u00e9 zna\u010dky Omoda a Jaecoo se bl\u00fdskly v Cubexu"},"content":{"rendered":"<p><strong>\u010cty\u0159i stovky host\u016f sledovaly 26. b\u0159ezna v Cubexu akci Fusion Experience, vstup \u010d\u00ednsk\u00fdch\u00a0 zna\u010dek Omoda a Jaecoo na \u010desk\u00fd trh. Jejich mate\u0159sk\u00e1 firma, koncern Chery, u\u017e del\u0161\u00ed dobu spolupracuje se skupinou Jaguar Land Rover. Import \u0161\u00e9fuje Petra R\u016f\u017ei\u010dkov\u00e1.<\/strong><!--more--><\/p>\n<p>Se\u0161lo se tam v\u00edce ne\u017e 400 host\u016f, z \u0159ad dealer\u016f, prvn\u00edch z\u00e1kazn\u00edk\u016f nebo novin\u00e1\u0159\u016f. Po\u0159adatelem byla spole\u010dnost Grand Automotive East.<\/p>\n<p><strong>Na akci nechyb\u011bli ani z\u00e1stupci velvyslanectv\u00ed \u010c\u00ednsk\u00e9 lidov\u00e9 republiky v \u010dele s\u00a0 velvyslancem Feng Piao a vedouc\u00edmi pracovn\u00edky obchodn\u00edho odd\u011blen\u00ed.<\/strong><\/p>\n<p><img loading=\"lazy\" decoding=\"async\" class=\"alignnone size-medium wp-image-11972\" src=\"http:\/\/www.automakers.cz\/wp-content\/uploads\/2025\/03\/Cina-vyslanec_Omoda_3-900x900.jpg\" alt=\"\" width=\"900\" height=\"900\" \/><\/p>\n<p><strong><b>Velk\u00e1 show<\/b><\/strong><\/p>\n<p>V\u00a0r\u00e1mci sedmihodinov\u00e9ho programu, ve kter\u00e9m nechyb\u011bla uv\u00edtac\u00ed show robota a z\u00e1v\u011bre\u010dn\u00fd koncert britsk\u00e9 slupiny Kosheen, prob\u011bhlo tak\u00e9 vylosov\u00e1n\u00ed v\u00fdherce vozu Omoda 5 ICE. Hlavn\u00ed z\u00e1jem p\u0159\u00edtomn\u00fdch byl ale up\u0159en na samotnou prezentaci nov\u00fdch automobil\u016f a obchodn\u00ed strategie jejich dovozu. T\u00e9 se v\u011bnovala nov\u00e1 \u0159editelka zna\u010dek Omoda a Jaecoo\u00a0pro \u010ceskou republiku, Petra R\u016f\u017ei\u010dkov\u00e1 a \u010d\u00edn\u0161t\u00ed mana\u017ee\u0159i, Steve Eum a David Shen. Sv\u00fdm projevem p\u0159isp\u011bl tak\u00e9 velvyslanec \u010cLR Feng Piao.<\/p>\n<p><iframe loading=\"lazy\"  id=\"_ytid_68071\"  width=\"640\" height=\"360\"  data-origwidth=\"640\" data-origheight=\"360\" src=\"https:\/\/www.youtube.com\/embed\/EPkOgJwntpc?enablejsapi=1&#038;autoplay=0&#038;cc_load_policy=0&#038;cc_lang_pref=&#038;iv_load_policy=1&#038;loop=0&#038;modestbranding=0&#038;rel=1&#038;fs=1&#038;playsinline=0&#038;autohide=2&#038;theme=dark&#038;color=red&#038;controls=1&#038;\" class=\"__youtube_prefs__  epyt-is-override  no-lazyload\" title=\"YouTube player\"  allow=\"accelerometer; autoplay; clipboard-write; encrypted-media; gyroscope; picture-in-picture\" allowfullscreen data-no-lazy=\"1\" data-skipgform_ajax_framebjll=\"\"><\/iframe><\/p>\n<p>Vlastn\u00ed prezentace obou, resp. t\u0159\u00ed model\u016f, kdy\u017e t\u00edm t\u0159et\u00edm je pln\u011b elektrick\u00e1 Omoda E5 prob\u011bhla jako velkolep\u00e1 show, pln\u00e1 akcentov\u00e1n\u00ed mimo\u0159\u00e1dnosti voz\u016f v\u00a0r\u00e1mci sv\u00fdch kategori\u00ed. Steve Eum a David Shen zd\u016fraznili, \u017ee oba modely byly koncipov\u00e1ny v\u00a0duchu filozofie \u201eum\u011bn\u00ed v\u00a0pohybu\u201c, s\u00a0d\u016frazem na design a technickou i technologickou vysp\u011blost. Pr\u00e1v\u011b tyto aspekty, spolu s\u00a0atraktivn\u00edmi cenami, maj\u00ed p\u0159esv\u011bd\u010dit z\u00e1kazn\u00edky o nejlep\u0161\u00ed nab\u00eddce v\u00a0dan\u00fdch t\u0159\u00edd\u00e1ch. V\u00a0t\u00e9 m\u00e1 voz\u016fm Omoda a Jaecoo pom\u00e1hat i sedmilet\u00e1 z\u00e1ruka a p\u011btihv\u011bzdi\u010dkov\u00e9 hodnocen\u00ed v\u00a0testech NCAP.<\/p>\n<p><img loading=\"lazy\" decoding=\"async\" class=\"alignnone size-medium wp-image-11956\" src=\"http:\/\/www.automakers.cz\/wp-content\/uploads\/2025\/03\/Jaeccoo_Omoda_4-900x635.jpg\" alt=\"\" width=\"900\" height=\"635\" srcset=\"https:\/\/www.automakers.cz\/wp-content\/uploads\/2025\/03\/Jaeccoo_Omoda_4-900x635.jpg 900w, https:\/\/www.automakers.cz\/wp-content\/uploads\/2025\/03\/Jaeccoo_Omoda_4-1024x722.jpg 1024w, https:\/\/www.automakers.cz\/wp-content\/uploads\/2025\/03\/Jaeccoo_Omoda_4-768x542.jpg 768w, https:\/\/www.automakers.cz\/wp-content\/uploads\/2025\/03\/Jaeccoo_Omoda_4-1536x1083.jpg 1536w, https:\/\/www.automakers.cz\/wp-content\/uploads\/2025\/03\/Jaeccoo_Omoda_4-2048x1445.jpg 2048w\" sizes=\"auto, (max-width: 900px) 100vw, 900px\" \/><\/p>\n<p><strong><b>Velk\u00e9 pl\u00e1ny <\/b><\/strong><\/p>\n<p>Jak u\u017e nazna\u010dila prob\u00edhaj\u00edc\u00ed reklamn\u00ed kampa\u0148, prvn\u00edmi dv\u011bma modely koncernu Chery na \u010desk\u00e9m trhu budou Omoda 5 ICE a Jaecoo J7. Jedn\u00e1 se v\u00a0obou p\u0159\u00edpadech o atraktivn\u00ed SUV\/crossovery s benzinov\u00fdmi motory, samo\u010dinnou p\u0159evodovkou a v\u00edc ne\u017e slu\u0161nou standardn\u00ed v\u00fdbavou. Jaecoo J7 je nav\u00edc plug-in hybrid, slibuj\u00edc\u00ed dojezd a\u017e 1200 km.<\/p>\n<p>Petra R\u016f\u017ei\u010dkov\u00e1 zd\u016fraznila, \u017ee se jedn\u00e1 o historick\u00fd moment, kter\u00fd zcela ur\u010dit\u011b ovlivn\u00ed \u010desk\u00fd trh. Vozy Omoda a Jaecoo\u00a0budou prod\u00e1v\u00e1ny u 40 dealer\u016f, po \u201ep\u0159edprodeji\u201c m\u00e1 v\u00a0sou\u010dasn\u00e9 dob\u011b import u\u017e na p\u016fl tis\u00edcovky objedn\u00e1vek, kter\u00e9 hodl\u00e1 v\u00a0brzk\u00e9 dob\u011b zrealizovat.<\/p>\n<p><img loading=\"lazy\" decoding=\"async\" class=\"alignnone size-medium wp-image-11953\" src=\"http:\/\/www.automakers.cz\/wp-content\/uploads\/2025\/03\/Omoda_5-900x664.jpg\" alt=\"\" width=\"900\" height=\"664\" \/><\/p>\n<p><strong><b>Invaze za\u010d\u00edn\u00e1 <\/b><\/strong><\/p>\n<p>Bude zaj\u00edmav\u00e9, jak se s\u00a0v\u00fdslovnost\u00ed \u010dasto dost exotick\u00fdch n\u00e1zv\u016f \u010d\u00ednsk\u00fdch automobil\u016f, nejen v\u00a0p\u0159\u00edpad\u011b zna\u010dky Jaecoo, vypo\u0159\u00e1daj\u00ed \u010de\u0161t\u00ed z\u00e1kazn\u00edci, ale to bude asi nejmen\u0161\u00ed probl\u00e9m. Je naopak jasn\u00e9, \u017ee leto\u0161n\u00ed rok bude ve znamen\u00ed razantn\u00edho n\u00e1stupu \u010d\u00ednsk\u00fdch automobil\u016f na \u010desk\u00fd trh.<\/p>\n<p>V\u00a0ruk\u00e1vu maj\u00ed v\u0161ichni \u010c\u00ed\u0148an\u00e9 ur\u010dit\u011b siln\u00e9 karty, na kter\u00e9 by mohli z\u00e1kazn\u00edci sly\u0161et. Uvid\u00edme, jak zap\u016fsob\u00ed nap\u0159. l\u00e1kav\u00e1 cenov\u00e1 politika, kdy jsou, a hlavn\u011b budou nab\u00edzeny vozy rozm\u011brov\u011b, v\u00fdbavami i kvalitativn\u011b vy\u0161\u0161\u00ed \u00farovn\u011b, ve zcela jin\u00fdch, ni\u017e\u0161\u00edch cenov\u00fdch parametrech, ve srovn\u00e1n\u00ed se sou\u010dasnou konkurenc\u00ed. A to se net\u00fdk\u00e1 jen voz\u016f\u00a0Omoda a Jaecoo,\u00a0proto\u017ee u\u017e na p\u0159\u00ed\u0161t\u00ed t\u00fdden byla ozn\u00e1mena \u010desk\u00e1 prezentace importu voz\u016f zna\u010dky BYD, p\u0159i\u010dem\u017e dovoz dal\u0161\u00edch \u010d\u00ednsk\u00fdch automobil\u016f je u\u017e tak\u00e9 avizov\u00e1n, tak\u017ee se m\u00e1me na co t\u011b\u0161it.<\/p>\n<p><strong>Text a foto: Karel Ber\u00e1nek, Cubex; <\/strong><\/p>\n<p><strong>Video: Lud\u011bk Kortus<\/strong><\/p>\n<p><img loading=\"lazy\" decoding=\"async\" class=\"alignnone size-medium wp-image-11954\" src=\"http:\/\/www.automakers.cz\/wp-content\/uploads\/2025\/03\/Omoda_R\u00a7zickova-670x900.jpg\" alt=\"\" width=\"670\" height=\"900\" \/><\/p>\n<p><strong>\u0160\u00e9fka importu Petra R\u016f\u017ei\u010dkov\u00e1<\/strong><\/p>\n","protected":false},"excerpt":{"rendered":"<p>\u010cty\u0159i stovky host\u016f sledovaly 26. b\u0159ezna v Cubexu akci Fusion Experience, vstup \u010d\u00ednsk\u00fdch\u00a0 zna\u010dek Omoda&#8230;<\/p>\n","protected":false},"author":1,"featured_media":11955,"comment_status":"closed","ping_status":"closed","sticky":false,"template":"","format":"standard","meta":{"footnotes":""},"categories":[59,26,12,66],"tags":[],"class_list":["post-11950","post","type-post","status-publish","format-standard","has-post-thumbnail","hentry","category-automakers-tv","category-eventy","category-premiery","category-video"],"_links":{"self":[{"href":"https:\/\/www.automakers.cz\/index.php?rest_route=\/wp\/v2\/posts\/11950","targetHints":{"allow":["GET"]}}],"collection":[{"href":"https:\/\/www.automakers.cz\/index.php?rest_route=\/wp\/v2\/posts"}],"about":[{"href":"https:\/\/www.automakers.cz\/index.php?rest_route=\/wp\/v2\/types\/post"}],"author":[{"embeddable":true,"href":"https:\/\/www.automakers.cz\/index.php?rest_route=\/wp\/v2\/users\/1"}],"replies":[{"embeddable":true,"href":"https:\/\/www.automakers.cz\/index.php?rest_route=%2Fwp%2Fv2%2Fcomments&post=11950"}],"version-history":[{"count":10,"href":"https:\/\/www.automakers.cz\/index.php?rest_route=\/wp\/v2\/posts\/11950\/revisions"}],"predecessor-version":[{"id":11974,"href":"https:\/\/www.automakers.cz\/index.php?rest_route=\/wp\/v2\/posts\/11950\/revisions\/11974"}],"wp:featuredmedia":[{"embeddable":true,"href":"https:\/\/www.automakers.cz\/index.php?rest_route=\/wp\/v2\/media\/11955"}],"wp:attachment":[{"href":"https:\/\/www.automakers.cz\/index.php?rest_route=%2Fwp%2Fv2%2Fmedia&parent=11950"}],"wp:term":[{"taxonomy":"category","embeddable":true,"href":"https:\/\/www.automakers.cz\/index.php?rest_route=%2Fwp%2Fv2%2Fcategories&post=11950"},{"taxonomy":"post_tag","embeddable":true,"href":"https:\/\/www.automakers.cz\/index.php?rest_route=%2Fwp%2Fv2%2Ftags&post=11950"}],"curies":[{"name":"wp","href":"https:\/\/api.w.org\/{rel}","templated":true}]}}