{"id":1199,"date":"2024-01-03T11:49:16","date_gmt":"2024-01-03T11:49:16","guid":{"rendered":"https:\/\/www.automakers.cz\/?p=1199"},"modified":"2024-01-04T10:28:54","modified_gmt":"2024-01-04T10:28:54","slug":"auto-roku-2024-testuje-v-certousech","status":"publish","type":"post","link":"https:\/\/www.automakers.cz\/?p=1199","title":{"rendered":"Auto roku 2024 testovalo v \u010certousech"},"content":{"rendered":"<p><strong>Porotci ankety Auto roku 2024 vyzkou\u0161eli 3. ledna fin\u00e1lov\u00e9 kandid\u00e1ty ankety Auto roku 2024 v \u010cR. V hotelu \u010certousy v Horn\u00edch Po\u010dernic\u00edch byli krom\u011b \u010dlen\u016f poroty vid\u011bt tak\u00e9 mana\u017ee\u0159i SDA a organiza\u010dn\u00edho v\u00fdboru akce.<\/strong> <span id=\"more-426\"><\/span><!--more--><\/p>\n<p>Porota byla ve sv\u00e9m v\u00fdb\u011bru pro 2. kolo neb\u00fdvale jednotn\u00e1 a p\u011btice finalist\u016f z\u00edskala ze 100 mo\u017en\u00fdch cel\u00fdch 65 hlas\u016f, v lo\u0148sk\u00e9m roce to bylo v pom\u011bru 50:50.<\/p>\n<p><strong><b>Finalist\u00e9 ankety Auto roku 2024 v \u010cesk\u00e9 republice (v abecedn\u00edm po\u0159ad\u00ed):<\/b><\/strong><\/p>\n<p>BMW \u0159ady 5<\/p>\n<p>Hyundai Ioniq6<\/p>\n<p>Kia EV9<\/p>\n<p>Mercedes-Benz t\u0159\u00eddy E<\/p>\n<p>Subaru Crosstrek<\/p>\n<p><img loading=\"lazy\" decoding=\"async\" class=\"alignnone size-medium wp-image-1204\" src=\"http:\/\/www.automakers.cz\/wp-content\/uploads\/2024\/01\/Auto-roku-Certousy-2024-Kia-Mercedes-Hyundai-900x675.jpg\" alt=\"\" width=\"900\" height=\"675\" \/><\/p>\n<p><strong><b>Nominovan\u00e9 vozy: <\/b><\/strong><\/p>\n<p>Alfa Romeo Tonale Q4 PHEV, Audi Q8 e-tron, BMW \u0159ady 5, Citroen C4 X, Ford Bronco, Honda CR-V, Hyundai Ioniq6, Hyundai Kona Electric, Jeep Avenger, Kia EV9, Lexus LM, Lexus RX, Lexus RZ, Mercedes-Benz t\u0159\u00eddy E, MG4 Electric, Mitsubishi ASX, Opel Astra ST GSE, Porsche Cayenne, Renault Espace, Subaru Crosstrek, Toyota Prius PHEV<\/p>\n<p><strong><b> Odborn\u00e1 porota: <\/b><\/strong><\/p>\n<p>B\u011bhal Ond\u0159ej (Autosalon.tv), Borsk\u00fd Michal (CNN Prima News), Busta Michal (Business Car), Dittrich Luk\u00e1\u0161 (Autosalon.tv), Kv\u00e1\u0161ov\u00e1 Sabina (\u017dena v aut\u011b), Hanke Petr (Automobil Revue), Hyan Tom\u00e1\u0161 (TH Auto), K\u00e1\u0148a Leo\u0161 (Sv\u011bt motor\u016f), Kolman Stanislav (Gar\u00e1\u017e.cz), La\u017eansk\u00fd Milan (Novinky.cz), Majurn\u00edk Jan (Gar\u00e1\u017e.cz), Mi\u010dka Jan (Autorevue.cz), M\u00fcller Martin (MM Automotive), Pec\u00e1k Radek (Den\u00edk.cz), Rejlek Jakub (Faster), Rybeck\u00fd Vladim\u00edr (Autoweek), Hole\u010dek Petr (Metro\/idnes.cz), \u0160idl\u00e1k Martin (Flotila), Srpov\u00e1 Eva (Hospod\u00e1\u0159sk\u00e9 noviny), Tom\u00ed\u0161ek Marek (fdrive.cz)<\/p>\n<p><img loading=\"lazy\" decoding=\"async\" class=\"alignnone size-medium wp-image-1205\" src=\"http:\/\/www.automakers.cz\/wp-content\/uploads\/2024\/01\/Certousy-2024-Kia-Mercedes-900x675.jpg\" alt=\"\" width=\"900\" height=\"675\" \/><\/p>\n<p><strong>A pak se bude \u010dekat na 6. \u00fanor<\/strong><\/p>\n<p>Vlastn\u00ed slavnostn\u00ed vyhl\u00e1\u0161en\u00ed v\u00edt\u011bze jubilejn\u00edho, t\u0159ic\u00e1t\u00e9ho ro\u010dn\u00edku ankety Auto roku 2024 v \u010cesk\u00e9 republice p\u0159ipravuje jej\u00ed po\u0159adatel \u2013 Svaz dovozc\u016f automobil\u016f v pra\u017esk\u00e9m Pal\u00e1ci kultury na \u00fater\u00fd 6. \u00fanora 2024, od 14. hodin. Akce bude ur\u010dena pozvan\u00fdm.<\/p>\n<figure class=\"wp-block-embed wp-block-embed-youtube is-type-video is-provider-youtube epyt-figure\"><div class=\"wp-block-embed__wrapper\"><iframe loading=\"lazy\"  id=\"_ytid_16302\"  width=\"640\" height=\"360\"  data-origwidth=\"640\" data-origheight=\"360\" src=\"https:\/\/www.youtube.com\/embed\/TBzbTJOmlv8?enablejsapi=1&autoplay=0&cc_load_policy=0&cc_lang_pref=&iv_load_policy=1&loop=0&modestbranding=0&rel=1&fs=1&playsinline=0&autohide=2&theme=dark&color=red&controls=1&\" class=\"__youtube_prefs__  no-lazyload\" title=\"YouTube player\"  allow=\"accelerometer; autoplay; clipboard-write; encrypted-media; gyroscope; picture-in-picture\" allowfullscreen data-no-lazy=\"1\" data-skipgform_ajax_framebjll=\"\"><\/iframe><\/div><\/figure>\n<p><strong>Zdroj: Erich Handl, organiza\u010dn\u00ed v\u00fdbor ankety, VIDEO: Lud\u011bk Kortus<br \/>\n<\/strong><\/p>\n<p><img loading=\"lazy\" decoding=\"async\" class=\"alignnone size-medium wp-image-414\" src=\"http:\/\/www.automakers.cz\/wp-content\/uploads\/2023\/11\/logo-Auto-roku-2024-900x458.jpg\" sizes=\"auto, (max-width: 900px) 100vw, 900px\" srcset=\"https:\/\/www.automakers.cz\/wp-content\/uploads\/2023\/11\/logo-Auto-roku-2024-900x458.jpg 900w, https:\/\/www.automakers.cz\/wp-content\/uploads\/2023\/11\/logo-Auto-roku-2024-1024x521.jpg 1024w, https:\/\/www.automakers.cz\/wp-content\/uploads\/2023\/11\/logo-Auto-roku-2024-768x391.jpg 768w, https:\/\/www.automakers.cz\/wp-content\/uploads\/2023\/11\/logo-Auto-roku-2024-1536x781.jpg 1536w, https:\/\/www.automakers.cz\/wp-content\/uploads\/2023\/11\/logo-Auto-roku-2024.jpg 1766w\" alt=\"\" width=\"900\" height=\"458\" \/><\/p>\n<div class=\"heateor_sss_sharing_container heateor_sss_vertical_sharing heateor_sss_bottom_sharing\" data-heateor-sss-href=\"https:\/\/www.automakers.cz\/?p=426\"><\/div>\n<nav class=\"navigation post-navigation\" aria-label=\"P\u0159\u00edsp\u011bvky\">\n<h2 class=\"screen-reader-text\"><\/h2>\n<\/nav>\n","protected":false},"excerpt":{"rendered":"<p>Porotci ankety Auto roku 2024 vyzkou\u0161eli 3. ledna fin\u00e1lov\u00e9 kandid\u00e1ty ankety Auto roku 2024 v&#8230;<\/p>\n","protected":false},"author":1,"featured_media":1201,"comment_status":"open","ping_status":"open","sticky":false,"template":"","format":"standard","meta":{"footnotes":""},"categories":[32,11],"tags":[],"class_list":["post-1199","post","type-post","status-publish","format-standard","has-post-thumbnail","hentry","category-ankety","category-importeri"],"_links":{"self":[{"href":"https:\/\/www.automakers.cz\/index.php?rest_route=\/wp\/v2\/posts\/1199","targetHints":{"allow":["GET"]}}],"collection":[{"href":"https:\/\/www.automakers.cz\/index.php?rest_route=\/wp\/v2\/posts"}],"about":[{"href":"https:\/\/www.automakers.cz\/index.php?rest_route=\/wp\/v2\/types\/post"}],"author":[{"embeddable":true,"href":"https:\/\/www.automakers.cz\/index.php?rest_route=\/wp\/v2\/users\/1"}],"replies":[{"embeddable":true,"href":"https:\/\/www.automakers.cz\/index.php?rest_route=%2Fwp%2Fv2%2Fcomments&post=1199"}],"version-history":[{"count":4,"href":"https:\/\/www.automakers.cz\/index.php?rest_route=\/wp\/v2\/posts\/1199\/revisions"}],"predecessor-version":[{"id":1227,"href":"https:\/\/www.automakers.cz\/index.php?rest_route=\/wp\/v2\/posts\/1199\/revisions\/1227"}],"wp:featuredmedia":[{"embeddable":true,"href":"https:\/\/www.automakers.cz\/index.php?rest_route=\/wp\/v2\/media\/1201"}],"wp:attachment":[{"href":"https:\/\/www.automakers.cz\/index.php?rest_route=%2Fwp%2Fv2%2Fmedia&parent=1199"}],"wp:term":[{"taxonomy":"category","embeddable":true,"href":"https:\/\/www.automakers.cz\/index.php?rest_route=%2Fwp%2Fv2%2Fcategories&post=1199"},{"taxonomy":"post_tag","embeddable":true,"href":"https:\/\/www.automakers.cz\/index.php?rest_route=%2Fwp%2Fv2%2Ftags&post=1199"}],"curies":[{"name":"wp","href":"https:\/\/api.w.org\/{rel}","templated":true}]}}