{"id":12014,"date":"2025-03-28T09:08:34","date_gmt":"2025-03-28T09:08:34","guid":{"rendered":"https:\/\/www.automakers.cz\/?p=12014"},"modified":"2025-03-28T09:11:02","modified_gmt":"2025-03-28T09:11:02","slug":"ceske-ferrari-s-novou-pr-agenturou","status":"publish","type":"post","link":"https:\/\/www.automakers.cz\/?p=12014","title":{"rendered":"\u010cesk\u00e9 Ferrari s novou PR agenturou"},"content":{"rendered":"<p><strong>Komunikaci zna\u010dky Ferrari pro region st\u0159edn\u00ed a v\u00fdchodn\u00ed Evropy (CEE) koordinuje polsk\u00e1 agentura MSL. Ta letos hledala mezi \u010desk\u00fdmi PR agenturami lok\u00e1ln\u00edho partnera. Nakonec si v b\u0159eznu vybrala jednu z mezin\u00e1rodn\u00edch firem, mluv\u010d\u00edm zna\u010dky bude Ond\u0159ej Tengler.<\/strong><!--more--><\/p>\n<p>V b\u0159eznu se dohodla s agenturou Antenna Group. &#8222;Pro Ferrari zaji\u0161\u0165ujeme kompletn\u00ed PR servis na \u010desk\u00e9m trhu.<br \/>\nZa komunikaci Ferrari v \u010cesk\u00e9 republice budu odpov\u011bdn\u00fd j\u00e1 osobn\u011b, proto se na m\u011b nev\u00e1hejte kdykoliv obr\u00e1tit se z\u00e1le\u017eitostmi\u00a0<span class=\"v1gmail_default\">t\u00fdkaj\u00edc\u00edmi se\u00a0<\/span>komunikac<span class=\"v1gmail_default\">e<\/span>\u00a0s t<span class=\"v1gmail_default\">outo<\/span>\u00a0zna\u010dk<span class=\"v1gmail_default\">o<\/span>u,&#8220; napsal n\u00e1m mana\u017eer agentury Ond\u0159ej Tengler.<\/p>\n<p>&#8222;Ferrari je pro n\u00e1s nejen v\u00fdjime\u010dnou zna\u010dkou s bohatou histori\u00ed, ale p\u0159edev\u0161\u00edm inov\u00e1torem, kter\u00fd sm\u011b\u0159uje i k udr\u017eiteln\u00e9 budoucnosti. Jsme velmi hrd\u00ed na to, \u017ee m\u016f\u017eeme b\u00fdt sou\u010d\u00e1st\u00ed t\u00e9to cesty,&#8220; doplnil.<\/p>\n<div class=\"row\">\n<div class=\"container\">\n<div class=\"row\">\n<div class=\"col-md-offset-1 col-md-6\">\n<p class=\"perex\"><strong>Americk\u00e1 skupina Antenna loni vstoupila do \u010ceska p\u0159es akvizici agentury Rubikon PR \u0160imona R\u00e1kosn\u00edka.\u00a0<\/strong><\/p>\n<\/div>\n<\/div>\n<\/div>\n<\/div>\n<div class=\"row\">\n<div class=\"umb-grid\">\n<div class=\"grid-section\">\n<div>\n<div class=\"container\">\n<div class=\"row clearfix\">\n<div class=\"col-md-8 column\">\n<div>\n<p><img decoding=\"async\" src=\"https:\/\/mediagurucdneu.azureedge.net\/media\/rwthgrni\/rubikon_keithzakheimsimonrakosnik.jpg\" alt=\"Keith Zakheim, CEO Antenna Group, a \u0160imon R\u00e1kosn\u00edk, zakladatel a CEO Rubikon PR, zdroj: Rubikon PR\" \/><\/p>\n<p class=\"caption\">Keith Zakheim, CEO Antenna Group, a \u0160imon R\u00e1kosn\u00edk, zakladatel a CEO Rubikon PR, zdroj: Rubikon PR<\/p>\n<\/div>\n<\/div>\n<\/div>\n<\/div>\n<\/div>\n<\/div>\n<\/div>\n<\/div>\n","protected":false},"excerpt":{"rendered":"<p>Komunikaci zna\u010dky Ferrari pro region st\u0159edn\u00ed a v\u00fdchodn\u00ed Evropy (CEE) koordinuje polsk\u00e1 agentura MSL. Ta&#8230;<\/p>\n","protected":false},"author":1,"featured_media":8280,"comment_status":"closed","ping_status":"closed","sticky":false,"template":"","format":"standard","meta":{"footnotes":""},"categories":[11,21],"tags":[],"class_list":["post-12014","post","type-post","status-publish","format-standard","has-post-thumbnail","hentry","category-importeri","category-pr"],"_links":{"self":[{"href":"https:\/\/www.automakers.cz\/index.php?rest_route=\/wp\/v2\/posts\/12014","targetHints":{"allow":["GET"]}}],"collection":[{"href":"https:\/\/www.automakers.cz\/index.php?rest_route=\/wp\/v2\/posts"}],"about":[{"href":"https:\/\/www.automakers.cz\/index.php?rest_route=\/wp\/v2\/types\/post"}],"author":[{"embeddable":true,"href":"https:\/\/www.automakers.cz\/index.php?rest_route=\/wp\/v2\/users\/1"}],"replies":[{"embeddable":true,"href":"https:\/\/www.automakers.cz\/index.php?rest_route=%2Fwp%2Fv2%2Fcomments&post=12014"}],"version-history":[{"count":6,"href":"https:\/\/www.automakers.cz\/index.php?rest_route=\/wp\/v2\/posts\/12014\/revisions"}],"predecessor-version":[{"id":12017,"href":"https:\/\/www.automakers.cz\/index.php?rest_route=\/wp\/v2\/posts\/12014\/revisions\/12017"}],"wp:featuredmedia":[{"embeddable":true,"href":"https:\/\/www.automakers.cz\/index.php?rest_route=\/wp\/v2\/media\/8280"}],"wp:attachment":[{"href":"https:\/\/www.automakers.cz\/index.php?rest_route=%2Fwp%2Fv2%2Fmedia&parent=12014"}],"wp:term":[{"taxonomy":"category","embeddable":true,"href":"https:\/\/www.automakers.cz\/index.php?rest_route=%2Fwp%2Fv2%2Fcategories&post=12014"},{"taxonomy":"post_tag","embeddable":true,"href":"https:\/\/www.automakers.cz\/index.php?rest_route=%2Fwp%2Fv2%2Ftags&post=12014"}],"curies":[{"name":"wp","href":"https:\/\/api.w.org\/{rel}","templated":true}]}}