{"id":12027,"date":"2025-03-30T16:05:57","date_gmt":"2025-03-30T16:05:57","guid":{"rendered":"https:\/\/www.automakers.cz\/?p=12027"},"modified":"2025-03-30T16:06:50","modified_gmt":"2025-03-30T16:06:50","slug":"volkswageny-s-technologii-car2x-i-v-cesku","status":"publish","type":"post","link":"https:\/\/www.automakers.cz\/?p=12027","title":{"rendered":"Volkswageny s technologi\u00ed Car2X i v \u010cR"},"content":{"rendered":"<p><b>Volkswagen se stal v \u010cesku prvn\u00ed zna\u010dkou, kter\u00e1 integruje do sv\u00fdch vozidel technologii Car2X ve spojen\u00ed s certifik\u00e1tem pro provoz v r\u00e1mci \u010desk\u00e9ho syst\u00e9mu C-ITS (Cooperative Intelligent Transport Systems), jen\u017e propojuje vozidla mezi sebou, s dopravn\u00ed infrastrukturou i centr\u00e1ln\u00edmi syst\u00e9my \u0159\u00edzen\u00ed silni\u010dn\u00ed dopravy. <\/b><!--more--><\/p>\n<p>Pro \u0159idi\u010de v\u011bt\u0161iny nejprod\u00e1van\u011bj\u0161\u00edch model\u016f Volkswagen na \u010desk\u00e9m trhu to znamen\u00e1, \u017ee si ji\u017e dnes mohou u\u017e\u00edvat vy\u0161\u0161\u00ed \u00farove\u0148 bezpe\u010dnosti d\u00edky v\u010dasn\u00fdm upozorn\u011bn\u00edm na nebezpe\u010dn\u00e9 \u00faseky a situace, a minimalizovat tak riziko nehody.<\/p>\n<p>\u201eJako prvn\u00ed automobilov\u00e1 zna\u010dka, partner projektu C-ITS, m\u016f\u017eeme z\u00e1kazn\u00edk\u016fm v \u010cesk\u00e9 republice nab\u00eddnout ji\u017e dnes chytrou j\u00edzdu budoucnosti s lep\u0161\u00ed informovanost\u00ed o d\u011bn\u00ed na silnic\u00edch,\u201c \u0159\u00edk\u00e1 Jakub \u0160ebesta, vedouc\u00ed divize Volkswagen spole\u010dnosti Porsche \u010cesk\u00e1 republika.<\/p>\n<p>\u201eVolkswagen t\u00edmto krokem upev\u0148uje sv\u00e9 postaven\u00ed pr\u016fkopn\u00edka technologie Car2X na evropsk\u00fdch silnic\u00edch. Ji\u017e na podzim 2019 se stal Golf 8 prvn\u00edm modelem Volkswagen se syst\u00e9mem Car2X v s\u00e9riov\u00e9 v\u00fdbav\u011b a v sou\u010dasnosti mohou bezpe\u010dnostn\u00ed funkce Car2X vyu\u017e\u00edvat \u0159idi\u010di dal\u0161\u00edch dvan\u00e1cti model\u016f zna\u010dek Volkswagen a Volkswagen U\u017eitkov\u00e9 vozy, z nich\u017e polovina pat\u0159\u00ed do na\u0161\u00ed rodiny elektromobil\u016f ID. P\u0159\u00ednosy na\u0161\u00ed pokrokov\u00e9 technologie Car2X ji\u017e ocenily renomovan\u00e9 nez\u00e1visl\u00e9 organizace, jak\u00fdmi jsou Euro NCAP a ADAC,\u201c dod\u00e1v\u00e1 Jakub \u0160ebesta.<\/p>\n<p><strong>Z\u00e1kladem je technologie WLANp<\/strong><\/p>\n<p>Volkswagen jako prvn\u00ed na evropsk\u00e9m trhu zavedl do sv\u00fdch model\u016f syst\u00e9m Car2X funguj\u00edc\u00ed na z\u00e1klad\u011b komunika\u010dn\u00ed technologie WLANp. D\u00edky tomu mohou tyto vozy komunikovat nejen mezi sebou, ale tak\u00e9 v\u00a0r\u00e1mci infrastruktury syst\u00e9mu C-ITS, a to nejen v\u00a0\u010cesk\u00e9 republice, ale tak\u00e9 na pilotn\u00edch trz\u00edch v\u00a0cel\u00e9 EU. Jejich \u0159idi\u010di d\u00edky tomu dost\u00e1vaj\u00ed v\u010das upozorn\u011bn\u00ed na \u00faseky s\u00a0dopravn\u00edmi riziky, aby mohli s\u00a0p\u0159edstihem p\u0159izp\u016fsobit svou j\u00edzdu, a vyhnout se tak nebezpe\u010dn\u00e9 situaci, kter\u00e1 by mohla v\u00e9st k\u00a0dopravn\u00ed nehod\u011b.<\/p>\n<p>Syst\u00e9m Car2X nab\u00edzej\u00ed modely Volkswagen Golf, Golf Variant, Passat, ,Tiguan, Tayron, Multivan, ID.3, ID.4, ID.5, ID.7, ID.7 Tourer a ID. Buzz. Modely poh\u00e1n\u011bn\u00e9 spalovac\u00edmi motory maj\u00ed Car2X v\u00a0s\u00e9riov\u00e9 v\u00fdbav\u011b, pokud se z\u00e1kazn\u00edk rozhodne pro nej\u010dast\u011bji objedn\u00e1van\u00e9 stupn\u011b v\u00fdbavy People a Elegance. U ostatn\u00edch verz\u00ed v\u00fdbavy je Car2X v\u017edy sou\u010d\u00e1st\u00ed Asisten\u010dn\u00edho bal\u00ed\u010dku, kter\u00fd lze dokoupit. V\u011bt\u0161ina nov\u00fdch voz\u016f Volkswagen na \u010desk\u00fdch silnic\u00edch tak m\u00e1 Car2X k\u00a0dispozici.<\/p>\n<p>Syst\u00e9m Car2X ve vozech Volkswagen zahrnuje komunika\u010dn\u00ed jednotku pro Car2X zaji\u0161\u0165uj\u00edc\u00ed p\u0159\u00edstup k internetu, integrovanou st\u0159e\u0161n\u00ed ant\u00e9nu a ve vozech se sklen\u011bnou st\u0159echou nebo st\u0159e\u0161n\u00edm oknem nav\u00edc tak\u00e9 dodate\u010dnou ant\u00e9nu pro datov\u00fd p\u0159enos. Dodate\u010dn\u00e1 mont\u00e1\u017e do ji\u017e provozovan\u00fdch voz\u016f nen\u00ed mo\u017en\u00e1.<\/p>\n<p>\u0158idi\u010di voz\u016f Volkswagen si mohou slu\u017ebu Car2X aktivovat na displeji infotainmentu. V\u00a0nastaven\u00ed re\u017eimu soukrom\u00ed zvol\u00ed \u0159idi\u010d \u201eTechnologie Car2X\u201c a v\u00a0n\u011bkter\u00fdch modelech ID. mus\u00ed b\u00fdt v\u00a0menu \u201eNastaven\u00ed asistence \u0159idi\u010de\u201c aktivov\u00e1na funkce \u201eV\u00fdstraha nebezpe\u010d\u00ed\u201c. Stejn\u011b tak lze syst\u00e9m Car2X tak\u00e9 jednodu\u0161e deaktivovat v\u00a0menu nastaven\u00ed online p\u0159ipojen\u00ed.<\/p>\n<p>V\u00fdstra\u017en\u00e1 upozorn\u011bn\u00ed syst\u00e9mu Car2X ve vozech Volkswagen maj\u00ed vizu\u00e1ln\u00ed nebo akustickou podobu. Upozor\u0148ov\u00e1n\u00ed na lok\u00e1ln\u00ed nebezpe\u010d\u00ed 1.0 zahrnuje stoj\u00edc\u00ed vozidla, porouchan\u00e1 vozidla, nehody, kritick\u00e9 j\u00edzdn\u00ed situace, nebezpe\u010dn\u00fd konec kolony, upozorn\u011bn\u00ed na pr\u00e1ci na silnici a stoj\u00edc\u00ed nebo jedouc\u00ed vozidlo integrovan\u00fdch z\u00e1chrann\u00fdch slo\u017eek (IZS).<\/p>\n<p>Ve variant\u011b 2.0 je rozsah mo\u017en\u00fdch upozorn\u011bn\u00ed roz\u0161\u00ed\u0159en o p\u0159ek\u00e1\u017eku, zv\u00ed\u0159e nebo \u010dlov\u011bka na silnici, siln\u00fd v\u00edtr, kluzk\u00fd povrch vozovky, zhor\u0161enou viditelnost, dopravn\u00ed z\u00e1cpu, \u0159idi\u010de v\u00a0protism\u011bru a pomalu jedouc\u00ed vozidlo. Syst\u00e9m Car2X m\u016f\u017ee b\u00fdt p\u0159itom funk\u010dn\u011b propojen s\u00a0dal\u0161\u00edmi asisten\u010dn\u00edmi funkcemi a naviga\u010dn\u00edm syst\u00e9mem. Nap\u0159\u00edklad vozy vybaven\u00e9 adaptivn\u00edm tempomatem \u010di syst\u00e9mem Travel Assist mohou v\u00a0reakci na nebezpe\u010d\u00ed s\u00a0p\u0159edstihem upravit rychlost j\u00edzdy.<\/p>\n<p>Inovativn\u00ed syst\u00e9m C-ITS vytv\u00e1\u0159\u00ed modern\u00ed dopravn\u00ed s\u00ed\u0165, kter\u00e1 sni\u017euje riziko dopravn\u00edch nehod, zvy\u0161uje plynulost dopravy a umo\u017e\u0148uje efektivn\u011bj\u0161\u00ed vyu\u017e\u00edv\u00e1n\u00ed dopravn\u00ed infrastruktury. Projekt C-ITS je v\u00a0\u010cesk\u00e9 republice postupn\u011b rozv\u00edjen Ministerstvem dopravy \u010cR ve spolupr\u00e1ci s\u00a0\u0158editelstv\u00edm silnic a d\u00e1lnic, spole\u010dnost\u00ed Intens a zna\u010dkami Volkswagen a Volkswagen U\u017eitkov\u00e9 vozy.<\/p>\n<p><a href=\"https:\/\/porsche-cr.t.mailkit.eu\/PfNybAUAKCoRY2xzcAFkaWRfZSDB-JSMBGZpZF9zbWQg49iMlVNmaWRfbXNnIN7aB2NhaWRjMzMxY2xvY2VkYXRhMWdpZF9zZW5kIP6M9wJjY2lkZDg0OTdiZ2EBYWVyaGFuZGxAY3plY2huZXdzLmN6YWFlY2xpY2tibHABZGlkX3QAY2xfY2xkc2MwNTE0MC5qcGdkY2hhbmVlbWFpbGJ0cyCpl5q_BmF1JkRodHRwczovL3UubWFpbGtpdC5ldS9hY3Rpb24saW1nX2xvY2FsL2RjLDg0OTcvZGYsNDgyNjg4L2RzYzA1MTQwLmpwZw\/Ek0esodKo3o6dGtvt7SzPk1y0eVvxKgzYsQ6E2BMiA4\/click\" target=\"_blank\" rel=\"noopener\"><img loading=\"lazy\" decoding=\"async\" class=\"adapt-img\" src=\"https:\/\/u.mailkit.eu\/action,img_local\/dc,8497\/df,482688\/dsc05140.jpg\" alt=\"\" width=\"983\" height=\"655\" \/><\/a><\/p>\n<p>Prvn\u00ed pilotn\u00ed testy C-ITS byly realizov\u00e1ny na \u010desk\u00fdch d\u00e1lnic\u00edch a ve m\u011bstech ji\u017e v\u00a0letech 2017 a 2018. O rok pozd\u011bji byly prvn\u00ed jednotky C-ITS implementov\u00e1ny na d\u00e1lnici D1 a v\u00a0Praze. V\u00a0sou\u010dasnosti jsou technologie C-ITS postupn\u011b zav\u00e1d\u011bny na nejd\u016fle\u017eit\u011bj\u0161\u00edch d\u00e1lnic\u00edch, ale i v\u00a0dopravn\u00edch s\u00edt\u00edch velk\u00fdch m\u011bst od Karlov\u00fdch Var\u016f po Brno. Na konci leto\u0161n\u00edho roku by m\u011blo b\u00fdt technologi\u00ed C-ITS pokryto p\u0159ibli\u017en\u011b 800 km d\u00e1lnic a palubn\u00ed jednotkou C-ITS bude vybaveno v\u00edce ne\u017e 700 vozidel a voz\u00edk\u016f \u00fadr\u017eby \u0158SD. Ned\u00edlnou sou\u010d\u00e1st\u00ed projektu C-ITS jsou tak\u00e9 slo\u017eky Integrovan\u00e9ho z\u00e1chrann\u00e9ho syst\u00e9mu. Chytr\u00e9 technologie tak mohou zajistit rychlej\u0161\u00ed a bezpe\u010dn\u011bj\u0161\u00ed p\u0159\u00edjezd z\u00e1chran\u00e1\u0159\u016f v\u00a0situac\u00edch, kdy o z\u00e1chran\u011b \u017eivota mohou rozhodovat vte\u0159iny.<\/p>\n<p>V\u00fdm\u011bna informac\u00ed mezi vozidly a dopravn\u00ed infrastrukturou prob\u00edh\u00e1 prost\u0159ednictv\u00edm komunika\u010dn\u00edch technologi\u00ed ITS G5 (ve frekven\u010dn\u00edm p\u00e1smu 5,9 GHz). V\u00fdhodou pro zaji\u0161t\u011bn\u00ed spolehliv\u00e9 a v\u010dasn\u00e9 detekce kritick\u00fdch situac\u00ed je extr\u00e9mn\u011b rychl\u00e1 odezva i vysok\u00e1 \u010detnost s\u00a0p\u0159enosem zpr\u00e1v a\u017e desetkr\u00e1t za sekundu. \u0158idi\u010d tak m\u016f\u017ee b\u00fdt s\u00a0dostate\u010dn\u00fdm p\u0159edstihem upozorn\u011bn na bl\u00ed\u017e\u00edc\u00ed se vozidlo Integrovan\u00fdch z\u00e1chrann\u00fdch slo\u017eek, dopravn\u00ed nehodu, p\u0159ek\u00e1\u017eky na silnici, n\u00e1led\u00ed nebo tak\u00e9 n\u00e1hle brzd\u00edc\u00ed vozidlo v\u00a0kolon\u011b p\u0159ed vozem. Na displeji mohou b\u00fdt tak\u00e9 zobrazov\u00e1ny digit\u00e1ln\u00ed dopravn\u00ed zna\u010dky, kter\u00e9 \u0159idi\u010di usnadn\u00ed orientaci v\u00a0nep\u0159ehledn\u00fdch situac\u00edch.<\/p>\n<p>Volkswagen zavedl inovativn\u00ed technologii Car2X do s\u00e9riov\u00e9 v\u00fdbavy nejprve v\u00a0modelu Golf 8, kter\u00fd debutoval na podzim 2019 jako prvn\u00ed osobn\u00ed automobil s\u00a0komunika\u010dn\u00ed technologi\u00ed WLANp na evropsk\u00e9m trhu. WLANp vych\u00e1zej\u00edc\u00ed z\u00a0protokolu IEEE 802.11p umo\u017e\u0148uje komunikaci v\u00a0re\u00e1ln\u00e9m \u010dase na kr\u00e1tk\u00e9 vzd\u00e1lenosti (max. 800 a\u017e 1000 metr\u016f v\u00a0otev\u0159en\u00e9 krajin\u011b, 150 a\u017e 300 metr\u016f ve m\u011bst\u011b), ani\u017e by bylo nutn\u00e9 pou\u017e\u00edvat mobiln\u00ed telefonn\u00ed s\u00edt\u011b.<\/p>\n<p>Vozidlo vys\u00edl\u00e1 informace mimo jin\u00e9 o sv\u00e9 poloze, rychlosti j\u00edzdy a sm\u011bru j\u00edzdy a p\u0159ij\u00edm\u00e1 data od ostatn\u00edch vozidel, okoln\u00ed infrastruktury nebo nap\u0159\u00edklad stavebn\u00edch z\u00e1bran, pokud je na nich syst\u00e9m C-ITS instalov\u00e1n. Ve\u0161ker\u00e1 komunikace je samoz\u0159ejm\u011b anonymn\u00ed a data jsou chr\u00e1n\u011bna certifik\u00e1tem. Volkswagen identitu vozu kv\u016fli anonymizaci dat pravideln\u011b m\u011bn\u00ed.<\/p>\n<p>Volkswagen z\u00edskal za svou inovativn\u00ed technologii bezdr\u00e1tov\u00e9 komunikace vozu s\u00a0ostatn\u00edmi vozidly a dopravn\u00ed infrastrukturou mimo jin\u00e9 ocen\u011bn\u00ed Advanced Award od nez\u00e1visl\u00e9ho konsorcia Euro NCAP, kter\u00e9 vyzdvihlo funkci upozor\u0148uj\u00edc\u00ed \u0159idi\u010de na nebezpe\u010d\u00ed v\u00a0silni\u010dn\u00edm provozu. N\u011bmeck\u00fd autoklub ADAC nav\u00edc ozna\u010dil tuto novou technologii na z\u00e1klad\u011b vlastn\u00edch nez\u00e1visl\u00fdch test\u016f za \u201etechnologck\u00fd miln\u00edk\u201c.<\/p>\n<p><a href=\"https:\/\/www.youtube.com\/watch?v=RDA-dDsSaB8\">Video k funkci Car2X ve vozech Volkswagen v r\u00e1mci \u010desk\u00e9ho syst\u00e9mu C-ITS<\/a><\/p>\n","protected":false},"excerpt":{"rendered":"<p>Volkswagen se stal v \u010cesku prvn\u00ed zna\u010dkou, kter\u00e1 integruje do sv\u00fdch vozidel technologii Car2X ve&#8230;<\/p>\n","protected":false},"author":2,"featured_media":12028,"comment_status":"closed","ping_status":"closed","sticky":false,"template":"","format":"standard","meta":{"footnotes":""},"categories":[47,60,40],"tags":[],"class_list":["post-12027","post","type-post","status-publish","format-standard","has-post-thumbnail","hentry","category-doprava","category-software","category-technologie"],"_links":{"self":[{"href":"https:\/\/www.automakers.cz\/index.php?rest_route=\/wp\/v2\/posts\/12027","targetHints":{"allow":["GET"]}}],"collection":[{"href":"https:\/\/www.automakers.cz\/index.php?rest_route=\/wp\/v2\/posts"}],"about":[{"href":"https:\/\/www.automakers.cz\/index.php?rest_route=\/wp\/v2\/types\/post"}],"author":[{"embeddable":true,"href":"https:\/\/www.automakers.cz\/index.php?rest_route=\/wp\/v2\/users\/2"}],"replies":[{"embeddable":true,"href":"https:\/\/www.automakers.cz\/index.php?rest_route=%2Fwp%2Fv2%2Fcomments&post=12027"}],"version-history":[{"count":7,"href":"https:\/\/www.automakers.cz\/index.php?rest_route=\/wp\/v2\/posts\/12027\/revisions"}],"predecessor-version":[{"id":12044,"href":"https:\/\/www.automakers.cz\/index.php?rest_route=\/wp\/v2\/posts\/12027\/revisions\/12044"}],"wp:featuredmedia":[{"embeddable":true,"href":"https:\/\/www.automakers.cz\/index.php?rest_route=\/wp\/v2\/media\/12028"}],"wp:attachment":[{"href":"https:\/\/www.automakers.cz\/index.php?rest_route=%2Fwp%2Fv2%2Fmedia&parent=12027"}],"wp:term":[{"taxonomy":"category","embeddable":true,"href":"https:\/\/www.automakers.cz\/index.php?rest_route=%2Fwp%2Fv2%2Fcategories&post=12027"},{"taxonomy":"post_tag","embeddable":true,"href":"https:\/\/www.automakers.cz\/index.php?rest_route=%2Fwp%2Fv2%2Ftags&post=12027"}],"curies":[{"name":"wp","href":"https:\/\/api.w.org\/{rel}","templated":true}]}}