{"id":12034,"date":"2025-03-30T16:25:50","date_gmt":"2025-03-30T16:25:50","guid":{"rendered":"https:\/\/www.automakers.cz\/?p=12034"},"modified":"2025-03-30T16:31:09","modified_gmt":"2025-03-30T16:31:09","slug":"autosap-hlasi-nizsi-vyrobni-intenzitu","status":"publish","type":"post","link":"https:\/\/www.automakers.cz\/?p=12034","title":{"rendered":"AutoSAP hl\u00e1s\u00ed ni\u017e\u0161\u00ed v\u00fdrobn\u00ed intenzitu"},"content":{"rendered":"<p><strong>V \u00favodn\u00edch dvou m\u011bs\u00edc\u00edch leto\u0161n\u00edho roku bylo na link\u00e1ch tuzemsk\u00fdch v\u00fdrobc\u016f zkompletov\u00e1no celkem 234 341 osobn\u00edch automobil\u016f, meziro\u010dn\u011b tedy o 11 % vozidel m\u00e9n\u011b. Ni\u017e\u0161\u00ed v\u00fdrobn\u00ed hodnoty zaznamenala i produkce motocykl\u016f se 101 vyroben\u00fdmi kusy. <\/strong><!--more--><\/p>\n<p>Dal\u0161\u00ed n\u00e1r\u016fst v\u00fdroby naopak vyk\u00e1zala produkce autobus\u016f, kter\u00fdch bylo zkompletov\u00e1no celkem 863 ks, meziro\u010dn\u011b tedy o 27 % v\u00edce. Pod\u00edl vozidel s elektrick\u00fdm pohonem vzrostl na 16,9 % z celkov\u00e9 produkce, p\u0159i\u010dem\u017e bylo vyrobeno 30 532 vozidel s \u010dist\u011b elektrick\u00fdm a 9 058 s plug-in hybridn\u00edm pohonem.<\/p>\n<p>\u201ePomalej\u0161\u00ed tempo v\u00fdroby nov\u00fdch osobn\u00edch automobil\u016f, koreluj\u00edc\u00ed s poklesem registrac\u00ed na hlavn\u00edch evropsk\u00fdch trz\u00edch N\u011bmecka, Francie, It\u00e1lie nebo Velk\u00e9 Brit\u00e1nie, se propisuje i do \u00fanorov\u00fdch dat tuzemsk\u00e9 produkce. Na druh\u00e9 stran\u011b pozorujeme v\u00fdrazn\u00fd meziro\u010dn\u00ed n\u00e1r\u016fst ve v\u00fdrob\u011b elektrick\u00fdch vozidel, jejich\u017e pod\u00edl se na dom\u00e1c\u00ed produkci prvn\u00edch dvou m\u011bs\u00edc\u016f roku meziro\u010dn\u011b zv\u00fd\u0161il z lo\u0148sk\u00fdch 7 % na leto\u0161n\u00edch 16,9 %. Tento n\u00e1r\u016fst je v\u00fdsledkem zejm\u00e9na dvou faktor\u016f \u2013 n\u00e1b\u011bhu s\u00e9riov\u00e9 v\u00fdroby nov\u00e9ho modelu \u0160koda Elroq, jeho\u017e produkce v za\u010d\u00e1tku roku t\u00e9m\u011b\u0159 dorovnala sv\u00e9ho star\u0161\u00edho a \u00fasp\u011b\u0161n\u00e9ho p\u0159edch\u016fdce model Enyaq, a tak\u00e9 v\u00edce ne\u017e p\u011btinov\u00e9ho pod\u00edlu elektromobil\u016f na v\u00fdrob\u011b no\u0161ovick\u00e9ho Hyundaie,\u201c \u0159\u00edk\u00e1 Zden\u011bk Petzl, v\u00fdkonn\u00fd \u0159editel Sdru\u017een\u00ed automobilov\u00e9ho pr\u016fmyslu.<\/p>\n<p>\u201ePokud m\u00e1me zachovat konkurenceschopnost a z\u00e1rove\u0148 p\u0159isp\u011bt k udr\u017eiteln\u011bj\u0161\u00ed mobilit\u011b, mus\u00edme nab\u00edzet takov\u00e1 auta, kter\u00e1 z\u00e1kazn\u00edci v danou chv\u00edli cht\u011bj\u00ed, pot\u0159ebuj\u00ed a jsou ochotni si je koupit. Regulace by proto m\u011bla stanovovat re\u00e1ln\u00e9 c\u00edle, ne cesty, jak se k nim dostat,\u201c \u0159\u00edk\u00e1 Zden\u011bk Petzl, v\u00fdkonn\u00fd \u0159editel Sdru\u017een\u00ed automobilov\u00e9ho pr\u016fmyslu, \u201c dod\u00e1v\u00e1 Zden\u011bk Petzl.<\/p>\n<figure id=\"attachment_3525\" aria-describedby=\"caption-attachment-3525\" style=\"width: 900px\" class=\"wp-caption alignnone\"><img loading=\"lazy\" decoding=\"async\" class=\"size-medium wp-image-3525\" src=\"http:\/\/www.automakers.cz\/wp-content\/uploads\/2024\/04\/Zdenek-Petzl_3-900x632.jpg\" alt=\"\" width=\"900\" height=\"632\" \/><figcaption id=\"caption-attachment-3525\" class=\"wp-caption-text\">V\u00fdkonn\u00fd \u0159editel AutoSAP Zden\u011bk Petzl<\/figcaption><\/figure>\n<p><strong>Osobn\u00ed vozidla<\/strong><\/p>\n<p>V lednu a \u00fanoru bylo v \u010cesk\u00e9 republice vyrobeno 234 341 osobn\u00edch vozidel, tj. meziro\u010dn\u011b o 10,9 % m\u00e9n\u011b ne\u017e v prvn\u00edch dvou m\u011bs\u00edc\u00edch p\u0159edchoz\u00edho roku. Elektrick\u00fdch vozidel bylo v dan\u00e9m obdob\u00ed vyrobeno 39 590 ks a jejich pod\u00edl na tuzemsk\u00e9 produkci automobil\u016f se meziro\u010dn\u011b v\u00edce ne\u017e zdvojn\u00e1sobil na 16,9 %. Celkem bylo vyrobeno 30 532 bateriov\u00fdch BEV a 9 058 plug-in hybridn\u00edch PHEV vozidel.<\/p>\n<p>Nejv\u011bt\u0161\u00ed dom\u00e1c\u00ed automobilka \u0160koda Auto vyrobila v lednu a \u00fanoru ve sv\u00fdch tuzemsk\u00fdch z\u00e1vodech 151 429 osobn\u00edch automobil\u016f (-6,4 %). Elektrick\u00fdch voz\u016f (bateriov\u00fdch BEV a plug-in hybridn\u00edch PHEV) vyrobila \u0160koda 29 648 ks, tj. 19,6 % z celkov\u00e9 produkce zna\u010dky. Z toho bylo 24 861 vozidel bateriov\u00fdch BEV a 4 787 vozidel plug-in hybridn\u00edch. V \u010d\u00edslech vyroben\u00fdch elektrick\u00fdch voz\u016f mladoboleslavsk\u00e9 automobilky i celkov\u00e9mu n\u00e1r\u016fstu po\u010dtu zhotoven\u00fdch voz\u016f v tomto segmentu se odr\u00e1\u017e\u00ed i n\u00e1b\u011bh s\u00e9riov\u00e9 v\u00fdroby nov\u00e9ho modelu Elroq, kter\u00e9ho mladoboleslavsk\u00e1 automobilka vyrobila t\u00e9m\u011b\u0159 shodn\u00e9 mno\u017estv\u00ed jako modelu Enyaq.<\/p>\n<p>V no\u0161ovick\u00e9m z\u00e1vod\u011b automobilky Hyundai bylo za prvn\u00ed dva m\u011bs\u00edce vyrobeno celkem 44 440 vozidel, tj. o 24,4 % m\u00e9n\u011b ne\u017e ve stejn\u00e9m obdob\u00ed lo\u0148sk\u00e9ho roku. Z celkov\u00e9ho po\u010dtu vozidel m\u011blo 5 671 ks \u010dist\u011b elektrick\u00fd a 4 271 ks plug-in hybridn\u00ed pohon. Celkov\u011b tak elektrick\u00e9 vozy tvo\u0159ily 22,4 % z celkov\u00e9 produkce.<\/p>\n<p>V kol\u00ednsk\u00e9 Toyot\u011b v prvn\u00edch dvou m\u011bs\u00edc\u00edch zaznamenali pokles produkce o 9,5 %. V absolutn\u00edm vyj\u00e1d\u0159en\u00ed bylo v Kol\u00edn\u011b v \u00favodu leto\u0161n\u00edho roku vyrobeno celkem 38 472 osobn\u00edch automobil\u016f. T\u00e9m\u011b\u0159 58 % z nich tvo\u0159ila vozidla hybridn\u00edho modelu Yaris HEV.<\/p>\n<p><strong>Autobusy<\/strong><\/p>\n<p>V lednu a \u00fanoru 2025 bylo v \u010cesku vyrobeno o 185 autobus\u016f v\u00edce ne\u017e ve stejn\u00e9m obdob\u00ed lo\u0148sk\u00e9ho roku. Celkov\u00e1 hodnota v\u00fdroby tak dos\u00e1hla po\u010dtu 863 autobus\u016f a p\u0159edstavuje 27,3% n\u00e1r\u016fst oproti p\u0159edchoz\u00edmu roku. Ve vysokom\u00fdtsk\u00e9m Iveco CR bylo vyrobeno 842 autobus\u016f, tedy o 31,2 % v\u00edce ne\u017e ve stejn\u00e9m obdob\u00ed lo\u0148sk\u00e9ho roku. SOR Libchavy naopak zaznamenal v prvn\u00edch dvou m\u011bs\u00edc\u00edch tohoto roku ni\u017e\u0161\u00ed v\u00fdrobn\u00ed \u00fadaje autobus\u016f, tj. o 14 ks, pota\u017emo 45,2 % m\u00e9n\u011b ne\u017e vloni.<\/p>\n<p>Spole\u010dnost KHMC vyrobila v lednu a \u00fanoru 4 ks minibus\u016f. V segmentu elektrick\u00fdch pohon\u016f bylo v prvn\u00edch dvou m\u011bs\u00edc\u00edch vyrobeno celkem 62 elektrick\u00fdch autobus\u016f. T\u00e9m\u011b\u0159 v\u0161echny byly vyrobeny v Iveco CR (61 Ks), zbyl\u00fd jeden kus byl zhotoven v libchavsk\u00e9m z\u00e1vod\u011b SOR.<\/p>\n<p><strong>Motocykly<\/strong><\/p>\n<p>Tradi\u010dn\u00ed v\u00fdrobce motocykl\u016f Jawa Moto vyk\u00e1zal meziro\u010dn\u00ed pokles lednov\u00e9 a \u00fanorov\u00e9 v\u00fdroby. V prvn\u00edch dvou m\u011bs\u00edc\u00edch sjelo z v\u00fdrobn\u00ed linky tuzemsk\u00e9 zna\u010dky celkem 101 motocykl\u016f (-33,6 %), v meziro\u010dn\u00edm absolutn\u00edm srovn\u00e1n\u00ed tedy o 51 motocykl\u016f m\u00e9n\u011b.<\/p>\n<p><strong>Zdroj:<\/strong><img loading=\"lazy\" decoding=\"async\" class=\"alignnone size-medium wp-image-5715\" src=\"http:\/\/www.automakers.cz\/wp-content\/uploads\/2024\/07\/autosap-logo-rgb-black-900x315.png\" alt=\"\" width=\"900\" height=\"315\" srcset=\"https:\/\/www.automakers.cz\/wp-content\/uploads\/2024\/07\/autosap-logo-rgb-black-900x315.png 900w, https:\/\/www.automakers.cz\/wp-content\/uploads\/2024\/07\/autosap-logo-rgb-black-1024x359.png 1024w, https:\/\/www.automakers.cz\/wp-content\/uploads\/2024\/07\/autosap-logo-rgb-black-768x269.png 768w, https:\/\/www.automakers.cz\/wp-content\/uploads\/2024\/07\/autosap-logo-rgb-black.png 1182w\" sizes=\"auto, (max-width: 900px) 100vw, 900px\" \/><\/p>\n","protected":false},"excerpt":{"rendered":"<p>V \u00favodn\u00edch dvou m\u011bs\u00edc\u00edch leto\u0161n\u00edho roku bylo na link\u00e1ch tuzemsk\u00fdch v\u00fdrobc\u016f zkompletov\u00e1no celkem 234 341&#8230;<\/p>\n","protected":false},"author":2,"featured_media":12035,"comment_status":"closed","ping_status":"closed","sticky":false,"template":"","format":"standard","meta":{"footnotes":""},"categories":[10,18,53],"tags":[],"class_list":["post-12034","post","type-post","status-publish","format-standard","has-post-thumbnail","hentry","category-statistika","category-vyroba","category-vysledky"],"_links":{"self":[{"href":"https:\/\/www.automakers.cz\/index.php?rest_route=\/wp\/v2\/posts\/12034","targetHints":{"allow":["GET"]}}],"collection":[{"href":"https:\/\/www.automakers.cz\/index.php?rest_route=\/wp\/v2\/posts"}],"about":[{"href":"https:\/\/www.automakers.cz\/index.php?rest_route=\/wp\/v2\/types\/post"}],"author":[{"embeddable":true,"href":"https:\/\/www.automakers.cz\/index.php?rest_route=\/wp\/v2\/users\/2"}],"replies":[{"embeddable":true,"href":"https:\/\/www.automakers.cz\/index.php?rest_route=%2Fwp%2Fv2%2Fcomments&post=12034"}],"version-history":[{"count":5,"href":"https:\/\/www.automakers.cz\/index.php?rest_route=\/wp\/v2\/posts\/12034\/revisions"}],"predecessor-version":[{"id":12050,"href":"https:\/\/www.automakers.cz\/index.php?rest_route=\/wp\/v2\/posts\/12034\/revisions\/12050"}],"wp:featuredmedia":[{"embeddable":true,"href":"https:\/\/www.automakers.cz\/index.php?rest_route=\/wp\/v2\/media\/12035"}],"wp:attachment":[{"href":"https:\/\/www.automakers.cz\/index.php?rest_route=%2Fwp%2Fv2%2Fmedia&parent=12034"}],"wp:term":[{"taxonomy":"category","embeddable":true,"href":"https:\/\/www.automakers.cz\/index.php?rest_route=%2Fwp%2Fv2%2Fcategories&post=12034"},{"taxonomy":"post_tag","embeddable":true,"href":"https:\/\/www.automakers.cz\/index.php?rest_route=%2Fwp%2Fv2%2Ftags&post=12034"}],"curies":[{"name":"wp","href":"https:\/\/api.w.org\/{rel}","templated":true}]}}