{"id":12052,"date":"2025-03-31T06:54:46","date_gmt":"2025-03-31T06:54:46","guid":{"rendered":"https:\/\/www.automakers.cz\/?p=12052"},"modified":"2025-03-31T06:55:05","modified_gmt":"2025-03-31T06:55:05","slug":"kia-spousti-v-cr-znackovy-pronajem-vozu","status":"publish","type":"post","link":"https:\/\/www.automakers.cz\/?p=12052","title":{"rendered":"Kia spou\u0161t\u00ed v \u010cR zna\u010dkov\u00fd pron\u00e1jem voz\u016f"},"content":{"rendered":"<p><strong>Kia uv\u00e1d\u00ed na \u010desk\u00fd trh slu\u017ebu pron\u00e1jmu nov\u00fdch voz\u016f pro kr\u00e1tk\u00e9 \u010di st\u0159edn\u011bdob\u00e9 vyu\u017eit\u00ed. Z\u00e1jemci si mohou vozy aktu\u00e1ln\u011b vyb\u00edrat u prvn\u00edch p\u011bti zna\u010dkov\u00fdch dealer\u016f a do konce roku bude novou slu\u017ebu s n\u00e1zvem Kia Drive nab\u00edzet minim\u00e1ln\u011b jedno zastoupen\u00ed zna\u010dky v ka\u017ed\u00e9m krajsk\u00e9m m\u011bst\u011b.<\/strong><!--more--><\/p>\n<p>V nab\u00eddce je v sou\u010dasn\u00e9 dob\u011b p\u011bt model\u016f v\u010detn\u011b nejnov\u011bj\u0161\u00edho elektromobilu EV3. Slu\u017ebu Kia Drive nab\u00edz\u00ed automobilka ji\u017e od minul\u00e9ho roku u v\u00edce ne\u017e stovky dealer\u016f tak\u00e9 v dal\u0161\u00edch osmi zem\u00edch Evropy.<\/p>\n<p>\u201ePodpora udr\u017eiteln\u00e9, flexibiln\u00ed mobility a rozvoj souvisej\u00edc\u00edch slu\u017eeb je dlouhodobou strategi\u00ed Kia. Fakt, \u017ee v \u010cesk\u00e9 republice uv\u00e1d\u00edme tuto slu\u017ebu jako prvn\u00ed v\u00fdrobce automobil\u016f, je dal\u0161\u00edm potvrzen\u00edm na\u0161eho jasn\u00e9ho sm\u011b\u0159ov\u00e1n\u00ed k tomuto c\u00edli. Na\u0161im z\u00e1kazn\u00edk\u016fm chceme touto slu\u017ebou umo\u017enit jednoduch\u00fd p\u0159\u00edstup k voz\u016fm a technologi\u00edm, na kter\u00e9 jsou zvykl\u00ed, v t\u00e9 nejvy\u0161\u0161\u00ed kvalit\u011b. A to i ve chv\u00edli, kdy nemaj\u00ed vlastn\u00ed v\u016fz k dispozici. Proto jsou v nab\u00eddce pouze nejnov\u011bj\u0161\u00ed modely, maxim\u00e1ln\u011b do 12 m\u011bs\u00edc\u016f st\u00e1\u0159\u00ed a s n\u00e1jezdem do 10 000 km,\u201c \u0159ekl <strong>Arno\u0161t Barna<\/strong>, gener\u00e1ln\u00ed \u0159editel spole\u010dnosti Kia Czech, a dodal:<\/p>\n<p><strong>\u201eTrh pron\u00e1jm\u016f automobil\u016f v Evrop\u011b m\u00e1 do roku 2026 vzr\u016fst na 26 miliard eur ro\u010dn\u011b. Jde o dal\u0161\u00ed nov\u00fd trend, kter\u00fd chceme jako automobilka zachytit a doplnit tak sv\u00e9 tradi\u010dn\u00ed slu\u017eby prodeje a dlouhodob\u00e9ho pron\u00e1jmu voz\u016f.\u201c<\/strong><\/p>\n<p><img loading=\"lazy\" decoding=\"async\" class=\"alignnone size-medium wp-image-12057\" src=\"http:\/\/www.automakers.cz\/wp-content\/uploads\/2025\/03\/Kia-Drive_04-900x600.jpg\" alt=\"\" width=\"900\" height=\"600\" srcset=\"https:\/\/www.automakers.cz\/wp-content\/uploads\/2025\/03\/Kia-Drive_04-900x600.jpg 900w, https:\/\/www.automakers.cz\/wp-content\/uploads\/2025\/03\/Kia-Drive_04-768x512.jpg 768w, https:\/\/www.automakers.cz\/wp-content\/uploads\/2025\/03\/Kia-Drive_04.jpg 1000w\" sizes=\"auto, (max-width: 900px) 100vw, 900px\" \/>Vyzved\u00e1vat a vracet pronajat\u00e9 vozy mohou z\u00e1jemci p\u0159\u00edmo u vybran\u00fdch dealer\u016f Kia. To podle automobilky p\u0159ibl\u00ed\u017e\u00ed slu\u017ebu z\u00e1kazn\u00edk\u016fm, kte\u0159\u00ed ji\u017e nebudou odk\u00e1z\u00e1ni na tradi\u010dn\u00ed autop\u016fj\u010dovny v\u011bt\u0161inou um\u00edst\u011bn\u00e9 na leti\u0161t\u00edch nebo v odlehl\u00fdch pr\u016fmyslov\u00fdch are\u00e1lech. \u201eNa\u0161im dealer\u016fm v r\u00e1mci Kia Drive poskytujeme n\u00e1stroj pro snadnou a rychlou spr\u00e1vu pronaj\u00edman\u00fdch voz\u016f. Ti si pak ke slu\u017eb\u011b mohou p\u0159id\u00e1vat vlastn\u00ed produkty, jako je roz\u0161\u00ed\u0159en\u00e9 poji\u0161t\u011bn\u00ed nebo pron\u00e1jem nosi\u010d\u016f, box\u016f a jin\u00fdch dopl\u0148k\u016f,\u201c uvedl A. Barna s t\u00edm, \u017ee Kia Drive se v pr\u016fb\u011bhu leto\u0161n\u00edho roku (2025) pl\u00e1nuje roz\u0161\u00ed\u0159it do ka\u017ed\u00e9ho krajsk\u00e9ho m\u011bsta \u010cesk\u00e9 republiky.<\/p>\n<p>Rezervaci pak mohou z\u00e1kazn\u00edci vytvo\u0159it fyzicky p\u0159\u00edmo u dealera nebo on-line prost\u0159ednictv\u00edm formul\u00e1\u0159e na str\u00e1nk\u00e1ch <a class=\"cms-editor-link-web\" title=\"Kia Drive\" href=\"https:\/\/www.kia.com\/cz\/prodej\/kia-drive\/#\/\">Kia Drive<\/a>. Zde si mohou zvolit nejbli\u017e\u0161\u00ed dealerstv\u00ed, konkr\u00e9tn\u00ed model a d\u00e9lku pron\u00e1jmu od jednoho dne do n\u011bkolika m\u011bs\u00edc\u016f. To podle Kia odpov\u00edd\u00e1 nej\u010dast\u011bj\u0161\u00edm p\u0159\u00edpad\u016fm kr\u00e1tko- \u010di st\u0159edn\u011bdob\u00e9 pot\u0159eby mobility.<\/p>\n<p><strong>\u201eMezi nej\u010dast\u011bj\u0161\u00ed z\u00e1jemce o pron\u00e1jem pat\u0159\u00ed z\u00e1kazn\u00edci, kte\u0159\u00ed maj\u00ed vlastn\u00ed v\u016fz v servisu, firmy, kter\u00e9 cht\u011bj\u00ed zajistit v\u016fz pro nov\u00e9ho zam\u011bstnance ve zku\u0161ebn\u00ed dob\u011b, nebo z\u00e1kazn\u00edci, kte\u0159\u00ed pl\u00e1nuj\u00ed nap\u0159\u00edklad rodinnou dovolenou a pot\u0159ebuj\u00ed na p\u00e1r t\u00fddn\u016f v\u011bt\u0161\u00ed model,\u201c vysv\u011btlil Jakub \u0158ehounek, PBV &amp; Future Business Manager Kia Czech.<\/strong><\/p>\n<p>Aktu\u00e1ln\u011b jsou v nab\u00eddce Kia Drive modely Stonic, Ceed hatchback, Ceed Sportswagon, Sportage a EV3.<\/p>\n<p><img loading=\"lazy\" decoding=\"async\" class=\"alignnone size-medium wp-image-12056\" src=\"http:\/\/www.automakers.cz\/wp-content\/uploads\/2025\/03\/Kia-Drive_01-900x675.jpg\" alt=\"\" width=\"900\" height=\"675\" srcset=\"https:\/\/www.automakers.cz\/wp-content\/uploads\/2025\/03\/Kia-Drive_01-900x675.jpg 900w, https:\/\/www.automakers.cz\/wp-content\/uploads\/2025\/03\/Kia-Drive_01-768x576.jpg 768w, https:\/\/www.automakers.cz\/wp-content\/uploads\/2025\/03\/Kia-Drive_01.jpg 1000w\" sizes=\"auto, (max-width: 900px) 100vw, 900px\" \/><strong>\u201eD\u00edky \u0161irok\u00e9 s\u00edti dealer\u016f poskytuj\u00edc\u00edch tuto slu\u017ebu nap\u0159\u00ed\u010d Evropou nemusej\u00ed na\u0161i z\u00e1kazn\u00edci na dovolenou cestovat vlastn\u00edm vozem, ale mohou si pronajmout nap\u0159\u00edklad ,svoji Sportage\u2018 a\u017e v m\u00edst\u011b pobytu,\u201c doplnil J. \u0158ehounek.<\/strong><\/p>\n<p>Slu\u017eba je podle automobilky vhodn\u00e1 i pro z\u00e1jemce z \u0159ad nov\u00fdch potenci\u00e1ln\u00edch z\u00e1kazn\u00edk\u016f, kte\u0159\u00ed o po\u0159\u00edzen\u00ed vozu Kia uva\u017euj\u00ed, ale r\u00e1di by si vybran\u00fd model vyzkou\u0161eli po del\u0161\u00ed dobu, ne\u017e nab\u00edzej\u00ed tradi\u010dn\u00ed testovac\u00ed j\u00edzdy. Tak\u00e9 z t\u011bchto d\u016fvod\u016f pl\u00e1nuje Kia postupn\u011b roz\u0161\u00ed\u0159it nab\u00eddku model\u016f k pron\u00e1jmu na cel\u00e9 sv\u00e9 portfolio. \u201eV p\u0159\u00ed\u0161t\u00edm roce tak bude mo\u017en\u00e9 pronajmout si i n\u00e1\u0161 nejnov\u011bj\u0161\u00ed model PV5 ze segmentu lehk\u00fdch u\u017eitkov\u00fdch voz\u016f. V\u011b\u0159\u00edme, \u017ee i tato mo\u017enost n\u00e1m pom\u016f\u017ee naplno proniknout do nov\u00e9ho segmentu a na\u0161i z\u00e1kazn\u00edci ocen\u00ed p\u0159\u00ednosy elektrick\u00e9ho pohonu a modularity tohoto vozu ur\u010den\u00e9ho pro p\u0159epravu v\u011bt\u0161\u00edho po\u010dtu osob \u010di objemn\u011bj\u0161\u00edho n\u00e1kladu,\u201c uzav\u0159el Arno\u0161t Barna s t\u00edm, \u017ee model PV5 bude uveden na \u010desk\u00fd trh ve \u010dtvrt\u00e9m kvart\u00e1lu leto\u0161n\u00edho roku.<\/p>\n<p>Slu\u017ebu pron\u00e1jmu voz\u016f spustila Kia v pilotn\u00edm re\u017eimu v roce 2019 v It\u00e1lii a n\u00e1sledn\u011b ji roz\u0161\u00ed\u0159ila do dal\u0161\u00edch \u010dty\u0159 evropsk\u00fdch zem\u00ed. Po \u00fasp\u011b\u0161n\u00e9m p\u0159ijet\u00ed na t\u011bchto trz\u00edch se automobilka rozhodla pro zaveden\u00ed t\u00e9to slu\u017eby u v\u00edce ne\u017e stovky dealer\u016f nap\u0159\u00ed\u010d Evropou. Aktu\u00e1ln\u011b je Kia Drive k dispozici v \u010cesk\u00e9 republice, It\u00e1lii, \u0160pan\u011blsku, Francii, Polsku, N\u011bmecku, Belgii a na Slovensku. Dal\u0161\u00ed uveden\u00ed pl\u00e1nuje Kia na trz\u00edch v Nizozemsku, \u0160v\u00e9dsku a Rakousku.<\/p>\n<p><strong>Zdroj: Kia<\/strong><\/p>\n<p><img loading=\"lazy\" decoding=\"async\" class=\"alignnone size-medium wp-image-12055\" src=\"http:\/\/www.automakers.cz\/wp-content\/uploads\/2025\/03\/Kia-Drive_03-900x600.jpg\" alt=\"\" width=\"900\" height=\"600\" srcset=\"https:\/\/www.automakers.cz\/wp-content\/uploads\/2025\/03\/Kia-Drive_03-900x600.jpg 900w, https:\/\/www.automakers.cz\/wp-content\/uploads\/2025\/03\/Kia-Drive_03-768x512.jpg 768w, https:\/\/www.automakers.cz\/wp-content\/uploads\/2025\/03\/Kia-Drive_03.jpg 1000w\" sizes=\"auto, (max-width: 900px) 100vw, 900px\" \/><\/p>\n","protected":false},"excerpt":{"rendered":"<p>Kia uv\u00e1d\u00ed na \u010desk\u00fd trh slu\u017ebu pron\u00e1jmu nov\u00fdch voz\u016f pro kr\u00e1tk\u00e9 \u010di st\u0159edn\u011bdob\u00e9 vyu\u017eit\u00ed. Z\u00e1jemci&#8230;<\/p>\n","protected":false},"author":1,"featured_media":12054,"comment_status":"closed","ping_status":"closed","sticky":false,"template":"","format":"standard","meta":{"footnotes":""},"categories":[17,11],"tags":[],"class_list":["post-12052","post","type-post","status-publish","format-standard","has-post-thumbnail","hentry","category-dealeri","category-importeri"],"_links":{"self":[{"href":"https:\/\/www.automakers.cz\/index.php?rest_route=\/wp\/v2\/posts\/12052","targetHints":{"allow":["GET"]}}],"collection":[{"href":"https:\/\/www.automakers.cz\/index.php?rest_route=\/wp\/v2\/posts"}],"about":[{"href":"https:\/\/www.automakers.cz\/index.php?rest_route=\/wp\/v2\/types\/post"}],"author":[{"embeddable":true,"href":"https:\/\/www.automakers.cz\/index.php?rest_route=\/wp\/v2\/users\/1"}],"replies":[{"embeddable":true,"href":"https:\/\/www.automakers.cz\/index.php?rest_route=%2Fwp%2Fv2%2Fcomments&post=12052"}],"version-history":[{"count":3,"href":"https:\/\/www.automakers.cz\/index.php?rest_route=\/wp\/v2\/posts\/12052\/revisions"}],"predecessor-version":[{"id":12059,"href":"https:\/\/www.automakers.cz\/index.php?rest_route=\/wp\/v2\/posts\/12052\/revisions\/12059"}],"wp:featuredmedia":[{"embeddable":true,"href":"https:\/\/www.automakers.cz\/index.php?rest_route=\/wp\/v2\/media\/12054"}],"wp:attachment":[{"href":"https:\/\/www.automakers.cz\/index.php?rest_route=%2Fwp%2Fv2%2Fmedia&parent=12052"}],"wp:term":[{"taxonomy":"category","embeddable":true,"href":"https:\/\/www.automakers.cz\/index.php?rest_route=%2Fwp%2Fv2%2Fcategories&post=12052"},{"taxonomy":"post_tag","embeddable":true,"href":"https:\/\/www.automakers.cz\/index.php?rest_route=%2Fwp%2Fv2%2Ftags&post=12052"}],"curies":[{"name":"wp","href":"https:\/\/api.w.org\/{rel}","templated":true}]}}