{"id":12060,"date":"2025-03-31T07:26:44","date_gmt":"2025-03-31T07:26:44","guid":{"rendered":"https:\/\/www.automakers.cz\/?p=12060"},"modified":"2025-03-31T08:14:39","modified_gmt":"2025-03-31T08:14:39","slug":"hermansky-country-manazerem-byd","status":"publish","type":"post","link":"https:\/\/www.automakers.cz\/?p=12060","title":{"rendered":"He\u0159mansk\u00fd country mana\u017eerem BYD"},"content":{"rendered":"<p><strong>\u010c\u00ednsk\u00e1 zna\u010dka BYD vstoup\u00ed 1. dubna na \u010desk\u00fd trh, chyst\u00e1 velkou konferenci ve F\u00f3ru Karl\u00edn spojenou s testovac\u00edmi j\u00edzdami pro m\u00e9dia. Country mana\u017eerem pro \u010cesko bude dosavadn\u00ed mana\u017eer motocyklov\u00e9 zna\u010dky Harley &#8211; Davidson Martin He\u0159mansk\u00fd.<\/strong><!--more--><\/p>\n<p>V r\u00e1mci \u00fatern\u00ed akce budou m\u00edt novin\u00e1\u0159i mo\u017enost <strong>vyzkou\u0161et testovac\u00ed j\u00edzdu s nejnov\u011bj\u0161\u00edmi modely SEALION 7, SEAL U DM-i, SEAL<\/strong> a sezn\u00e1mit se s technologi\u00ed <strong>BYD Super DM<\/strong>.<\/p>\n<p>&#8222;S pot\u011b\u0161en\u00edm oznamuji, \u017ee jsem se p\u0159ipojil k BYD Europe na pozici Country Managera pro \u010ceskou republiku a Slovensko. T\u011b\u0161\u00edm se na \u00fazkou spolupr\u00e1ci s \u00fa\u017easn\u00fdm t\u00fdmem BYD Europe a na\u0161imi partnery, abychom podpo\u0159ili p\u0159ijet\u00ed inovativn\u00edch \u0159e\u0161en\u00ed elektrick\u00e9 mobility na na\u0161ich trz\u00edch,&#8220; uvedl <strong>Martin He\u0159mansk\u00fd<\/strong> na s\u00edti Linkedin.<\/p>\n<p>He\u0159mansk\u00fd se u\u017e setkal i viceperezidentkou spole\u010dnosti<strong> Stellou Li<\/strong>.<\/p>\n<p><img loading=\"lazy\" decoding=\"async\" class=\"alignnone size-medium wp-image-12065\" src=\"http:\/\/www.automakers.cz\/wp-content\/uploads\/2025\/03\/BYD-Li-Hermansky-Londyn-900x678.jpeg\" alt=\"\" width=\"900\" height=\"678\" srcset=\"https:\/\/www.automakers.cz\/wp-content\/uploads\/2025\/03\/BYD-Li-Hermansky-Londyn-900x678.jpeg 900w, https:\/\/www.automakers.cz\/wp-content\/uploads\/2025\/03\/BYD-Li-Hermansky-Londyn-768x579.jpeg 768w, https:\/\/www.automakers.cz\/wp-content\/uploads\/2025\/03\/BYD-Li-Hermansky-Londyn.jpeg 930w\" sizes=\"auto, (max-width: 900px) 100vw, 900px\" \/>&#8222;V uplynul\u00fdch dvou dnech jsem m\u011bl mo\u017enost z\u00fa\u010dastnit se dynamick\u00e9ho ob\u011bda BYD Sealion 7 na britsk\u00e9m trhu v Lond\u00fdn\u011b a z\u00fa\u010dastnit se setk\u00e1n\u00ed \u010desk\u00fdch a slovensk\u00fdch novin\u00e1\u0159\u016f s v\u00fdkonnou viceprezidentkou spole\u010dnosti,&#8220; p\u0159ibl\u00ed\u017eil setk\u00e1n\u00ed.<\/p>\n<p>PR komunikaci pro zna\u010dku BYD v \u010cesku zajist\u00ed agentura <strong>Surikata PR<\/strong>.<\/p>\n<p><strong>Zdroj: Linkedin, Surikata PR<\/strong><\/p>\n","protected":false},"excerpt":{"rendered":"<p>\u010c\u00ednsk\u00e1 zna\u010dka BYD vstoup\u00ed 1. dubna na \u010desk\u00fd trh, chyst\u00e1 velkou konferenci ve F\u00f3ru Karl\u00edn&#8230;<\/p>\n","protected":false},"author":1,"featured_media":4440,"comment_status":"closed","ping_status":"closed","sticky":false,"template":"","format":"standard","meta":{"footnotes":""},"categories":[26,11,5,21],"tags":[],"class_list":["post-12060","post","type-post","status-publish","format-standard","has-post-thumbnail","hentry","category-eventy","category-importeri","category-personalie","category-pr"],"_links":{"self":[{"href":"https:\/\/www.automakers.cz\/index.php?rest_route=\/wp\/v2\/posts\/12060","targetHints":{"allow":["GET"]}}],"collection":[{"href":"https:\/\/www.automakers.cz\/index.php?rest_route=\/wp\/v2\/posts"}],"about":[{"href":"https:\/\/www.automakers.cz\/index.php?rest_route=\/wp\/v2\/types\/post"}],"author":[{"embeddable":true,"href":"https:\/\/www.automakers.cz\/index.php?rest_route=\/wp\/v2\/users\/1"}],"replies":[{"embeddable":true,"href":"https:\/\/www.automakers.cz\/index.php?rest_route=%2Fwp%2Fv2%2Fcomments&post=12060"}],"version-history":[{"count":6,"href":"https:\/\/www.automakers.cz\/index.php?rest_route=\/wp\/v2\/posts\/12060\/revisions"}],"predecessor-version":[{"id":12068,"href":"https:\/\/www.automakers.cz\/index.php?rest_route=\/wp\/v2\/posts\/12060\/revisions\/12068"}],"wp:featuredmedia":[{"embeddable":true,"href":"https:\/\/www.automakers.cz\/index.php?rest_route=\/wp\/v2\/media\/4440"}],"wp:attachment":[{"href":"https:\/\/www.automakers.cz\/index.php?rest_route=%2Fwp%2Fv2%2Fmedia&parent=12060"}],"wp:term":[{"taxonomy":"category","embeddable":true,"href":"https:\/\/www.automakers.cz\/index.php?rest_route=%2Fwp%2Fv2%2Fcategories&post=12060"},{"taxonomy":"post_tag","embeddable":true,"href":"https:\/\/www.automakers.cz\/index.php?rest_route=%2Fwp%2Fv2%2Ftags&post=12060"}],"curies":[{"name":"wp","href":"https:\/\/api.w.org\/{rel}","templated":true}]}}