{"id":12071,"date":"2025-04-01T11:54:41","date_gmt":"2025-04-01T11:54:41","guid":{"rendered":"https:\/\/www.automakers.cz\/?p=12071"},"modified":"2025-04-01T11:57:57","modified_gmt":"2025-04-01T11:57:57","slug":"do-cr-letos-miri-nekolik-cinskych-znacek","status":"publish","type":"post","link":"https:\/\/www.automakers.cz\/?p=12071","title":{"rendered":"Do \u010cR letos m\u00ed\u0159\u00ed n\u011bkolik \u010d\u00ednsk\u00fdch zna\u010dek"},"content":{"rendered":"<p><strong>Jaro 2025 pokra\u010duje v rytmu \u010d\u00ednsk\u00fdch bubn\u016f. V tuzemsku je u\u017e etablovan\u00e1 MG, po b\u0159eznov\u00e9 premi\u00e9\u0159e zna\u010dek Jaecoo a Omoda ozn\u00e1mil 1. dubna sv\u016fj p\u0159\u00edchod tak\u00e9 BYD. Svoji prodejn\u00ed s\u00ed\u0165 v <span class=\"highlight-E0id1 highlight-E0M\">\u010cesku<\/span> se chyst\u00e1 za\u010d\u00edt budovat i automobilka BAIC.<\/strong><!--more--><\/p>\n<p>Z\u00e1jem \u010d\u00ednsk\u00fdch zna\u010dek o <span class=\"highlight-E0id5 highlight-E0M\">Evropu<\/span> a <span class=\"highlight-E0id1 highlight-E0M\">\u010cR<\/span> je d\u00e1n jejich nadprodukc\u00ed v <span class=\"highlight-E0id3 highlight-E0M\">Asii<\/span> i restriktivn\u00edmi opat\u0159en\u00edmi v <span class=\"highlight-E0id2 highlight-E0M\">USA<\/span>.<\/p>\n<p>\u201e\u010c\u00ednsk\u00e1 nadprodukce hled\u00e1 uplatn\u011bn\u00ed kdekoliv ve sv\u011bt\u011b. Oproti <span class=\"highlight-E0id2 highlight-E0M\">USA<\/span> (100 procent) m\u00e1 <span class=\"highlight-E1id1 highlight-E1M\">EU<\/span> velmi n\u00edzk\u00e1 cla na \u010d\u00ednsk\u00fd import a m\u00e1me tu atraktivn\u00ed vysok\u00e9 ceny. Proto bude pokra\u010dovat vstup \u010d\u00ednsk\u00fdch zna\u010dek a v\u00fdstavba v\u00fdrobn\u00edch kapacit v <span class=\"highlight-E1id1 highlight-E1M\">EU<\/span>,\u201c \u0159ekl Novink\u00e1m <span class=\"highlight-E5id2 highlight-E5M\">expert<\/span> na automobilov\u00fd pr\u016fmysl z <span class=\"highlight-E1id11 highlight-E4id2 highlight-E1M highlight-E4M\">EY<\/span> <strong><span class=\"highlight-E2id2 highlight-E2M\">Petr<\/span> <span class=\"highlight-E2id2 highlight-E2M\">Knap<\/span><\/strong>.<\/p>\n<p>V tomto t\u00fddnu ozn\u00e1mila automobilka <span class=\"highlight-E4id0 highlight-E1id12 highlight-E4M highlight-E1M\">Chery<\/span> zah\u00e1jen\u00ed prodeje sv\u00fdch zna\u010dek <strong><span class=\"highlight-E1id2 highlight-E4id0 highlight-E1M highlight-E4M\">Omoda<\/span> a <span class=\"highlight-E4id0 highlight-E1id3 highlight-E4M highlight-E1M\">Jaecoo<\/span><\/strong>. <span class=\"highlight-E1id12 highlight-E4id0 highlight-E1M highlight-E4M\">Chery<\/span> zastupuje spole\u010dnost <strong>Grand Automotive Central Europe<\/strong>, stejn\u011b jako je tomu v tuzemsku u zna\u010dky <span class=\"highlight-E4id0 highlight-E1id6 highlight-E4M highlight-E1M\">Nissan<\/span>.<\/p>\n<p><img loading=\"lazy\" decoding=\"async\" class=\"alignnone size-medium wp-image-11956\" src=\"http:\/\/www.automakers.cz\/wp-content\/uploads\/2025\/03\/Jaeccoo_Omoda_4-900x635.jpg\" alt=\"\" width=\"900\" height=\"635\" srcset=\"https:\/\/www.automakers.cz\/wp-content\/uploads\/2025\/03\/Jaeccoo_Omoda_4-900x635.jpg 900w, https:\/\/www.automakers.cz\/wp-content\/uploads\/2025\/03\/Jaeccoo_Omoda_4-1024x722.jpg 1024w, https:\/\/www.automakers.cz\/wp-content\/uploads\/2025\/03\/Jaeccoo_Omoda_4-768x542.jpg 768w, https:\/\/www.automakers.cz\/wp-content\/uploads\/2025\/03\/Jaeccoo_Omoda_4-1536x1083.jpg 1536w, https:\/\/www.automakers.cz\/wp-content\/uploads\/2025\/03\/Jaeccoo_Omoda_4-2048x1445.jpg 2048w\" sizes=\"auto, (max-width: 900px) 100vw, 900px\" \/>P\u0159ed zah\u00e1jen\u00edm prodeje je i <strong>BAIC-Beijing<\/strong>, jeho\u017e import m\u00e1 podle webu AUTOmakers zaji\u0161\u0165ovat polsk\u00e1 <span class=\"highlight-E1id13 highlight-E1M\">BEMO<\/span> Group. Pra\u017esk\u00e9 zastoupen\u00ed <strong><span class=\"highlight-E1id13 highlight-E1M\">BEMO<\/span><\/strong> vede b\u00fdval\u00fd <span class=\"highlight-E5id1 highlight-E5M\">\u0161\u00e9f<\/span> importu <span class=\"highlight-E1id10 highlight-E4id0 highlight-E1M highlight-E4M\">Fordu<\/span><strong> Jan Laube<\/strong>.<\/p>\n<p><img loading=\"lazy\" decoding=\"async\" class=\"alignnone size-medium wp-image-11594\" src=\"http:\/\/www.automakers.cz\/wp-content\/uploads\/2025\/03\/BAIC_2-900x582.jpg\" alt=\"\" width=\"900\" height=\"582\" \/>Premi\u00e9rovou tiskovku v Karl\u00edn\u011b si odbyl \u010d\u00ednsk\u00fd gigant <span class=\"highlight-query\">BYD<\/span>. Ozn\u00e1mil uveden\u00ed model\u016f Sealion a Seal. <span class=\"highlight-query\">BYD<\/span> ned\u00e1vno ozn\u00e1mila, \u017ee chce letos zdvojn\u00e1sobit zahrani\u010dn\u00ed prodeje. V <span class=\"highlight-E0id5 highlight-E0M\">Evrop\u011b<\/span> ji\u017e buduje tov\u00e1rnu v <span class=\"highlight-E0id0 highlight-E0M\">Ma\u010farsku<\/span>, kter\u00e1 za\u010dne fungovat na podzim, a dal\u0161\u00ed spust\u00ed p\u0159\u00ed\u0161t\u00ed rok v <span class=\"highlight-E0id4 highlight-E0M\">Turecku<\/span>. V \u010dele \u010desk\u00e9ho a slovensk\u00e9ho zastoupen\u00ed <span class=\"highlight-query\">BYD<\/span> stoj\u00ed b\u00fdval\u00fd vysok\u00fd nadregion\u00e1ln\u00ed <span class=\"highlight-E5id6 highlight-E5M\">mana\u017eer<\/span> americk\u00e9 zna\u010dky <span class=\"highlight-E4id0 highlight-E1id5 highlight-E4id1 highlight-E4M highlight-E1M\">Harley-Davidson<\/span> <span class=\"highlight-E2id0 highlight-E2M\">Martin<\/span> <span class=\"highlight-E2id0 highlight-E2M\">He\u0159mansk\u00fd<\/span>.<\/p>\n<p><img loading=\"lazy\" decoding=\"async\" class=\"alignnone size-medium wp-image-12083\" src=\"http:\/\/www.automakers.cz\/wp-content\/uploads\/2025\/04\/BYD-Hermansky-podium-900x506.jpg\" alt=\"\" width=\"900\" height=\"506\" srcset=\"https:\/\/www.automakers.cz\/wp-content\/uploads\/2025\/04\/BYD-Hermansky-podium-900x506.jpg 900w, https:\/\/www.automakers.cz\/wp-content\/uploads\/2025\/04\/BYD-Hermansky-podium-1024x576.jpg 1024w, https:\/\/www.automakers.cz\/wp-content\/uploads\/2025\/04\/BYD-Hermansky-podium-768x432.jpg 768w, https:\/\/www.automakers.cz\/wp-content\/uploads\/2025\/04\/BYD-Hermansky-podium-1536x864.jpg 1536w, https:\/\/www.automakers.cz\/wp-content\/uploads\/2025\/04\/BYD-Hermansky-podium-1280x720.jpg 1280w, https:\/\/www.automakers.cz\/wp-content\/uploads\/2025\/04\/BYD-Hermansky-podium.jpg 2040w\" sizes=\"auto, (max-width: 900px) 100vw, 900px\" \/>Na \u010desk\u00e9m trhu je ji\u017e p\u0159es rok aktivn\u00ed zna\u010dka<strong> <span class=\"highlight-E3id1 highlight-E3M\">DongFeng<\/span> <\/strong>a zejm\u00e9na <strong><span class=\"highlight-E4id0 highlight-E1id4 highlight-E4M highlight-E1M\">MG<\/span><\/strong>, kter\u00e1 se stala nejprod\u00e1van\u011bj\u0161\u00ed \u010d\u00ednskou zna\u010dkou v tuzemsku.<\/p>\n<p><img loading=\"lazy\" decoding=\"async\" class=\"alignnone size-medium wp-image-8956\" src=\"http:\/\/www.automakers.cz\/wp-content\/uploads\/2024\/11\/MG-TK-Salon-Kralicek-small-900x600.jpg\" alt=\"\" width=\"900\" height=\"600\" \/><\/p>\n<p>&nbsp;<\/p>\n<p>V\u00fdrazn\u00e9 n\u00e1r\u016fsty loni v <span class=\"highlight-E0id1 highlight-E0M\">\u010cesku<\/span> zaznamenaly i v <span class=\"highlight-E0id6 highlight-E0M\">\u010c\u00edn\u011b<\/span> vyr\u00e1b\u011bn\u00e9 vozy <span class=\"highlight-E1id0 highlight-E4id0 highlight-E1M highlight-E4M\">Tesla<\/span>. Z\u00e1jem o evropsk\u00fd i \u010desk\u00fd trh mohou prohloubit vysok\u00e1 cla a dal\u0161\u00ed restrikce pro dovoz \u010d\u00ednsk\u00fdch aut do <span class=\"highlight-E0id2 highlight-E0M\">USA<\/span>.<\/p>\n<p><strong>Zdroj: novinky.cz, \u010cT 24, archiv<\/strong><\/p>\n","protected":false},"excerpt":{"rendered":"<p>Jaro 2025 pokra\u010duje v rytmu \u010d\u00ednsk\u00fdch bubn\u016f. V tuzemsku je u\u017e etablovan\u00e1 MG, po b\u0159eznov\u00e9&#8230;<\/p>\n","protected":false},"author":1,"featured_media":11972,"comment_status":"closed","ping_status":"closed","sticky":false,"template":"","format":"standard","meta":{"footnotes":""},"categories":[11,10],"tags":[],"class_list":["post-12071","post","type-post","status-publish","format-standard","has-post-thumbnail","hentry","category-importeri","category-statistika"],"_links":{"self":[{"href":"https:\/\/www.automakers.cz\/index.php?rest_route=\/wp\/v2\/posts\/12071","targetHints":{"allow":["GET"]}}],"collection":[{"href":"https:\/\/www.automakers.cz\/index.php?rest_route=\/wp\/v2\/posts"}],"about":[{"href":"https:\/\/www.automakers.cz\/index.php?rest_route=\/wp\/v2\/types\/post"}],"author":[{"embeddable":true,"href":"https:\/\/www.automakers.cz\/index.php?rest_route=\/wp\/v2\/users\/1"}],"replies":[{"embeddable":true,"href":"https:\/\/www.automakers.cz\/index.php?rest_route=%2Fwp%2Fv2%2Fcomments&post=12071"}],"version-history":[{"count":5,"href":"https:\/\/www.automakers.cz\/index.php?rest_route=\/wp\/v2\/posts\/12071\/revisions"}],"predecessor-version":[{"id":12085,"href":"https:\/\/www.automakers.cz\/index.php?rest_route=\/wp\/v2\/posts\/12071\/revisions\/12085"}],"wp:featuredmedia":[{"embeddable":true,"href":"https:\/\/www.automakers.cz\/index.php?rest_route=\/wp\/v2\/media\/11972"}],"wp:attachment":[{"href":"https:\/\/www.automakers.cz\/index.php?rest_route=%2Fwp%2Fv2%2Fmedia&parent=12071"}],"wp:term":[{"taxonomy":"category","embeddable":true,"href":"https:\/\/www.automakers.cz\/index.php?rest_route=%2Fwp%2Fv2%2Fcategories&post=12071"},{"taxonomy":"post_tag","embeddable":true,"href":"https:\/\/www.automakers.cz\/index.php?rest_route=%2Fwp%2Fv2%2Ftags&post=12071"}],"curies":[{"name":"wp","href":"https:\/\/api.w.org\/{rel}","templated":true}]}}