{"id":12073,"date":"2025-04-01T11:41:17","date_gmt":"2025-04-01T11:41:17","guid":{"rendered":"https:\/\/www.automakers.cz\/?p=12073"},"modified":"2025-04-04T06:22:13","modified_gmt":"2025-04-04T06:22:13","slug":"sef-znacek-cupra-a-seat-griffiths-skoncil","status":"publish","type":"post","link":"https:\/\/www.automakers.cz\/?p=12073","title":{"rendered":"\u0160\u00e9f zna\u010dek CUPRA a SEAT Griffiths kon\u010d\u00ed"},"content":{"rendered":"<p><strong>Mana\u017eersk\u00e1 hv\u011bzda zna\u010dek CUPRA a SEAT Wayne Griffiths ne\u010dekan\u011b odch\u00e1z\u00ed. Centr\u00e1lu v Martorellu opustil 31. b\u0159ezna. O jeho dal\u0161\u00edch pl\u00e1nech se vedou spekulace, m\u00e1 j\u00edt o jeho osobn\u00ed rozhodnut\u00ed.<\/strong><!--more--><\/p>\n<p>Pokud sv\u00e1 slova b\u011bhem rozhovoru s novin\u00e1\u0159i na v\u00fdro\u010dn\u00ed tiskov\u00e9 konferenci myslel v\u00e1\u017en\u011b, z\u016fstane v\u011brn\u00fd koncernu, kde p\u016fsob\u00ed u\u017e od roku 1989. Tehdy rod\u00e1k z Manchesteru \u0159ekl, \u017ee pr\u00e1ce v koncernu je jeho \u017eivotn\u00edm napln\u011bn\u00edm a nem\u00e1 ambice m\u011bnit prost\u0159ed\u00ed.<\/p>\n<p>Pozici l\u00eddra obou automobilek p\u0159evzal v roce 2019, tedy \u010derstv\u011b pot\u00e9, co se Cupra stala nez\u00e1vislou zna\u010dkou. Pr\u00e1v\u011b jeho z\u00e1sluhou m\u00e1 dnes v\u00fdraznou image dynamick\u00e9 zna\u010dky, kter\u00e1 je schopn\u00e1 uspokojit po\u017eadavky n\u00e1ru\u017eiv\u00fdch \u0159idi\u010d\u016f i t\u011bch, kte\u0159\u00ed cht\u011bj\u00ed atraktivn\u00ed design, ale vysta\u010d\u00ed si s norm\u00e1ln\u00edmi motory.<\/p>\n<p>Pozici gener\u00e1ln\u00edho \u0159editele do\u010dasn\u011b vykon\u00e1v\u00e1 Markus Haupt, vedouc\u00ed v\u00fdroby a logistiky.<\/p>\n<p><strong>Zdroj: auto.cz<\/strong><\/p>\n<p>&nbsp;<\/p>\n","protected":false},"excerpt":{"rendered":"<p>Mana\u017eersk\u00e1 hv\u011bzda zna\u010dek CUPRA a SEAT Wayne Griffiths ne\u010dekan\u011b odch\u00e1z\u00ed. Centr\u00e1lu v Martorellu opustil 31&#8230;.<\/p>\n","protected":false},"author":1,"featured_media":12074,"comment_status":"closed","ping_status":"closed","sticky":false,"template":"","format":"standard","meta":{"footnotes":""},"categories":[6,5],"tags":[],"class_list":["post-12073","post","type-post","status-publish","format-standard","has-post-thumbnail","hentry","category-management","category-personalie"],"_links":{"self":[{"href":"https:\/\/www.automakers.cz\/index.php?rest_route=\/wp\/v2\/posts\/12073","targetHints":{"allow":["GET"]}}],"collection":[{"href":"https:\/\/www.automakers.cz\/index.php?rest_route=\/wp\/v2\/posts"}],"about":[{"href":"https:\/\/www.automakers.cz\/index.php?rest_route=\/wp\/v2\/types\/post"}],"author":[{"embeddable":true,"href":"https:\/\/www.automakers.cz\/index.php?rest_route=\/wp\/v2\/users\/1"}],"replies":[{"embeddable":true,"href":"https:\/\/www.automakers.cz\/index.php?rest_route=%2Fwp%2Fv2%2Fcomments&post=12073"}],"version-history":[{"count":4,"href":"https:\/\/www.automakers.cz\/index.php?rest_route=\/wp\/v2\/posts\/12073\/revisions"}],"predecessor-version":[{"id":12151,"href":"https:\/\/www.automakers.cz\/index.php?rest_route=\/wp\/v2\/posts\/12073\/revisions\/12151"}],"wp:featuredmedia":[{"embeddable":true,"href":"https:\/\/www.automakers.cz\/index.php?rest_route=\/wp\/v2\/media\/12074"}],"wp:attachment":[{"href":"https:\/\/www.automakers.cz\/index.php?rest_route=%2Fwp%2Fv2%2Fmedia&parent=12073"}],"wp:term":[{"taxonomy":"category","embeddable":true,"href":"https:\/\/www.automakers.cz\/index.php?rest_route=%2Fwp%2Fv2%2Fcategories&post=12073"},{"taxonomy":"post_tag","embeddable":true,"href":"https:\/\/www.automakers.cz\/index.php?rest_route=%2Fwp%2Fv2%2Ftags&post=12073"}],"curies":[{"name":"wp","href":"https:\/\/api.w.org\/{rel}","templated":true}]}}