{"id":12103,"date":"2025-04-02T08:30:28","date_gmt":"2025-04-02T08:30:28","guid":{"rendered":"https:\/\/www.automakers.cz\/?p=12103"},"modified":"2025-04-03T07:00:02","modified_gmt":"2025-04-03T07:00:02","slug":"marek-vodicka-konci-u-znacky-mg","status":"publish","type":"post","link":"https:\/\/www.automakers.cz\/?p=12103","title":{"rendered":"Marek Vodi\u010dka kon\u010d\u00ed u zna\u010dky MG"},"content":{"rendered":"<p><strong>T\u00e9m\u011b\u0159 t\u0159i roky p\u016fsobil u zna\u010dky MG jako PR mana\u017eer Marek Vodi\u010dka, p\u0159edt\u00edm ho novin\u00e1\u0159i znali z komunikace Mitsubishi. \u010ctvrt\u00e9ho dubna na pozici kon\u010d\u00ed a odch\u00e1z\u00ed z Autobincku. Co se p\u0159ihodilo a kam Marek d\u00e1le sm\u011b\u0159uje? Kdo ho u MG nahrad\u00ed?<\/strong><!--more--><\/p>\n<p>&#8222;S Markem Vodi\u010dkou (Marketing &amp; PR Director) vz\u00e1jemn\u011b dohodli na ukon\u010den\u00ed pracovn\u00edho pom\u011bru ve spole\u010dnosti AB Motors CZ (distributor voz\u016f MG pro \u010ceskou republiku), a to k 4. 4. 2025. K tomuto rozhodnut\u00ed jsme dosp\u011bli v n\u00e1vaznosti na organiza\u010dn\u00ed zm\u011bny, jejich\u017e c\u00edlem je efektivn\u011bj\u0161\u00ed \u0159\u00edzen\u00ed marketingov\u00fdch aktivit a lep\u0161\u00ed prov\u00e1z\u00e1n\u00ed mezi spole\u010dnostmi AB Motors CZ a AutoBinck Car Distribution International,&#8220; informoval n\u00e1\u0161 port\u00e1l \u0161\u00e9f zna\u010dky MG<strong> Martin Kr\u00e1l\u00ed\u010dek.<\/strong><\/p>\n<p class=\"v1MsoNormal\">Koordinaci marketingov\u00fdch a PR aktivit mezi oba subjekty (AB Motors a ACDI)\u00a0<b>p\u0159evezme Dominika Beranov\u00e1.<\/b><\/p>\n<p><img loading=\"lazy\" decoding=\"async\" class=\"alignnone size-medium wp-image-6384\" src=\"http:\/\/www.automakers.cz\/wp-content\/uploads\/2024\/08\/MG-trojice-Hostivar-Vodicka-Dominika-900x705.jpg\" alt=\"\" width=\"900\" height=\"705\" srcset=\"https:\/\/www.automakers.cz\/wp-content\/uploads\/2024\/08\/MG-trojice-Hostivar-Vodicka-Dominika-900x705.jpg 900w, https:\/\/www.automakers.cz\/wp-content\/uploads\/2024\/08\/MG-trojice-Hostivar-Vodicka-Dominika-768x602.jpg 768w, https:\/\/www.automakers.cz\/wp-content\/uploads\/2024\/08\/MG-trojice-Hostivar-Vodicka-Dominika.jpg 1024w\" sizes=\"auto, (max-width: 900px) 100vw, 900px\" \/><strong>&#8222;Markovi bych cht\u011bl velmi pod\u011bkovat za jeho z\u00e1sadn\u00ed p\u0159\u00ednos p\u0159i etablov\u00e1n\u00ed zna\u010dky MG na \u010desk\u00e9m trhu a pop\u0159\u00e1t mu mnoho \u00fasp\u011bch\u016f v jeho dal\u0161\u00edm profesn\u00edm i osobn\u00edm \u017eivot\u011b,&#8220; p\u00ed\u0161e Kr\u00e1l\u00ed\u010dek.<\/strong><\/p>\n<figure id=\"attachment_10193\" aria-describedby=\"caption-attachment-10193\" style=\"width: 900px\" class=\"wp-caption alignnone\"><img loading=\"lazy\" decoding=\"async\" class=\"size-medium wp-image-10193\" src=\"http:\/\/www.automakers.cz\/wp-content\/uploads\/2025\/01\/MG-TK-Kralovice-900x506.jpg\" alt=\"\" width=\"900\" height=\"506\" srcset=\"https:\/\/www.automakers.cz\/wp-content\/uploads\/2025\/01\/MG-TK-Kralovice-900x506.jpg 900w, https:\/\/www.automakers.cz\/wp-content\/uploads\/2025\/01\/MG-TK-Kralovice-1024x576.jpg 1024w, https:\/\/www.automakers.cz\/wp-content\/uploads\/2025\/01\/MG-TK-Kralovice-768x432.jpg 768w, https:\/\/www.automakers.cz\/wp-content\/uploads\/2025\/01\/MG-TK-Kralovice-1536x864.jpg 1536w, https:\/\/www.automakers.cz\/wp-content\/uploads\/2025\/01\/MG-TK-Kralovice-1280x720.jpg 1280w, https:\/\/www.automakers.cz\/wp-content\/uploads\/2025\/01\/MG-TK-Kralovice.jpg 2040w\" sizes=\"auto, (max-width: 900px) 100vw, 900px\" \/><figcaption id=\"caption-attachment-10193\" class=\"wp-caption-text\">TK Kr\u00e1lovice, Marek Vodi\u010dka a Martin Kr\u00e1l\u00ed\u010dek (FOTO: Erich Handl)<\/figcaption><\/figure>\n<p><strong>Nov\u00fd PR mana\u017eer pro MG se hledat nebude<\/strong><\/p>\n<p>Co se p\u0159esn\u011b p\u0159ihodilo? Podle dostupn\u00fdch informac\u00ed bylo Markovo m\u00edsto zru\u0161eno bez n\u00e1hrady z organiza\u010dn\u00edch d\u016fvod\u016f.<\/p>\n<p>&#8222;To m\u016f\u017eu potvrdit, nov\u00fd PR mana\u017eer na pozici u\u017e se hledat nebude. J\u00e1 jsem pro\u017eil u MG m\u00edrn\u011b stresov\u00e9, ale kr\u00e1sn\u00e9 t\u0159i roky, nyn\u00ed chci vyu\u017e\u00edt situace k dlouh\u00e9mu odpo\u010dinku. Asi pojednu pozorovat tu\u010d\u0148\u00e1ky,&#8220; popsal n\u00e1m Marek situaci a svoji nejbli\u017e\u0161\u00ed budoucnost s nads\u00e1zkou.<\/p>\n<p><strong>P\u0159es 20 let v oboru!<\/strong><\/p>\n<p><strong>Vodi\u010dka byl v oboru v\u00edce ne\u017e 20 let, novin\u00e1\u0159i ho v minulosti potk\u00e1vali v r\u00e1mci PR servisu tak\u00e9 u zna\u010dek Kia nebo Nissan. <\/strong><\/p>\n<p><strong>\u010casopis AUTOmakers s n\u00edm loni p\u0159inesl \u010dasosb\u011brn\u00fd rozhovor. Marek ka\u017edop\u00e1dn\u011b z\u016fst\u00e1v\u00e1 \u010dten\u00e1\u0159em denn\u00edch zpr\u00e1v AUTOmakers!<\/strong><\/p>\n<p><strong>Zdroj: MG, Marek Vodi\u010dka, archiv<\/strong><\/p>\n<p><img loading=\"lazy\" decoding=\"async\" class=\"alignnone size-medium wp-image-4366\" src=\"http:\/\/www.automakers.cz\/wp-content\/uploads\/2024\/05\/MG-Legendy-Vodicka-900x506.jpg\" alt=\"\" width=\"900\" height=\"506\" srcset=\"https:\/\/www.automakers.cz\/wp-content\/uploads\/2024\/05\/MG-Legendy-Vodicka-900x506.jpg 900w, https:\/\/www.automakers.cz\/wp-content\/uploads\/2024\/05\/MG-Legendy-Vodicka-768x432.jpg 768w, https:\/\/www.automakers.cz\/wp-content\/uploads\/2024\/05\/MG-Legendy-Vodicka.jpg 1024w\" sizes=\"auto, (max-width: 900px) 100vw, 900px\" \/><\/p>\n","protected":false},"excerpt":{"rendered":"<p>T\u00e9m\u011b\u0159 t\u0159i roky p\u016fsobil u zna\u010dky MG jako PR mana\u017eer Marek Vodi\u010dka, p\u0159edt\u00edm ho novin\u00e1\u0159i&#8230;<\/p>\n","protected":false},"author":1,"featured_media":244,"comment_status":"closed","ping_status":"closed","sticky":false,"template":"","format":"standard","meta":{"footnotes":""},"categories":[11,5,21],"tags":[],"class_list":["post-12103","post","type-post","status-publish","format-standard","has-post-thumbnail","hentry","category-importeri","category-personalie","category-pr"],"_links":{"self":[{"href":"https:\/\/www.automakers.cz\/index.php?rest_route=\/wp\/v2\/posts\/12103","targetHints":{"allow":["GET"]}}],"collection":[{"href":"https:\/\/www.automakers.cz\/index.php?rest_route=\/wp\/v2\/posts"}],"about":[{"href":"https:\/\/www.automakers.cz\/index.php?rest_route=\/wp\/v2\/types\/post"}],"author":[{"embeddable":true,"href":"https:\/\/www.automakers.cz\/index.php?rest_route=\/wp\/v2\/users\/1"}],"replies":[{"embeddable":true,"href":"https:\/\/www.automakers.cz\/index.php?rest_route=%2Fwp%2Fv2%2Fcomments&post=12103"}],"version-history":[{"count":1,"href":"https:\/\/www.automakers.cz\/index.php?rest_route=\/wp\/v2\/posts\/12103\/revisions"}],"predecessor-version":[{"id":12104,"href":"https:\/\/www.automakers.cz\/index.php?rest_route=\/wp\/v2\/posts\/12103\/revisions\/12104"}],"wp:featuredmedia":[{"embeddable":true,"href":"https:\/\/www.automakers.cz\/index.php?rest_route=\/wp\/v2\/media\/244"}],"wp:attachment":[{"href":"https:\/\/www.automakers.cz\/index.php?rest_route=%2Fwp%2Fv2%2Fmedia&parent=12103"}],"wp:term":[{"taxonomy":"category","embeddable":true,"href":"https:\/\/www.automakers.cz\/index.php?rest_route=%2Fwp%2Fv2%2Fcategories&post=12103"},{"taxonomy":"post_tag","embeddable":true,"href":"https:\/\/www.automakers.cz\/index.php?rest_route=%2Fwp%2Fv2%2Ftags&post=12103"}],"curies":[{"name":"wp","href":"https:\/\/api.w.org\/{rel}","templated":true}]}}