{"id":12136,"date":"2025-04-03T06:48:36","date_gmt":"2025-04-03T06:48:36","guid":{"rendered":"https:\/\/www.automakers.cz\/?p=12136"},"modified":"2025-04-03T06:48:36","modified_gmt":"2025-04-03T06:48:36","slug":"ojetiny-vzrostly-v-breznu-mezirocne-o-petinu","status":"publish","type":"post","link":"https:\/\/www.automakers.cz\/?p=12136","title":{"rendered":"Ojetiny vzrostly v b\u0159eznu meziro\u010dn\u011b o p\u011btinu"},"content":{"rendered":"<p><strong><b>V<\/b><\/strong><strong><b>\u00a0b\u0159eznu se na \u010desk\u00e9m inzertn\u00edm trhu prodalo 84 948 ojet\u00fdch voz\u016f s\u00a0pr\u016fm\u011brnou cenou 309 778 korun. Cena vzrostla meziro\u010dn\u011b o 5,2 procenta, auta jsou v\u00a0pr\u016fm\u011bru st\u00e1le stejn\u011b star\u00e1, a to 12 let, n\u00e1jezd se m\u00edrn\u011b zv\u00fd\u0161il na 149 tis\u00edc kilometr\u016f.<\/b><\/strong><!--more--><\/p>\n<p>Postupn\u011b kles\u00e1 pod\u00edl prodan\u00fdch diesel\u016f ve prosp\u011bch benz\u00ednov\u00fdch aut a elektromobil\u016f. \u010cist\u011b bateriov\u00e9 vozy meziro\u010dn\u011b \u201ezlevnily\u201c. Vypl\u00fdv\u00e1 to z\u00a0anal\u00fdzy sekund\u00e1rn\u00edho trhu, proveden\u00e9 experty AURES Holdings, nejv\u011bt\u0161\u00ed tuzemsk\u00e9 s\u00edt\u011b prodejc\u016f ojet\u00fdch voz\u016f AAA AUTO a Mototechna.<\/p>\n<p><em><i>\u201eSekund\u00e1rn\u00ed automobilov\u00fd trh s\u00a0men\u0161\u00edmi v\u00fdkyvy ji\u017e v\u00edce ne\u017e rok v\u00a0\u0159ad\u011b roste. Potvrzuje to bez m\u00e1la 85 tis\u00edc ojet\u00fdch aut, kter\u00e9 v\u00a0b\u0159eznu na\u0161lo sv\u00e9ho majitele na cel\u00e9m \u010desk\u00e9m inzertn\u00edm trhu. Prodeje ojet\u00fdch aut rostou i u n\u00e1s v\u00a0AAA AUTO i na sousedn\u00edch st\u0159edoevropsk\u00fdch trz\u00edch a je tak zn\u00e1t o\u017eiven\u00ed trhu nap\u0159\u00ed\u010d celou st\u0159edn\u00ed Evropou,\u201c <\/i><\/em>\u0159\u00edk\u00e1 gener\u00e1ln\u00ed \u0159editel AURES Holdings Petr Van\u011b\u010dek a dopl\u0148uje: \u201e<em><i>S o\u017eiven\u00edm trhu ale do\u0161lo i k\u00a0n\u00e1r\u016fstu cen, meziro\u010dn\u011b o 5,2 procenta. Ceny p\u0159itom v\u00a0druh\u00e9 polovin\u011b lo\u0148sk\u00e9ho roku naopak stagnovaly. Meziro\u010dn\u011b m\u00edrn\u011b narostl i po\u010det najet\u00fdch kilometr\u016f na tachometru na 149 tis\u00edc. Auto se v\u00a0pr\u016fm\u011bru prod\u00e1valo 61 dn\u00ed, ne\u017e na\u0161lo sv\u00e9ho kupce. Od ledna se tak doba prodeje m\u011bs\u00ed\u010dn\u011b v\u017edy o jeden den zkr\u00e1tila.\u201c <\/i><\/em><\/p>\n<p>P\u0159esto\u017ee naftov\u00e9 vozy pat\u0159\u00ed v\u00a0\u010cesku st\u00e1le mezi nejprod\u00e1van\u011bj\u0161\u00ed typy motorizace na sekund\u00e1rn\u00edm trhu, jejich pod\u00edl postupn\u011b kles\u00e1. Je\u0161t\u011b v \u00fanoru tvo\u0159ily 54,7 procenta na celkov\u00e9m objemu prodan\u00fdch aut, v\u00a0b\u0159eznu to bylo 53,1 procenta. Pokles nast\u00e1v\u00e1 kv\u016fli postupn\u00e9mu n\u00e1r\u016fstu prodej\u016f u benz\u00ed\u0148\u00e1k\u016f (42,4\u00a0%), ale tak\u00e9 u elektromobil\u016f (1,4\u00a0%). <em><i>\u201eVelkou roli p\u0159i t\u00e9to zm\u011bn\u011b hraje spot\u0159eba. Modern\u00ed benz\u00ednov\u00e9 vozy se toti\u017e u\u017e pr\u00e1v\u011b v\u00a0t\u00e9to oblasti dieselov\u00fdm vyrovn\u00e1vaj\u00ed a podporuje to i podobn\u00e1 cena t\u011bchto paliv. Elektromobily jsou \u00fasporou p\u0159i cestov\u00e1n\u00ed na \u0161pici a jej\u00ed rostouc\u00ed obliba v\u00a0kombinaci s\u00a0klesaj\u00edc\u00ed cenou jim jen nahr\u00e1v\u00e1,\u201c <\/i><\/em>vysv\u011btluje Petr Van\u011b\u010dek.<\/p>\n<p>Doba prodeje se tak\u00e9 postupn\u011b m\u011bn\u00ed. Nejrychleji se prod\u00e1vaj\u00ed diesely, a to 59 dn\u00ed. Meziro\u010dn\u011b se prodeje ale m\u00edrn\u011b zpomalily (+ 1 den). U benz\u00edn\u016f i elektromobil\u016f se naopak doba prodeje zkracuje. Benz\u00ednov\u00fd v\u016fz se v\u00a0pr\u016fm\u011bru prod\u00e1 za 61 dn\u00ed, o 4 dny rychleji ne\u017e vloni. Elektromobil pak 72 dn\u00ed, meziro\u010dn\u011b dokonce o 18 dn\u00ed rychleji.<\/p>\n<p><em><i>\u201eV neprosp\u011bch diesel\u016f hraje i stav na tachometru. Tyto vozy jsou prost\u011b v\u00fdrazn\u011b ojet\u011bj\u0161\u00ed,\u201c<\/i><\/em>\u00a0dopl\u0148uje Van\u011b\u010dek. Prodan\u00fd naf\u0165\u00e1k m\u00e1 v\u00a0pr\u016fm\u011bru najeto 177 tis\u00edc kilometr\u016f, benz\u00ed\u0148\u00e1k 112 tis\u00edc a \u010dist\u011b bateriov\u00fd v\u016fz jen 47\u00a0700 a je\u0161t\u011b je z\u00a0t\u00e9to trojice suver\u00e9nn\u011b nejmlad\u0161\u00ed (3-4 roky). Cena dieselov\u00e9ho a benz\u00ednov\u00e9ho vozu je p\u0159itom srovnateln\u00e1 \u2013 295 vs. 301 tis\u00edc. Elektromobily jsou st\u00e1le v\u00edce ne\u017e dvojn\u00e1sobn\u011b dra\u017e\u0161\u00ed, ale jejich cena kontinu\u00e1ln\u011b kles\u00e1. Zat\u00edmco vloni v\u00a0b\u0159eznu takov\u00fdto v\u016fz z\u00e1jemce kupoval v\u00a0pr\u016fm\u011bru za 863\u00a0932 korun, letos to bylo v\u00a0t\u0159et\u00edm m\u011bs\u00edci u\u017e 695\u00a0172 K\u010d.<\/p>\n<p><img loading=\"lazy\" decoding=\"async\" class=\"alignnone size-full wp-image-1396\" src=\"http:\/\/www.automakers.cz\/wp-content\/uploads\/2024\/01\/AAA_AUTO_ULA-5-678x381-1.jpeg\" alt=\"\" width=\"678\" height=\"381\" \/><\/p>\n<p>Nejprod\u00e1van\u011bj\u0161\u00edmi modely bylo v\u00a0b\u0159eznu trio \u0160kodovek \u2013 Octavia (9,1\u00a0%), Fabia (5,3\u00a0%) a Superb (3\u00a0%). Z\u00a0elektromobil\u016f se nejv\u00edce prodalo Tesel Model 3 (14,9\u00a0%), BMW i3 (8\u00a0%) a \u0160kody Enyaq (6,7\u00a0%). Pozice aut s\u00a0manu\u00e1ln\u00ed p\u0159evodovkou nad\u00e1le oslabuje a automaty u\u017e na \u010desk\u00e9m sekund\u00e1rn\u00edm trhu tvo\u0159\u00ed v\u00edce ne\u017e dv\u011b p\u011btiny prodej\u016f.<\/p>\n<p><strong>Zdroj: AAA Auto<\/strong><\/p>\n","protected":false},"excerpt":{"rendered":"<p>V\u00a0b\u0159eznu se na \u010desk\u00e9m inzertn\u00edm trhu prodalo 84 948 ojet\u00fdch voz\u016f s\u00a0pr\u016fm\u011brnou cenou 309 778&#8230;<\/p>\n","protected":false},"author":1,"featured_media":6238,"comment_status":"closed","ping_status":"closed","sticky":false,"template":"","format":"standard","meta":{"footnotes":""},"categories":[55,10],"tags":[],"class_list":["post-12136","post","type-post","status-publish","format-standard","has-post-thumbnail","hentry","category-bazary","category-statistika"],"_links":{"self":[{"href":"https:\/\/www.automakers.cz\/index.php?rest_route=\/wp\/v2\/posts\/12136","targetHints":{"allow":["GET"]}}],"collection":[{"href":"https:\/\/www.automakers.cz\/index.php?rest_route=\/wp\/v2\/posts"}],"about":[{"href":"https:\/\/www.automakers.cz\/index.php?rest_route=\/wp\/v2\/types\/post"}],"author":[{"embeddable":true,"href":"https:\/\/www.automakers.cz\/index.php?rest_route=\/wp\/v2\/users\/1"}],"replies":[{"embeddable":true,"href":"https:\/\/www.automakers.cz\/index.php?rest_route=%2Fwp%2Fv2%2Fcomments&post=12136"}],"version-history":[{"count":2,"href":"https:\/\/www.automakers.cz\/index.php?rest_route=\/wp\/v2\/posts\/12136\/revisions"}],"predecessor-version":[{"id":12138,"href":"https:\/\/www.automakers.cz\/index.php?rest_route=\/wp\/v2\/posts\/12136\/revisions\/12138"}],"wp:featuredmedia":[{"embeddable":true,"href":"https:\/\/www.automakers.cz\/index.php?rest_route=\/wp\/v2\/media\/6238"}],"wp:attachment":[{"href":"https:\/\/www.automakers.cz\/index.php?rest_route=%2Fwp%2Fv2%2Fmedia&parent=12136"}],"wp:term":[{"taxonomy":"category","embeddable":true,"href":"https:\/\/www.automakers.cz\/index.php?rest_route=%2Fwp%2Fv2%2Fcategories&post=12136"},{"taxonomy":"post_tag","embeddable":true,"href":"https:\/\/www.automakers.cz\/index.php?rest_route=%2Fwp%2Fv2%2Ftags&post=12136"}],"curies":[{"name":"wp","href":"https:\/\/api.w.org\/{rel}","templated":true}]}}