{"id":12152,"date":"2025-04-04T06:27:56","date_gmt":"2025-04-04T06:27:56","guid":{"rendered":"https:\/\/www.automakers.cz\/?p=12152"},"modified":"2025-04-04T06:29:19","modified_gmt":"2025-04-04T06:29:19","slug":"mohelnicky-zavod-innomotics-meni-sefa","status":"publish","type":"post","link":"https:\/\/www.automakers.cz\/?p=12152","title":{"rendered":"Mohelnick\u00fd z\u00e1vod Innomotics m\u011bn\u00ed \u0161\u00e9fa"},"content":{"rendered":"<p><strong>Z\u00e1vod Innomotics v Mohelnici m\u00e1 nov\u00e9 veden\u00ed. Od b\u0159ezna se jeho \u0161\u00e9fem stal Milan Rajt\u00e1r, kter\u00fd dosud p\u016fsobil na pozici ekonomick\u00e9ho \u0159editele a ve sv\u00e9 nov\u00e9 roli nahradil Pavla Jank\u016f. V nov\u00e9 roli \u0159editele z\u00e1vodu bude Milan Rajt\u00e1r pod\u0159\u00edzen gener\u00e1ln\u00edmu \u0159editeli Innomotics \u010cR Romanu Valn\u00e9mu.<\/strong><span id=\"more-2561\"><\/span><!--more--><\/p>\n<p><strong>Milan Rajt\u00e1r<\/strong> m\u00e1 14 let zku\u0161enost\u00ed z\u00a0oblasti n\u00edzkonap\u011b\u0165ov\u00fdch motor\u016f \u2013 na controlling mohelnick\u00e9ho z\u00e1vodu nastoupil ji\u017e v\u00a0roce 2004, kr\u00e1tce p\u016fsobil i v\u00a0n\u011bmeck\u00e9m Bad Neustadt, a krom\u011b controllingu v\u00a0mohelnick\u00e9m z\u00e1vod\u011b vedl i mont\u00e1\u017e a logistiku.<\/p>\n<p>Po odchodu ze z\u00e1vodu a 8 letech na vedouc\u00edch pozic\u00edch v\u00a0automotive se do mohelnick\u00e9ho z\u00e1vodu znovu vr\u00e1til v\u00a0roce 2020, tentokr\u00e1t na pozici ekonomick\u00e9ho \u0159editele, a po p\u011bti letech na\u00a0t\u00e9to pozici se k\u00a01. b\u0159eznu stal \u0159editelem mohelnick\u00e9ho z\u00e1vodu, kter\u00fd je nejv\u011bt\u0161\u00edm evropsk\u00fdm v\u00fdrobcem n\u00edzkonap\u011b\u0165ov\u00fdch asynchronn\u00edch elektromotor\u016f a svou plochou 30 hektar\u016f je tak\u00e9 nejv\u011bt\u0161\u00edm v\u00fdrobn\u00edm are\u00e1lem Innomotics.<\/p>\n<p><em><i>\u201eV\u00e9st nejv\u011bt\u0161\u00ed \u010desk\u00fd v\u00fdrobn\u00ed z\u00e1vod Innomotics je pro m\u011b obrovsk\u00e1 v\u00fdzva, obzvl\u00e1\u0161\u0165 v\u00a0tomto kl\u00ed\u010dov\u00e9m obdob\u00ed, kdy jsme pod nov\u00fdm vlastn\u00edkem nastartovali cestu ke strategicky dlouhodob\u00e9mu r\u016fstu. Jsem ale r\u00e1d, \u017ee m\u00e1me u n\u00e1s v\u00a0mohelnick\u00e9m z\u00e1vod\u011b skv\u011bl\u00fd t\u00fdm odborn\u00edk\u016f, na kter\u00e9 se mohu spolehnout, a v\u011b\u0159\u00edm, \u017ee spole\u010dn\u011b dok\u00e1\u017eeme mohelnick\u00fd Innomotics posunout v\u00a0mnoha ohledech na \u0161pi\u010dkovou \u00farove\u0148,\u201c <\/i><\/em>uv\u00e1d\u00ed Milan Rajt\u00e1r.<\/p>\n<p><strong><b>Spole\u010dnost Innomotics GmbH<\/b><\/strong> je dodavatel v oblasti v\u00fdroby elektromotor\u016f a velk\u00fdch pohon\u016f, kter\u00fd spojuje hlubok\u00e9 technick\u00e9 znalosti a \u0161pi\u010dkov\u00e9 inovace v oblasti elektrotechnick\u00fdch \u0159e\u0161en\u00ed nap\u0159\u00ed\u010d sv\u011btem a r\u016fzn\u00fdmi pr\u016fmyslov\u00fdmi odv\u011btv\u00edmi. S v\u00edce ne\u017e 150 lety zku\u0161enost\u00ed ve v\u00fdvoji elektromotor\u016f se spole\u010dnost stala z\u00e1kladem spolehliv\u00e9ho pohybu pro pr\u016fmyslov\u00e1 odv\u011btv\u00ed a synonymem pro infrastrukturu po cel\u00e9m sv\u011bt\u011b.<\/p>\n<p>Spole\u010dnost Innomotics ud\u00e1v\u00e1 sm\u011br v oblasti pr\u016fmyslov\u00e9 efektivity, elektrifikace, udr\u017eitelnosti a digitalizace. M\u00e1 s\u00eddlo v Norimberku (N\u011bmecko) a glob\u00e1ln\u011b zam\u011bstn\u00e1v\u00e1 kolem 15.000 lid\u00ed. Jej\u00ed ro\u010dn\u00ed obrat p\u0159esahuje 3 miliardy eur. Se 17 v\u00fdrobn\u00edmi z\u00e1vody a rozs\u00e1hlou prodejn\u00ed a servisn\u00ed s\u00edt\u00ed ve 49 zem\u00edch sv\u011bta m\u00e1 spole\u010dnost Innomotics vyv\u00e1\u017een\u00e9 postaven\u00ed na rostouc\u00edm trhu.<\/p>\n<p><img loading=\"lazy\" decoding=\"async\" class=\"alignnone size-medium wp-image-2567\" src=\"https:\/\/www.czechbanking.cz\/wp-content\/uploads\/2025\/04\/Innomotics-Foto-LVM-Mohelnice_2-300x226.jpg\" sizes=\"auto, (max-width: 300px) 100vw, 300px\" srcset=\"https:\/\/www.czechbanking.cz\/wp-content\/uploads\/2025\/04\/Innomotics-Foto-LVM-Mohelnice_2-300x226.jpg 300w, https:\/\/www.czechbanking.cz\/wp-content\/uploads\/2025\/04\/Innomotics-Foto-LVM-Mohelnice_2-1024x771.jpg 1024w, https:\/\/www.czechbanking.cz\/wp-content\/uploads\/2025\/04\/Innomotics-Foto-LVM-Mohelnice_2-768x578.jpg 768w, https:\/\/www.czechbanking.cz\/wp-content\/uploads\/2025\/04\/Innomotics-Foto-LVM-Mohelnice_2-1536x1157.jpg 1536w, https:\/\/www.czechbanking.cz\/wp-content\/uploads\/2025\/04\/Innomotics-Foto-LVM-Mohelnice_2.jpg 2040w\" alt=\"\" width=\"300\" height=\"226\" \/><\/p>\n<p><strong><b>Innomotics v \u010cesk\u00e9 republice<\/b><\/strong> pat\u0159\u00ed ve sv\u00e9m oboru mezi v\u00fdznamn\u00e9 \u010desk\u00e9 pr\u016fmyslov\u00e9 spole\u010dnosti. \u00a0Spole\u010dnost navazuje na 120letou tradic\u00ed a s t\u00e9m\u011b\u0159 4 tis\u00edci zam\u011bstnanci se \u0159ad\u00ed mezi v\u00fdznamn\u00e9 \u010desk\u00e9 zam\u011bstnavatele. M\u00e1 v\u00fdrobn\u00ed portfolio od n\u00edzkonap\u011b\u0165ov\u00fdch po vysokonap\u011b\u0165ov\u00e9 elektromotory, motory s osovou v\u00fd\u0161kou 63 a\u017e 900 mm, motory s p\u0159evodovkou a gener\u00e1tory.<\/p>\n<p>Nab\u00edz\u00ed v\u0161ak i v\u00fdvoj a inovativn\u00ed \u0159e\u0161en\u00ed na m\u00edru z\u00e1kazn\u00edkovi, v\u010detn\u011b nab\u00eddky ekologicky \u00fasporn\u00fdch motor\u016f s vysokou \u00fa\u010dinnost\u00ed. V\u00fdrobn\u00ed z\u00e1vody Innomotics se \u0159ad\u00ed mezi \u010desk\u00e9 provozy s nejvy\u0161\u0161\u00ed m\u00edrou automatizace a digitalizace. V\u00edce informac\u00ed na www.innomotics.cz.<\/p>\n<p><img loading=\"lazy\" decoding=\"async\" class=\"alignnone size-medium wp-image-2566\" src=\"https:\/\/www.czechbanking.cz\/wp-content\/uploads\/2025\/04\/Innomotics-Foto-LVM-Mohelnice_1-300x86.jpg\" sizes=\"auto, (max-width: 300px) 100vw, 300px\" srcset=\"https:\/\/www.czechbanking.cz\/wp-content\/uploads\/2025\/04\/Innomotics-Foto-LVM-Mohelnice_1-300x86.jpg 300w, https:\/\/www.czechbanking.cz\/wp-content\/uploads\/2025\/04\/Innomotics-Foto-LVM-Mohelnice_1-1024x294.jpg 1024w, https:\/\/www.czechbanking.cz\/wp-content\/uploads\/2025\/04\/Innomotics-Foto-LVM-Mohelnice_1-768x220.jpg 768w, https:\/\/www.czechbanking.cz\/wp-content\/uploads\/2025\/04\/Innomotics-Foto-LVM-Mohelnice_1-1536x440.jpg 1536w, https:\/\/www.czechbanking.cz\/wp-content\/uploads\/2025\/04\/Innomotics-Foto-LVM-Mohelnice_1-2048x587.jpg 2048w\" alt=\"\" width=\"300\" height=\"86\" \/><\/p>\n<p><strong><b>Zdroj:<\/b><\/strong><br \/>\nInnomotics, s.r.o.<br \/>\nKate\u0159ina Pt\u00e1\u010dkov\u00e1<\/p>\n","protected":false},"excerpt":{"rendered":"<p>Z\u00e1vod Innomotics v Mohelnici m\u00e1 nov\u00e9 veden\u00ed. Od b\u0159ezna se jeho \u0161\u00e9fem stal Milan Rajt\u00e1r,&#8230;<\/p>\n","protected":false},"author":1,"featured_media":12153,"comment_status":"closed","ping_status":"closed","sticky":false,"template":"","format":"standard","meta":{"footnotes":""},"categories":[6,5],"tags":[],"class_list":["post-12152","post","type-post","status-publish","format-standard","has-post-thumbnail","hentry","category-management","category-personalie"],"_links":{"self":[{"href":"https:\/\/www.automakers.cz\/index.php?rest_route=\/wp\/v2\/posts\/12152","targetHints":{"allow":["GET"]}}],"collection":[{"href":"https:\/\/www.automakers.cz\/index.php?rest_route=\/wp\/v2\/posts"}],"about":[{"href":"https:\/\/www.automakers.cz\/index.php?rest_route=\/wp\/v2\/types\/post"}],"author":[{"embeddable":true,"href":"https:\/\/www.automakers.cz\/index.php?rest_route=\/wp\/v2\/users\/1"}],"replies":[{"embeddable":true,"href":"https:\/\/www.automakers.cz\/index.php?rest_route=%2Fwp%2Fv2%2Fcomments&post=12152"}],"version-history":[{"count":3,"href":"https:\/\/www.automakers.cz\/index.php?rest_route=\/wp\/v2\/posts\/12152\/revisions"}],"predecessor-version":[{"id":12156,"href":"https:\/\/www.automakers.cz\/index.php?rest_route=\/wp\/v2\/posts\/12152\/revisions\/12156"}],"wp:featuredmedia":[{"embeddable":true,"href":"https:\/\/www.automakers.cz\/index.php?rest_route=\/wp\/v2\/media\/12153"}],"wp:attachment":[{"href":"https:\/\/www.automakers.cz\/index.php?rest_route=%2Fwp%2Fv2%2Fmedia&parent=12152"}],"wp:term":[{"taxonomy":"category","embeddable":true,"href":"https:\/\/www.automakers.cz\/index.php?rest_route=%2Fwp%2Fv2%2Fcategories&post=12152"},{"taxonomy":"post_tag","embeddable":true,"href":"https:\/\/www.automakers.cz\/index.php?rest_route=%2Fwp%2Fv2%2Ftags&post=12152"}],"curies":[{"name":"wp","href":"https:\/\/api.w.org\/{rel}","templated":true}]}}