{"id":12163,"date":"2025-04-04T09:31:21","date_gmt":"2025-04-04T09:31:21","guid":{"rendered":"https:\/\/www.automakers.cz\/?p=12163"},"modified":"2025-04-04T12:11:46","modified_gmt":"2025-04-04T12:11:46","slug":"sda-registrace-novych-aut-dosahly-predcovidove-urovne","status":"publish","type":"post","link":"https:\/\/www.automakers.cz\/?p=12163","title":{"rendered":"SDA: registrace nov\u00fdch aut letos dos\u00e1hly p\u0159edcovidov\u00e9 \u00farovn\u011b"},"content":{"rendered":"<p><strong>Tajemn\u00edk Svazu dovoz\u016f automobil\u016f svolal 4. dubna novin\u00e1\u0159e na kvart\u00e1ln\u00ed tiskovou konferenci do vr\u0161ovick\u00e9ho hotelu Iris. &#8222;Prvn\u00ed \u010dtvrtlet\u00ed roku 2025 bylo z hlediska prodej\u016f nov\u00fdch osobn\u00edch automobil\u016f v \u010cR \u00fasp\u011b\u0161n\u00e9,&#8220; otev\u0159el tiskovku Josef Pokorn\u00fd.<\/strong><!--more--><br \/>\n&#8222;Celkov\u00e9 registrace osobn\u00edch automobil\u016f meziro\u010dn\u011b vzrostly o 3,6 procenta a poprv\u00e9 se dostaly na \u010d\u00edsla v obdob\u00ed p\u0159ed covidem. V \u017e\u00e1dn\u00e9m prvn\u00edm kavart\u00e1le se v posledn\u00edch letech nepoda\u0159ilo tak vysok\u00e1 \u010d\u00edsla prok\u00e1zat,&#8220; up\u0159esnil tajemn\u00edk.<\/p>\n<p><strong>Skokanem kvart\u00e1lu je Ford<\/strong><\/p>\n<p>&#8222;Po\u0159ad\u00ed zna\u010dek na prvn\u00edch dvou m\u00edstech je dlouhodob\u011b stabiln\u00ed, u dal\u0161\u00edch do\u0161lo ke zm\u011bn\u00e1m. Zhruba polovinu registrac\u00ed dlouhodob\u011b tvo\u0159\u00ed vozy SUV. Pod\u00edl nafty m\u00edrn\u011b poklesl, ale st\u00e1le \u010din\u00ed t\u00e9m\u011b\u0159 22 %. Nad\u00e1le stoup\u00e1 pod\u00edl alternativn\u00edch pohon\u016f, u osobn\u00edch automobil\u016f tvo\u0159\u00ed 32,6 %. Pod\u00edl \u010dist\u011b elektrick\u00fdch OA dos\u00e1hl 5,2 %, co\u017e je v\u00edce ne\u017e za rok 2024 (4,7 %). T\u00e9m\u011b\u0159 dv\u011b t\u0159etiny t\u011bchto voz\u016f zaregistrovaly pouze t\u0159i zna\u010dky \u2013 v po\u0159ad\u00ed \u0160koda, Tesla a VW,&#8220; shrnul \u010d\u00edsla Pokorn\u00fd s t\u00edm, \u017ee skokanem kvart\u00e1lu je Ford, kter\u00fd se letos vyhoupl na sedmou p\u0159\u00ed\u010dku.<\/p>\n<p><img loading=\"lazy\" decoding=\"async\" class=\"alignnone size-medium wp-image-12177\" src=\"http:\/\/www.automakers.cz\/wp-content\/uploads\/2025\/04\/SDA-TK-Pokorny-900x506.jpg\" alt=\"\" width=\"900\" height=\"506\" srcset=\"https:\/\/www.automakers.cz\/wp-content\/uploads\/2025\/04\/SDA-TK-Pokorny-900x506.jpg 900w, https:\/\/www.automakers.cz\/wp-content\/uploads\/2025\/04\/SDA-TK-Pokorny-1024x576.jpg 1024w, https:\/\/www.automakers.cz\/wp-content\/uploads\/2025\/04\/SDA-TK-Pokorny-768x432.jpg 768w, https:\/\/www.automakers.cz\/wp-content\/uploads\/2025\/04\/SDA-TK-Pokorny-1536x864.jpg 1536w, https:\/\/www.automakers.cz\/wp-content\/uploads\/2025\/04\/SDA-TK-Pokorny-1280x720.jpg 1280w, https:\/\/www.automakers.cz\/wp-content\/uploads\/2025\/04\/SDA-TK-Pokorny.jpg 2040w\" sizes=\"auto, (max-width: 900px) 100vw, 900px\" \/><strong>V ostatn\u00edch kategori\u00edch vozidel v meziro\u010dn\u00edm srovn\u00e1n\u00ed vzrostly registrace autobus\u016f, m\u00e9n\u011b se da\u0159ilo LUV, n\u00e1kladn\u00edm voz\u016fm a motocykl\u016fm.<\/strong><\/p>\n<p><strong>Statistiky 1. kvart\u00e1lu<\/strong><\/p>\n<p>V obdob\u00ed 1\u20133\/2025 bylo v \u010cR registrov\u00e1no celkem 59 686 nov\u00fdch osobn\u00edch automobil\u016f, 4 480 lehk\u00fdch u\u017eitkov\u00fdch automobil\u016f, 243 autobus\u016f, 1 956 n\u00e1kladn\u00edch vozidel, 4 626 motocykl\u016f. Za stejn\u00e9 obdob\u00ed minul\u00e9ho roku to bylo 57 605 osobn\u00edch automobil\u016f, 5 966 lehk\u00fdch u\u017eitkov\u00fdch automobil\u016f, 189 autobus\u016f, 2 213 n\u00e1kladn\u00edch vozidel a 5 378 motocykl\u016f.<\/p>\n<p>Celkov\u011b registrace nov\u00fdch osobn\u00edch automobil\u016f v obdob\u00ed 1\u20133\/2025 ve srovn\u00e1n\u00ed s 1\u20133\/2024 vzrostly o 3,61 % (z 57 605 ks na 59 686 ks, tj. o 2081 ks). V b\u0159eznu meziro\u010dn\u011b stouply o 19,30 %. Pod\u00edl firemn\u00edch vozidel \u010din\u00ed 74 %, soukrom\u00fdch 26 %.<\/p>\n<p>Prvn\u00ed je zna\u010dka \u0160koda s 21 015 registrovan\u00fdmi osobn\u00edmi automobily (35,21 %), n\u00e1sleduj\u00ed Hyundai \u2013 5 275 ks (8,84 %), Volkswagen \u2013 4 268 ks (7,15 %), Toyota \u2013 3 786 ks (6,34 %), Kia \u2013 2 873 ks (4,81 %), Dacia \u2013 2 419 ks (4,05 %), Ford \u2013 2 144 ks (3,59 %), Mercedes Benz \u2013 1 934 ks (3,24 %), Renault \u2013 1 531 ks (2,57 %), BMW \u2013 1 503 ks (2,52 %), atd.<\/p>\n<p><img loading=\"lazy\" decoding=\"async\" class=\"alignnone size-medium wp-image-12182\" src=\"http:\/\/www.automakers.cz\/wp-content\/uploads\/2025\/04\/SDA-Saitz-rozhovor-900x506.jpg\" alt=\"\" width=\"900\" height=\"506\" srcset=\"https:\/\/www.automakers.cz\/wp-content\/uploads\/2025\/04\/SDA-Saitz-rozhovor-900x506.jpg 900w, https:\/\/www.automakers.cz\/wp-content\/uploads\/2025\/04\/SDA-Saitz-rozhovor-1024x576.jpg 1024w, https:\/\/www.automakers.cz\/wp-content\/uploads\/2025\/04\/SDA-Saitz-rozhovor-768x432.jpg 768w, https:\/\/www.automakers.cz\/wp-content\/uploads\/2025\/04\/SDA-Saitz-rozhovor-1536x864.jpg 1536w, https:\/\/www.automakers.cz\/wp-content\/uploads\/2025\/04\/SDA-Saitz-rozhovor-1280x720.jpg 1280w, https:\/\/www.automakers.cz\/wp-content\/uploads\/2025\/04\/SDA-Saitz-rozhovor.jpg 2040w\" sizes=\"auto, (max-width: 900px) 100vw, 900px\" \/><strong>Za Octavi\u00ed se \u0159ad\u00ed vozy SUV<\/strong><\/p>\n<p>Nejprod\u00e1van\u011bj\u0161\u00edmi osobn\u00edmi vozy jsou \u0160koda OCTAVIA s 4 877 ks (8,17 %), d\u00e1le \u0160koda KAMIQ \u2013 2 875 ks (4,82 %), \u0160koda KAROQ \u2013 2 821 ks (4,73 %), \u0160koda KODIAQ \u2013 2 796 ks (4,68 %), \u0160koda FABIA \u2013 2 627 ks (4,40 %), \u0160koda SCALA \u2013 2 245 ks (3,76 %), Hyundai i30 \u2013 1 965 ks (3,29 %), Hyundai TUCSON \u2013 1 700 ks (2,85 %), \u0160koda SUPERB 1 652 ks (2,77 %), Kia CEED \u2013 1 605 ks (2,69 %), atd.<\/p>\n<p>Z pohledu obchodn\u00edch t\u0159\u00edd jsou na prvn\u00edm m\u00edst\u011b SUV s 29 750 registrovan\u00fdmi osobn\u00edch automobil\u016f (49,84 %), na druh\u00e9m m\u00edst\u011b jsou vozy ni\u017e\u0161\u00ed st\u0159edn\u00ed t\u0159\u00eddy s 9 296 ks (15,57 %), n\u00e1sleduj\u00ed vozy st\u0159edn\u00ed t\u0159\u00eddy \u20136 194 ks (10,38 %), mal\u00e9 \u2013 5 471 ks (9,17 %), MPV \u2013 4 796 ks (8,04 %), vy\u0161\u0161\u00ed st\u0159edn\u00ed t\u0159\u00eddy \u2013 2 497 ks (4,18 %), mini \u2013 745 ks, sportovn\u00ed \u2013 458 ks, luxusn\u00ed \u2013 84 ks.<\/p>\n<p><img loading=\"lazy\" decoding=\"async\" class=\"alignnone size-medium wp-image-12179\" src=\"http:\/\/www.automakers.cz\/wp-content\/uploads\/2025\/04\/SDA-TK-analytik-900x506.jpg\" alt=\"\" width=\"900\" height=\"506\" srcset=\"https:\/\/www.automakers.cz\/wp-content\/uploads\/2025\/04\/SDA-TK-analytik-900x506.jpg 900w, https:\/\/www.automakers.cz\/wp-content\/uploads\/2025\/04\/SDA-TK-analytik-1024x576.jpg 1024w, https:\/\/www.automakers.cz\/wp-content\/uploads\/2025\/04\/SDA-TK-analytik-768x432.jpg 768w, https:\/\/www.automakers.cz\/wp-content\/uploads\/2025\/04\/SDA-TK-analytik-1536x864.jpg 1536w, https:\/\/www.automakers.cz\/wp-content\/uploads\/2025\/04\/SDA-TK-analytik-1280x720.jpg 1280w, https:\/\/www.automakers.cz\/wp-content\/uploads\/2025\/04\/SDA-TK-analytik.jpg 2040w\" sizes=\"auto, (max-width: 900px) 100vw, 900px\" \/><strong>Klesaj\u00edc\u00ed pod\u00edl nafty<\/strong><\/p>\n<p>Z hlediska paliva vede benz\u00edn s 67,00 % (39 990 ks), na druh\u00e9m m\u00edst\u011b je nafta s 21,71 % (12 960 ks), n\u00e1sleduje elektro \u2013 5,22 % (3 113 ks), benz\u00edn+elektro \u2013 2 086 ks, benz\u00edn+LPG \u2013 1 446 ks, nafta+elektro \u2013 89 ks.<\/p>\n<p>Po\u010det registrovan\u00fdch \u010dist\u011b elektrick\u00fdch OA narostl o 138,00 % (z 1 308 na 3 113 ks) \u2013 po\u0159ad\u00ed zna\u010dek: 1. \u0160koda, 2. Tesla, 3. VW, 4. Hyundai, 5. BMW, 6. Volvo, 7. Mercedes Benz, 8. Kia, 9. Dacia, 10. Ford.<\/p>\n<p>Registrace hybridn\u00edch voz\u016f meziro\u010dn\u011b vzrostly o 20,99 % (z 12 308 na 14 891 ks), z toho plug-in hybridy o 54,26 % (z 1 410 na 2 175 ks). Jejich pod\u00edl na celkov\u00fdch registrac\u00edch je 25 %, resp. 3,6 %. Pod\u00edl hybridn\u00edch automobil\u016f bez vn\u011bj\u0161\u00edho dob\u00edjen\u00ed (12 716 ks) vzrostl z 18,9 % na 21,3 %.<\/p>\n<p><strong>Erich Handl, TK SDA, Eden<\/strong><\/p>\n<p><img loading=\"lazy\" decoding=\"async\" class=\"alignnone size-medium wp-image-12168\" src=\"http:\/\/www.automakers.cz\/wp-content\/uploads\/2025\/04\/SDA-TK-duben-2025-900x506.jpg\" alt=\"\" width=\"900\" height=\"506\" srcset=\"https:\/\/www.automakers.cz\/wp-content\/uploads\/2025\/04\/SDA-TK-duben-2025-900x506.jpg 900w, https:\/\/www.automakers.cz\/wp-content\/uploads\/2025\/04\/SDA-TK-duben-2025-1024x576.jpg 1024w, https:\/\/www.automakers.cz\/wp-content\/uploads\/2025\/04\/SDA-TK-duben-2025-768x432.jpg 768w, https:\/\/www.automakers.cz\/wp-content\/uploads\/2025\/04\/SDA-TK-duben-2025-1536x864.jpg 1536w, https:\/\/www.automakers.cz\/wp-content\/uploads\/2025\/04\/SDA-TK-duben-2025-1280x720.jpg 1280w, https:\/\/www.automakers.cz\/wp-content\/uploads\/2025\/04\/SDA-TK-duben-2025.jpg 2040w\" sizes=\"auto, (max-width: 900px) 100vw, 900px\" \/><\/p>\n<p>&nbsp;<\/p>\n<p>&nbsp;<\/p>\n<p>&nbsp;<\/p>\n<p>&nbsp;<\/p>\n","protected":false},"excerpt":{"rendered":"<p>Tajemn\u00edk Svazu dovoz\u016f automobil\u016f svolal 4. dubna novin\u00e1\u0159e na kvart\u00e1ln\u00ed tiskovou konferenci do vr\u0161ovick\u00e9ho hotelu&#8230;<\/p>\n","protected":false},"author":1,"featured_media":12166,"comment_status":"closed","ping_status":"closed","sticky":false,"template":"","format":"standard","meta":{"footnotes":""},"categories":[11,10],"tags":[],"class_list":["post-12163","post","type-post","status-publish","format-standard","has-post-thumbnail","hentry","category-importeri","category-statistika"],"_links":{"self":[{"href":"https:\/\/www.automakers.cz\/index.php?rest_route=\/wp\/v2\/posts\/12163","targetHints":{"allow":["GET"]}}],"collection":[{"href":"https:\/\/www.automakers.cz\/index.php?rest_route=\/wp\/v2\/posts"}],"about":[{"href":"https:\/\/www.automakers.cz\/index.php?rest_route=\/wp\/v2\/types\/post"}],"author":[{"embeddable":true,"href":"https:\/\/www.automakers.cz\/index.php?rest_route=\/wp\/v2\/users\/1"}],"replies":[{"embeddable":true,"href":"https:\/\/www.automakers.cz\/index.php?rest_route=%2Fwp%2Fv2%2Fcomments&post=12163"}],"version-history":[{"count":13,"href":"https:\/\/www.automakers.cz\/index.php?rest_route=\/wp\/v2\/posts\/12163\/revisions"}],"predecessor-version":[{"id":12184,"href":"https:\/\/www.automakers.cz\/index.php?rest_route=\/wp\/v2\/posts\/12163\/revisions\/12184"}],"wp:featuredmedia":[{"embeddable":true,"href":"https:\/\/www.automakers.cz\/index.php?rest_route=\/wp\/v2\/media\/12166"}],"wp:attachment":[{"href":"https:\/\/www.automakers.cz\/index.php?rest_route=%2Fwp%2Fv2%2Fmedia&parent=12163"}],"wp:term":[{"taxonomy":"category","embeddable":true,"href":"https:\/\/www.automakers.cz\/index.php?rest_route=%2Fwp%2Fv2%2Fcategories&post=12163"},{"taxonomy":"post_tag","embeddable":true,"href":"https:\/\/www.automakers.cz\/index.php?rest_route=%2Fwp%2Fv2%2Ftags&post=12163"}],"curies":[{"name":"wp","href":"https:\/\/api.w.org\/{rel}","templated":true}]}}