{"id":12187,"date":"2025-04-06T19:55:53","date_gmt":"2025-04-06T19:55:53","guid":{"rendered":"https:\/\/www.automakers.cz\/?p=12187"},"modified":"2025-04-06T19:55:53","modified_gmt":"2025-04-06T19:55:53","slug":"volkswagen-fs-rozsiruje-pujcovnu-elektromobilu","status":"publish","type":"post","link":"https:\/\/www.automakers.cz\/?p=12187","title":{"rendered":"Volkswagen FS roz\u0161i\u0159uje p\u016fj\u010dovnu elektromobil\u016f"},"content":{"rendered":"<p><strong>Volkswagen Financial Services (VWFS) reaguje na velk\u00fd z\u00e1jem firem, podnikatel\u016f a \u017eivnostn\u00edk\u016f o slu\u017eby sv\u00e9 p\u016fj\u010dovny elektromobil\u016f a roz\u0161i\u0159uje jej\u00ed vozov\u00fd park. Nov\u011b si mohou z\u00e1jemci o elektromobilitu nez\u00e1vazn\u011b vyzkou\u0161et nejen pln\u011b elektrick\u00e9 modely zna\u010dek Volkswagen a \u0160koda, ale tak\u00e9 luxusn\u00ed elektromobily pr\u00e9miov\u00fdch zna\u010dek Audi a Porsche. <\/strong><!--more--><\/p>\n<p>\u201eV diskuz\u00edch o elektromobilit\u011b se neust\u00e1le objevuje \u0159ada m\u00fdt\u016f. My jsme v\u0161ak p\u0159esv\u011bd\u010deni o tom, \u017ee nejlep\u0161\u00edm zp\u016fsobem, jak se o mo\u017en\u00e9m p\u0159echodu na udr\u017eitelnou mobilitu s nulov\u00fdmi p\u0159\u00edm\u00fdmi emisemi kvalifikovan\u011b rozhodnout, je vlastn\u00ed d\u016fkladn\u00e1 zku\u0161enost,\u201c \u0159\u00edk\u00e1 Vratislav Stra\u0161il, jednatel spole\u010dnosti Volkswagen Financial Services, a dod\u00e1v\u00e1:<\/p>\n<p>\u201eProto v\u0161em \u017eivnostn\u00edk\u016fm, podnikatel\u016fm a firm\u00e1m nab\u00edz\u00edme slu\u017eby speci\u00e1ln\u00ed autop\u016fj\u010dovny, d\u00edky n\u00ed\u017e si mohou elektromobil nez\u00e1vazn\u011b vyzkou\u0161et ve sv\u00fdch specifick\u00fdch provozn\u00edch podm\u00ednk\u00e1ch po dobu a\u017e 30 dn\u016f. M\u00e1m velkou radost, \u017ee se tato nab\u00eddka setk\u00e1v\u00e1 se st\u00e1le v\u011bt\u0161\u00ed oblibou.\u201c<\/p>\n<p>P\u016fj\u010dovna elektromobil\u016f spole\u010dnosti Volkswagen Financial Services v\u00fdznamn\u011b roz\u0161i\u0159uje a obnovuje sv\u016fj vozov\u00fd park. Poprv\u00e9 se po boku elektromobil\u016f mainstreamov\u00fdch zna\u010dek \u0160koda a Volkswagen objevuj\u00ed tak\u00e9 presti\u017en\u00ed elektrick\u00e9 modely pr\u00e9miov\u00fdch zna\u010dek Audi a Porsche \u2013 Audi Q6 e-tron a Porsche Macan.<\/p>\n<p><img loading=\"lazy\" decoding=\"async\" class=\"alignnone size-medium wp-image-12190\" src=\"http:\/\/www.automakers.cz\/wp-content\/uploads\/2025\/04\/VWFS-pujcovna-Audi-900x600.jpg\" alt=\"\" width=\"900\" height=\"600\" srcset=\"https:\/\/www.automakers.cz\/wp-content\/uploads\/2025\/04\/VWFS-pujcovna-Audi-900x600.jpg 900w, https:\/\/www.automakers.cz\/wp-content\/uploads\/2025\/04\/VWFS-pujcovna-Audi-1024x683.jpg 1024w, https:\/\/www.automakers.cz\/wp-content\/uploads\/2025\/04\/VWFS-pujcovna-Audi-768x512.jpg 768w, https:\/\/www.automakers.cz\/wp-content\/uploads\/2025\/04\/VWFS-pujcovna-Audi.jpg 1200w\" sizes=\"auto, (max-width: 900px) 100vw, 900px\" \/>\u201eT\u00edmto krokem chceme pro elektromobilitu nadchnout i fanou\u0161ky luxusn\u00edch automobil\u016f,\u201c vysv\u011btluje Vratislav Stra\u0161il a pokra\u010duje: \u201eJi\u017e po prvn\u00edch t\u00fddnech vid\u00edme, \u017ee zejm\u00e9na o Porsche Macan je mezi na\u0161imi klienty enormn\u00ed z\u00e1jem.\u201c Cena za vyp\u016fj\u010den\u00ed model\u016f zna\u010dky Audi a Porsche je za 1500 K\u010d\/den v\u010detn\u011b poji\u0161t\u011bn\u00ed a dob\u00edjec\u00ed karty.<\/p>\n<p><strong>Ve flotile se objev\u00ed \u0160koda Elroq<\/strong><\/p>\n<p>Flotila p\u016fj\u010dovny elektromobil\u016f VWFS nab\u00eddne ji\u017e brzy dal\u0161\u00ed atraktivn\u00ed novinku. Krom\u011b aktu\u00e1ln\u00edch model\u016f Volkswagen ID.7 Tourer, ID. Buzz a \u0160koda Enyaq se od dubna mohou z\u00e1kazn\u00edci t\u011b\u0161it na zcela nov\u00fd Elroq, kde bude cena za vyp\u016fj\u010den\u00ed \u2013 stejn\u011b jako u ostatn\u00edch model\u016f mimo zm\u00edn\u011bn\u00e9 pr\u00e9miov\u00e9 &#8211; 700 K\u010d\/den v\u010detn\u011b poji\u0161t\u011bn\u00ed a dob\u00edjec\u00ed karty. Slu\u017eby p\u016fj\u010dovny mohou vyu\u017e\u00edt v\u0161ichni \u017eivnostn\u00edci, podnikatel\u00e9 a firmy bez ohledu na velikost vozov\u00e9ho parku. Doba v\u00fdp\u016fj\u010dky se m\u016f\u017ee pohybovat od 7 do 30 dn\u016f. Z\u00e1kazn\u00edci, mezi n\u011b\u017e pat\u0159\u00ed i provozovatel\u00e9 velk\u00fdch vozov\u00fdch park\u016f, jak\u00fdm je poji\u0161\u0165ovna Allianz, kter\u00e1 na z\u00e1klad\u011b z\u00edskan\u00fdch zku\u0161enost\u00ed z\u00a0p\u016fj\u010dovny VWFS za\u0159adila v\u00a0z\u00e1v\u011bru lo\u0148sk\u00e9ho roku do sv\u00e9ho vozov\u00e9ho parku flotilu 48 bezemisn\u00edch voz\u016f, si nej\u010dast\u011bji p\u016fj\u010duj\u00ed elektromobil na 14 dn\u016f nebo t\u00fdden.<\/p>\n<p>Klienti p\u016fj\u010dovny elektromobil\u016f VWFS tak maj\u00ed dostate\u010dn\u00fd prostor k\u00a0tomu, aby se mohli na vlastn\u00ed k\u016f\u017ei p\u0159esv\u011bd\u010dit o v\u00fdhod\u00e1ch elektromobility. Ty sahaj\u00ed od ni\u017e\u0161\u00edch provozn\u00edch n\u00e1klad\u016f a pohodln\u00e9ho nab\u00edjen\u00ed p\u0159es nulovou silni\u010dn\u00ed da\u0148 a bezplatn\u00e9 nebo zv\u00fdhodn\u011bn\u00e9 parkov\u00e1n\u00ed a\u017e po tich\u00fd provoz a \u0161etrnost k\u00a0p\u0159\u00edrod\u011b.<\/p>\n<p>V\u00a0pr\u016fb\u011bhu cel\u00e9 v\u00fdp\u016fj\u010dky i po vr\u00e1cen\u00ed vozu m\u00e1 z\u00e1kazn\u00edk p\u016fj\u010dovny elektromobil\u016f VWFS mo\u017enost vyu\u017e\u00edt odborn\u00e9 poradenstv\u00ed a z\u00edskat odpov\u011bdi na v\u0161echny ot\u00e1zky t\u00fdkaj\u00edc\u00ed se provozu elektromobil\u016f a jejich nab\u00edjen\u00ed. A pro samotn\u00e9 vykro\u010den\u00ed do sv\u011bta bezemisn\u00ed mobility m\u00e1 VWFS p\u0159ipraveno v\u00fdhodn\u00e9 financov\u00e1n\u00ed v\u010detn\u011b kompletn\u00edho poji\u0161t\u011bn\u00ed, pravideln\u00e9ho servisu a optim\u00e1ln\u00edho \u0159e\u0161en\u00ed pro nab\u00edjen\u00ed. VWFS\u00a0usnad\u0148uje udr\u017eitelnou mobilitu s\u00a0nulov\u00fdmi emisemi tak\u00e9 \u0159adou dopl\u0148kov\u00fdch slu\u017eeb, mezi n\u011b\u017e pat\u0159\u00ed i financov\u00e1n\u00ed dob\u00edjec\u00ed infrastruktury pro velk\u00e9 korpor\u00e1tn\u00ed klienty.<\/p>\n<p><strong>Zdroj: VWFS<\/strong><\/p>\n<figure id=\"attachment_323\" aria-describedby=\"caption-attachment-323\" style=\"width: 500px\" class=\"wp-caption alignnone\"><img loading=\"lazy\" decoding=\"async\" class=\"size-full wp-image-323\" src=\"http:\/\/www.automakers.cz\/wp-content\/uploads\/2023\/11\/Strasil-Vratislav-ridic-e1678266008285.png\" alt=\"\" width=\"500\" height=\"333\" \/><figcaption id=\"caption-attachment-323\" class=\"wp-caption-text\">Jednatel Volkswagen Financial Services Vratislav Stra\u0161il<\/figcaption><\/figure>\n","protected":false},"excerpt":{"rendered":"<p>Volkswagen Financial Services (VWFS) reaguje na velk\u00fd z\u00e1jem firem, podnikatel\u016f a \u017eivnostn\u00edk\u016f o slu\u017eby sv\u00e9&#8230;<\/p>\n","protected":false},"author":1,"featured_media":12189,"comment_status":"closed","ping_status":"closed","sticky":false,"template":"","format":"standard","meta":{"footnotes":""},"categories":[45,15,33],"tags":[],"class_list":["post-12187","post","type-post","status-publish","format-standard","has-post-thumbnail","hentry","category-finance","category-fleety","category-leasing"],"_links":{"self":[{"href":"https:\/\/www.automakers.cz\/index.php?rest_route=\/wp\/v2\/posts\/12187","targetHints":{"allow":["GET"]}}],"collection":[{"href":"https:\/\/www.automakers.cz\/index.php?rest_route=\/wp\/v2\/posts"}],"about":[{"href":"https:\/\/www.automakers.cz\/index.php?rest_route=\/wp\/v2\/types\/post"}],"author":[{"embeddable":true,"href":"https:\/\/www.automakers.cz\/index.php?rest_route=\/wp\/v2\/users\/1"}],"replies":[{"embeddable":true,"href":"https:\/\/www.automakers.cz\/index.php?rest_route=%2Fwp%2Fv2%2Fcomments&post=12187"}],"version-history":[{"count":2,"href":"https:\/\/www.automakers.cz\/index.php?rest_route=\/wp\/v2\/posts\/12187\/revisions"}],"predecessor-version":[{"id":12191,"href":"https:\/\/www.automakers.cz\/index.php?rest_route=\/wp\/v2\/posts\/12187\/revisions\/12191"}],"wp:featuredmedia":[{"embeddable":true,"href":"https:\/\/www.automakers.cz\/index.php?rest_route=\/wp\/v2\/media\/12189"}],"wp:attachment":[{"href":"https:\/\/www.automakers.cz\/index.php?rest_route=%2Fwp%2Fv2%2Fmedia&parent=12187"}],"wp:term":[{"taxonomy":"category","embeddable":true,"href":"https:\/\/www.automakers.cz\/index.php?rest_route=%2Fwp%2Fv2%2Fcategories&post=12187"},{"taxonomy":"post_tag","embeddable":true,"href":"https:\/\/www.automakers.cz\/index.php?rest_route=%2Fwp%2Fv2%2Ftags&post=12187"}],"curies":[{"name":"wp","href":"https:\/\/api.w.org\/{rel}","templated":true}]}}